{"id":9978,"date":"2024-12-09T17:49:54","date_gmt":"2024-12-09T20:49:54","guid":{"rendered":"https:\/\/cidadecult.com.br\/?p=9978"},"modified":"2024-12-09T17:49:56","modified_gmt":"2024-12-09T20:49:56","slug":"nise-da-silveira-a-revolucao-pelo-afeto","status":"publish","type":"post","link":"https:\/\/cidadecult.com.br\/?p=9978","title":{"rendered":"Nise da Silveira \u2013 A Revolu\u00e7\u00e3o Pelo Afeto"},"content":{"rendered":"\n<h3 class=\"wp-block-heading\"><\/h3>\n\n\n\n<p><strong>CCBB Bras\u00edlia celebra os 120 anos de Nise da Silveira com uma exposi\u00e7\u00e3o que une arte, sa\u00fade mental e o legado de afeto da cientista revolucion\u00e1ria.<\/strong><\/p>\n\n\n\n<p>De 17 de dezembro de 2024 a 23 de fevereiro de 2025, o Centro Cultural Banco do Brasil Bras\u00edlia (CCBB) apresenta <strong>Nise da Silveira \u2013 A Revolu\u00e7\u00e3o Pelo Afeto<\/strong>, uma mostra que homenageia a m\u00e9dica psiquiatra e cientista alagoana, conhecida por transformar o tratamento em sa\u00fade mental ao privilegiar o afeto e a arte como caminhos para acessar o inconsciente.<\/p>\n\n\n\n<p>A exposi\u00e7\u00e3o, instalada na Galeria 1 do CCBB, re\u00fane cerca de 200 obras de 38 artistas, entre clientes atendidos por Nise e grandes nomes da arte moderna e contempor\u00e2nea. Com curadoria do Est\u00fadio UM-BA-RA-K\u00c1 e consultoria do psiquiatra Vitor Pordeus e do muse\u00f3logo Eur\u00edpedes J\u00fanior, a mostra prop\u00f5e uma experi\u00eancia imersiva, dialogando entre hist\u00f3ria, arte e ci\u00eancia.<\/p>\n\n\n\n<hr class=\"wp-block-separator has-alpha-channel-opacity\"\/>\n\n\n\n<figure class=\"wp-block-image size-full\"><img loading=\"lazy\" decoding=\"async\" width=\"945\" height=\"632\" src=\"https:\/\/cidadecult.com.br\/wp-content\/uploads\/2024\/12\/Nise-e-Adelina-copiar.jpg\" alt=\"\" class=\"wp-image-9980\" srcset=\"https:\/\/cidadecult.com.br\/wp-content\/uploads\/2024\/12\/Nise-e-Adelina-copiar.jpg 945w, https:\/\/cidadecult.com.br\/wp-content\/uploads\/2024\/12\/Nise-e-Adelina-copiar-300x201.jpg 300w, https:\/\/cidadecult.com.br\/wp-content\/uploads\/2024\/12\/Nise-e-Adelina-copiar-768x514.jpg 768w, https:\/\/cidadecult.com.br\/wp-content\/uploads\/2024\/12\/Nise-e-Adelina-copiar-750x502.jpg 750w\" sizes=\"auto, (max-width: 945px) 100vw, 945px\" \/><figcaption class=\"wp-element-caption\">Screenshot<\/figcaption><\/figure>\n\n\n\n<h3 class=\"wp-block-heading\"><strong>Uma Revolu\u00e7\u00e3o pelo Afeto<\/strong><\/h3>\n\n\n\n<p>Nise da Silveira desafiou m\u00e9todos tradicionais e desumanos de tratamento em sa\u00fade mental, como lobotomia e eletrochoque, utilizando a arte como uma poderosa ferramenta terap\u00eautica. Seus clientes\u2014como preferia chamar os pacientes psiqui\u00e1tricos\u2014produziram obras que transcendem o campo da terapia, sendo reconhecidas mundialmente pela profundidade emocional e t\u00e9cnica.<\/p>\n\n\n\n<p>O m\u00e9todo revolucion\u00e1rio de Nise \u00e9 explorado em quatro n\u00facleos da exposi\u00e7\u00e3o:<\/p>\n\n\n\n<ul class=\"wp-block-list\">\n<li><strong>Contexto, dor &amp; afeto:<\/strong> apresenta o panorama hist\u00f3rico da psiquiatria, os tratamentos da \u00e9poca e a introdu\u00e7\u00e3o do afeto como metodologia.<\/li>\n\n\n\n<li><strong>Ser mulher, ser revolucion\u00e1ria:<\/strong> destaca a trajet\u00f3ria de Nise como mulher, m\u00e9dica e pioneira.<\/li>\n\n\n\n<li><strong>O Ateli\u00ea:<\/strong> recria o espa\u00e7o terap\u00eautico acolhedor que ela concebeu no Engenho de Dentro.<\/li>\n\n\n\n<li><strong>Engenho de Dentro: inconsciente e territ\u00f3rio:<\/strong> revela o ambiente de cria\u00e7\u00e3o das oficinas terap\u00eauticas e seus frutos art\u00edsticos.<\/li>\n<\/ul>\n\n\n\n<hr class=\"wp-block-separator has-alpha-channel-opacity\"\/>\n\n\n\n<figure class=\"wp-block-image size-large\"><img loading=\"lazy\" decoding=\"async\" width=\"665\" height=\"1024\" src=\"https:\/\/cidadecult.com.br\/wp-content\/uploads\/2024\/12\/Ficha-datiloscopica-do-DOPS-665x1024.jpg\" alt=\"\" class=\"wp-image-9981\" srcset=\"https:\/\/cidadecult.com.br\/wp-content\/uploads\/2024\/12\/Ficha-datiloscopica-do-DOPS-665x1024.jpg 665w, https:\/\/cidadecult.com.br\/wp-content\/uploads\/2024\/12\/Ficha-datiloscopica-do-DOPS-195x300.jpg 195w, https:\/\/cidadecult.com.br\/wp-content\/uploads\/2024\/12\/Ficha-datiloscopica-do-DOPS-768x1183.jpg 768w, https:\/\/cidadecult.com.br\/wp-content\/uploads\/2024\/12\/Ficha-datiloscopica-do-DOPS-997x1536.jpg 997w, https:\/\/cidadecult.com.br\/wp-content\/uploads\/2024\/12\/Ficha-datiloscopica-do-DOPS-750x1155.jpg 750w, https:\/\/cidadecult.com.br\/wp-content\/uploads\/2024\/12\/Ficha-datiloscopica-do-DOPS-1140x1756.jpg 1140w, https:\/\/cidadecult.com.br\/wp-content\/uploads\/2024\/12\/Ficha-datiloscopica-do-DOPS.jpg 1181w\" sizes=\"auto, (max-width: 665px) 100vw, 665px\" \/><\/figure>\n\n\n\n<h3 class=\"wp-block-heading\"><strong>Destaques da Exposi\u00e7\u00e3o<\/strong><\/h3>\n\n\n\n<p>Entre as obras expostas est\u00e3o trabalhos de <strong>Adelina Gomes<\/strong>, <strong>Carlos Pertuis<\/strong>, <strong>Raphael Domingues<\/strong>, al\u00e9m de nomes consagrados como <strong>Lygia Clark<\/strong>, <strong>Abraham Palatnik<\/strong> e <strong>Rafa Bqueer<\/strong>. Em um tributo especial, o artista Ygor Landarin apresenta uma instala\u00e7\u00e3o in\u00e9dita inspirada na obra de Adelina Gomes, explorando a simbologia da mulher-flor e a resili\u00eancia transformada em arte.<\/p>\n\n\n\n<hr class=\"wp-block-separator has-alpha-channel-opacity\"\/>\n\n\n\n<h3 class=\"wp-block-heading\"><strong>Nise: Biografia de uma Hero\u00edna<\/strong><\/h3>\n\n\n\n<p>Natural de Macei\u00f3 (AL), Nise foi a \u00fanica mulher entre os 157 formandos de sua turma de medicina em 1926. Presa durante o Estado Novo por suas ideias pol\u00edticas, ela cruzou caminhos com personalidades como Olga Ben\u00e1rio e Graciliano Ramos. Em 1944, iniciou sua trajet\u00f3ria no Centro Psiqui\u00e1trico Pedro II, onde revolucionou a psiquiatria. Em 1952, fundou o <strong>Museu de Imagens do Inconsciente<\/strong>, hoje refer\u00eancia internacional.<\/p>\n\n\n\n<p>Reconhecida em vida por seu trabalho pioneiro, Nise recebeu pr\u00eamios como a Ordem de Rio Branco e o Pr\u00eamio Ciccillo Matarazzo. Em 2022, foi declarada Hero\u00edna da P\u00e1tria pelo Governo Federal.<\/p>\n\n\n\n<hr class=\"wp-block-separator has-alpha-channel-opacity\"\/>\n\n\n\n<h3 class=\"wp-block-heading\"><strong>Servi\u00e7o<\/strong><\/h3>\n\n\n\n<ul class=\"wp-block-list\">\n<li><strong>Local:<\/strong> Centro Cultural Banco do Brasil Bras\u00edlia \u2013 SCES Trecho 02 Lote 22<\/li>\n\n\n\n<li><strong>Per\u00edodo:<\/strong> 17 de dezembro de 2024 a 23 de fevereiro de 2025<\/li>\n\n\n\n<li><strong>Hor\u00e1rio:<\/strong> ter\u00e7a a domingo, das 9h \u00e0s 21h (entrada no espa\u00e7o at\u00e9 20h40)<\/li>\n\n\n\n<li><strong>Entrada:<\/strong> gratuita (retirada de ingressos no site ou na bilheteria)<\/li>\n\n\n\n<li><strong>Informa\u00e7\u00f5es:<\/strong> (61) 3108-7600 | <strong>Instagram:<\/strong> @ccbbbrasilia<\/li>\n<\/ul>\n\n\n\n<p>Patroc\u00ednio: Banco do Brasil e RD Sa\u00fade, via Lei Rouanet<br>Realiza\u00e7\u00e3o: Minist\u00e9rio da Cultura e Governo Federal<\/p>\n","protected":false},"excerpt":{"rendered":"<p>\ud83c\udfa8\u2728 **Nise da Silveira \u2013 A Revolu\u00e7\u00e3o Pelo Afeto** \u2728\ud83c\udfa8  <\/p>\n<p>De 17 de dezembro de 2024 a 23 de fevereiro de 2025, o **CCBB Bras\u00edlia** recebe uma exposi\u00e7\u00e3o imperd\u00edvel que celebra os 120 anos de Nise da Silveira, a psiquiatra que revolucionou a sa\u00fade mental com afeto e arte! \ud83d\udd8c\ufe0f\ud83d\udcad  <\/p>\n<p>Com mais de **200 obras** de artistas como Adelina Gomes e Carlos Pertuis, al\u00e9m de nomes como Lygia Clark e Rafa Bqueer, a mostra mergulha no legado de Nise e nos convida a ressignificar a loucura.  <\/p>\n<p>\ud83d\udccd **Onde?** CCBB Bras\u00edlia<br \/>\n\ud83d\uddd3\ufe0f **Quando?** 17\/12\/2024 a 23\/02\/2025<br \/>\n\ud83c\udf9f\ufe0f **Entrada gratuita** (retire seu ingresso no site ou na bilheteria)  <\/p>\n<p>**Transforme seu olhar sobre a arte e a sa\u00fade mental!**  <\/p>\n<p>#CCBBBras\u00edlia #NiseDaSilveira #ArtePeloAfeto #CulturaBrasileira #Exposi\u00e7\u00e3o #Sa\u00fadeMental #LeiRouanet<\/p>\n","protected":false},"author":5674,"featured_media":9979,"comment_status":"open","ping_status":"open","sticky":false,"template":"","format":"standard","meta":{"_monsterinsights_skip_tracking":false,"_monsterinsights_sitenote_active":false,"_monsterinsights_sitenote_note":"","_monsterinsights_sitenote_category":0,"footnotes":""},"categories":[281],"tags":[],"class_list":["post-9978","post","type-post","status-publish","format-standard","has-post-thumbnail","hentry","category-exposicao"],"_links":{"self":[{"href":"https:\/\/cidadecult.com.br\/index.php?rest_route=\/wp\/v2\/posts\/9978","targetHints":{"allow":["GET"]}}],"collection":[{"href":"https:\/\/cidadecult.com.br\/index.php?rest_route=\/wp\/v2\/posts"}],"about":[{"href":"https:\/\/cidadecult.com.br\/index.php?rest_route=\/wp\/v2\/types\/post"}],"author":[{"embeddable":true,"href":"https:\/\/cidadecult.com.br\/index.php?rest_route=\/wp\/v2\/users\/5674"}],"replies":[{"embeddable":true,"href":"https:\/\/cidadecult.com.br\/index.php?rest_route=%2Fwp%2Fv2%2Fcomments&post=9978"}],"version-history":[{"count":1,"href":"https:\/\/cidadecult.com.br\/index.php?rest_route=\/wp\/v2\/posts\/9978\/revisions"}],"predecessor-version":[{"id":9982,"href":"https:\/\/cidadecult.com.br\/index.php?rest_route=\/wp\/v2\/posts\/9978\/revisions\/9982"}],"wp:featuredmedia":[{"embeddable":true,"href":"https:\/\/cidadecult.com.br\/index.php?rest_route=\/wp\/v2\/media\/9979"}],"wp:attachment":[{"href":"https:\/\/cidadecult.com.br\/index.php?rest_route=%2Fwp%2Fv2%2Fmedia&parent=9978"}],"wp:term":[{"taxonomy":"category","embeddable":true,"href":"https:\/\/cidadecult.com.br\/index.php?rest_route=%2Fwp%2Fv2%2Fcategories&post=9978"},{"taxonomy":"post_tag","embeddable":true,"href":"https:\/\/cidadecult.com.br\/index.php?rest_route=%2Fwp%2Fv2%2Ftags&post=9978"}],"curies":[{"name":"wp","href":"https:\/\/api.w.org\/{rel}","templated":true}]}}