{"id":9933,"date":"2024-12-06T11:31:04","date_gmt":"2024-12-06T14:31:04","guid":{"rendered":"https:\/\/cidadecult.com.br\/?p=9933"},"modified":"2024-12-06T11:31:36","modified_gmt":"2024-12-06T14:31:36","slug":"espetaculo-plural-celebra-a-diversidade-de-ritmos-com-estudantes-da-undf","status":"publish","type":"post","link":"https:\/\/cidadecult.com.br\/?p=9933","title":{"rendered":"Espet\u00e1culo &#8220;Plural&#8221; celebra a diversidade de ritmos com estudantes da UnDF!"},"content":{"rendered":"\n<p><em>Arte\/divulga\u00e7\u00e3o<\/em><\/p>\n\n\n\n<p><strong>A turma pioneira do curso superior de tecnologia em dan\u00e7a da Universidade do Distrito Federal (UnDF) apresenta, amanh\u00e3 (7), o espet\u00e1culo &#8220;Plural&#8221;, uma celebra\u00e7\u00e3o da diversidade e da fus\u00e3o de ritmos e estilos. O evento ser\u00e1 realizado \u00e0s 19h, na Sala 3 do Centro de Dan\u00e7a do DF, e a entrada \u00e9 gratuita.<\/strong><\/p>\n\n\n\n<p><strong>Sob a orienta\u00e7\u00e3o do professor Edson Beserra, o espet\u00e1culo re\u00fane diferentes linguagens da dan\u00e7a, como bal\u00e9 cl\u00e1ssico, brega funk, quadrilha junina, ragga, street jazz e street dance. Com uma sele\u00e7\u00e3o musical ecl\u00e9tica que transita por diversos g\u00eaneros, a montagem reflete a experi\u00eancia \u00fanica dos alunos do curso, que aprenderam a integrar suas diferen\u00e7as e a construir novas conflu\u00eancias art\u00edsticas no processo de aprendizagem.<\/strong><\/p>\n\n\n\n<p><strong>A apresenta\u00e7\u00e3o \u00e9 parte da unidade curricular HPDan\u00e7a I e marca o fechamento do primeiro semestre da gradua\u00e7\u00e3o, que foi inaugurada em 2024<\/strong>. O curso, com<strong> dura\u00e7\u00e3o de tr\u00eas anos<\/strong>, busca formar <strong>profissionais capazes de transformar o cen\u00e1rio da dan\u00e7a no Distrito Federal.<\/strong><\/p>\n\n\n\n<p><strong>Servi\u00e7o:<\/strong><\/p>\n\n\n\n<ul class=\"wp-block-list\">\n<li><strong>Espet\u00e1culo:<\/strong> Plural<\/li>\n\n\n\n<li><strong>Data:<\/strong> Amanh\u00e3, 7 de dezembro<\/li>\n\n\n\n<li><strong>Hor\u00e1rio:<\/strong> 19h<\/li>\n\n\n\n<li><strong>Local:<\/strong> Sala 3 do Centro de Dan\u00e7a do DF (Quadra 1, Setor de Autarquias Norte, pr\u00f3ximo \u00e0 via L2 Norte)<\/li>\n\n\n\n<li><strong>Entrada:<\/strong> Gratuita, com retirada de ingressos <a href=\"#\">aqui<\/a>.<\/li>\n<\/ul>\n\n\n\n<p>N\u00e3o perca a chance de prestigiar uma produ\u00e7\u00e3o inovadora e cheia de energia, fruto do talento e da dedica\u00e7\u00e3o dos futuros profissionais da dan\u00e7a!. <\/p>\n","protected":false},"excerpt":{"rendered":"<p>Arte\/divulga\u00e7\u00e3o A turma pioneira do curso superior de tecnologia em dan\u00e7a da Universidade do Distrito Federal (UnDF) apresenta, amanh\u00e3 (7), o espet\u00e1culo &#8220;Plural&#8221;, uma celebra\u00e7\u00e3o da diversidade e da fus\u00e3o de ritmos e estilos. O evento ser\u00e1 realizado \u00e0s 19h, na Sala 3 do Centro de Dan\u00e7a do DF, e a entrada \u00e9 gratuita. Sob [&hellip;]<\/p>\n","protected":false},"author":1441,"featured_media":9934,"comment_status":"open","ping_status":"open","sticky":false,"template":"","format":"standard","meta":{"_monsterinsights_skip_tracking":false,"_monsterinsights_sitenote_active":false,"_monsterinsights_sitenote_note":"","_monsterinsights_sitenote_category":0,"footnotes":""},"categories":[41,2569,17],"tags":[1067,3882,3886,3883],"class_list":["post-9933","post","type-post","status-publish","format-standard","has-post-thumbnail","hentry","category-agenda","category-arte","category-bsb","tag-amanha","tag-amanha7dedezembro","tag-diversidadeculturaeritmos","tag-estudantesdaundf"],"_links":{"self":[{"href":"https:\/\/cidadecult.com.br\/index.php?rest_route=\/wp\/v2\/posts\/9933","targetHints":{"allow":["GET"]}}],"collection":[{"href":"https:\/\/cidadecult.com.br\/index.php?rest_route=\/wp\/v2\/posts"}],"about":[{"href":"https:\/\/cidadecult.com.br\/index.php?rest_route=\/wp\/v2\/types\/post"}],"author":[{"embeddable":true,"href":"https:\/\/cidadecult.com.br\/index.php?rest_route=\/wp\/v2\/users\/1441"}],"replies":[{"embeddable":true,"href":"https:\/\/cidadecult.com.br\/index.php?rest_route=%2Fwp%2Fv2%2Fcomments&post=9933"}],"version-history":[{"count":1,"href":"https:\/\/cidadecult.com.br\/index.php?rest_route=\/wp\/v2\/posts\/9933\/revisions"}],"predecessor-version":[{"id":9935,"href":"https:\/\/cidadecult.com.br\/index.php?rest_route=\/wp\/v2\/posts\/9933\/revisions\/9935"}],"wp:featuredmedia":[{"embeddable":true,"href":"https:\/\/cidadecult.com.br\/index.php?rest_route=\/wp\/v2\/media\/9934"}],"wp:attachment":[{"href":"https:\/\/cidadecult.com.br\/index.php?rest_route=%2Fwp%2Fv2%2Fmedia&parent=9933"}],"wp:term":[{"taxonomy":"category","embeddable":true,"href":"https:\/\/cidadecult.com.br\/index.php?rest_route=%2Fwp%2Fv2%2Fcategories&post=9933"},{"taxonomy":"post_tag","embeddable":true,"href":"https:\/\/cidadecult.com.br\/index.php?rest_route=%2Fwp%2Fv2%2Ftags&post=9933"}],"curies":[{"name":"wp","href":"https:\/\/api.w.org\/{rel}","templated":true}]}}