{"id":9851,"date":"2024-12-04T22:29:06","date_gmt":"2024-12-05T01:29:06","guid":{"rendered":"https:\/\/cidadecult.com.br\/?p=9851"},"modified":"2024-12-04T22:33:50","modified_gmt":"2024-12-05T01:33:50","slug":"gilmar-mendes-recebe-titulo-de-cidadao-honorario-de-brasilia","status":"publish","type":"post","link":"https:\/\/cidadecult.com.br\/?p=9851","title":{"rendered":"Gilmar Mendes recebe T\u00edtulo de Cidad\u00e3o Honor\u00e1rio de Bras\u00edlia"},"content":{"rendered":"\n<h3 class=\"wp-block-heading\"><\/h3>\n\n\n\n<p>Em uma cerim\u00f4nia que reuniu autoridades dos tr\u00eas poderes no plen\u00e1rio da C\u00e2mara Legislativa do Distrito Federal (CLDF), o ministro do Supremo Tribunal Federal (STF) Gilmar Mendes foi agraciado, nesta segunda-feira (2), com o T\u00edtulo de Cidad\u00e3o Honor\u00e1rio de Bras\u00edlia. A homenagem foi proposta pelo deputado Ricardo Vale (PT), que exaltou o jurista como uma figura fundamental para a prote\u00e7\u00e3o e revitaliza\u00e7\u00e3o da democracia brasileira.<\/p>\n\n\n\n<figure class=\"wp-block-gallery has-nested-images columns-default is-cropped wp-block-gallery-1 is-layout-flex wp-block-gallery-is-layout-flex\">\n<figure class=\"wp-block-image size-large\"><img loading=\"lazy\" decoding=\"async\" width=\"640\" height=\"426\" data-id=\"9862\" src=\"https:\/\/cidadecult.com.br\/wp-content\/uploads\/2024\/12\/54178192797_0b7bfa7d1f_z.jpg\" alt=\"\" class=\"wp-image-9862\" srcset=\"https:\/\/cidadecult.com.br\/wp-content\/uploads\/2024\/12\/54178192797_0b7bfa7d1f_z.jpg 640w, https:\/\/cidadecult.com.br\/wp-content\/uploads\/2024\/12\/54178192797_0b7bfa7d1f_z-300x200.jpg 300w\" sizes=\"auto, (max-width: 640px) 100vw, 640px\" \/><\/figure>\n\n\n\n<figure class=\"wp-block-image size-large\"><img loading=\"lazy\" decoding=\"async\" width=\"1024\" height=\"683\" data-id=\"9864\" src=\"https:\/\/cidadecult.com.br\/wp-content\/uploads\/2024\/12\/gilmar-mendes-1-1024x683.jpg\" alt=\"\" class=\"wp-image-9864\" srcset=\"https:\/\/cidadecult.com.br\/wp-content\/uploads\/2024\/12\/gilmar-mendes-1-1024x683.jpg 1024w, https:\/\/cidadecult.com.br\/wp-content\/uploads\/2024\/12\/gilmar-mendes-1-300x200.jpg 300w, https:\/\/cidadecult.com.br\/wp-content\/uploads\/2024\/12\/gilmar-mendes-1-768x512.jpg 768w, https:\/\/cidadecult.com.br\/wp-content\/uploads\/2024\/12\/gilmar-mendes-1-750x500.jpg 750w, https:\/\/cidadecult.com.br\/wp-content\/uploads\/2024\/12\/gilmar-mendes-1-1140x760.jpg 1140w, https:\/\/cidadecult.com.br\/wp-content\/uploads\/2024\/12\/gilmar-mendes-1.jpg 1200w\" sizes=\"auto, (max-width: 1024px) 100vw, 1024px\" \/><figcaption class=\"wp-element-caption\">Outorga de T\u00edtulo de Cidad\u00e3o Honor\u00e1rio de Bras\u00edlia ao Ministro do Supremo Tribunal Federal Gilmar Ferreira Mendes.\n\nCr\u00e9dito: Vin\u00edcius Vicente\/Ag\u00eancia CLDF<\/figcaption><\/figure>\n\n\n\n<figure class=\"wp-block-image size-large\"><img loading=\"lazy\" decoding=\"async\" width=\"640\" height=\"426\" data-id=\"9859\" src=\"https:\/\/cidadecult.com.br\/wp-content\/uploads\/2024\/12\/54179079126_5555b2f7d0_z.jpg\" alt=\"\" class=\"wp-image-9859\" srcset=\"https:\/\/cidadecult.com.br\/wp-content\/uploads\/2024\/12\/54179079126_5555b2f7d0_z.jpg 640w, https:\/\/cidadecult.com.br\/wp-content\/uploads\/2024\/12\/54179079126_5555b2f7d0_z-300x200.jpg 300w\" sizes=\"auto, (max-width: 640px) 100vw, 640px\" \/><\/figure>\n\n\n\n<figure class=\"wp-block-image size-large\"><img loading=\"lazy\" decoding=\"async\" width=\"640\" height=\"426\" data-id=\"9857\" src=\"https:\/\/cidadecult.com.br\/wp-content\/uploads\/2024\/12\/54181889035_6ba1534a6a_z.jpg\" alt=\"\" class=\"wp-image-9857\" srcset=\"https:\/\/cidadecult.com.br\/wp-content\/uploads\/2024\/12\/54181889035_6ba1534a6a_z.jpg 640w, https:\/\/cidadecult.com.br\/wp-content\/uploads\/2024\/12\/54181889035_6ba1534a6a_z-300x200.jpg 300w\" sizes=\"auto, (max-width: 640px) 100vw, 640px\" \/><\/figure>\n\n\n\n<figure class=\"wp-block-image size-large\"><img loading=\"lazy\" decoding=\"async\" width=\"640\" height=\"426\" data-id=\"9858\" src=\"https:\/\/cidadecult.com.br\/wp-content\/uploads\/2024\/12\/54181888900_d1f9e51dee_z.jpg\" alt=\"\" class=\"wp-image-9858\" srcset=\"https:\/\/cidadecult.com.br\/wp-content\/uploads\/2024\/12\/54181888900_d1f9e51dee_z.jpg 640w, https:\/\/cidadecult.com.br\/wp-content\/uploads\/2024\/12\/54181888900_d1f9e51dee_z-300x200.jpg 300w\" sizes=\"auto, (max-width: 640px) 100vw, 640px\" \/><\/figure>\n\n\n\n<figure class=\"wp-block-image size-large\"><img loading=\"lazy\" decoding=\"async\" width=\"640\" height=\"426\" data-id=\"9853\" src=\"https:\/\/cidadecult.com.br\/wp-content\/uploads\/2024\/12\/54179352013_3bf7000c0c_z.jpg\" alt=\"\" class=\"wp-image-9853\" srcset=\"https:\/\/cidadecult.com.br\/wp-content\/uploads\/2024\/12\/54179352013_3bf7000c0c_z.jpg 640w, https:\/\/cidadecult.com.br\/wp-content\/uploads\/2024\/12\/54179352013_3bf7000c0c_z-300x200.jpg 300w\" sizes=\"auto, (max-width: 640px) 100vw, 640px\" \/><\/figure>\n\n\n\n<figure class=\"wp-block-image size-large\"><img loading=\"lazy\" decoding=\"async\" width=\"640\" height=\"426\" data-id=\"9854\" src=\"https:\/\/cidadecult.com.br\/wp-content\/uploads\/2024\/12\/54181452121_c9e97f2b19_z.jpg\" alt=\"\" class=\"wp-image-9854\" srcset=\"https:\/\/cidadecult.com.br\/wp-content\/uploads\/2024\/12\/54181452121_c9e97f2b19_z.jpg 640w, https:\/\/cidadecult.com.br\/wp-content\/uploads\/2024\/12\/54181452121_c9e97f2b19_z-300x200.jpg 300w\" sizes=\"auto, (max-width: 640px) 100vw, 640px\" \/><\/figure>\n\n\n\n<figure class=\"wp-block-image size-large\"><img loading=\"lazy\" decoding=\"async\" width=\"640\" height=\"426\" data-id=\"9855\" src=\"https:\/\/cidadecult.com.br\/wp-content\/uploads\/2024\/12\/54181723903_f89eff9f9c_z.jpg\" alt=\"\" class=\"wp-image-9855\" srcset=\"https:\/\/cidadecult.com.br\/wp-content\/uploads\/2024\/12\/54181723903_f89eff9f9c_z.jpg 640w, https:\/\/cidadecult.com.br\/wp-content\/uploads\/2024\/12\/54181723903_f89eff9f9c_z-300x200.jpg 300w\" sizes=\"auto, (max-width: 640px) 100vw, 640px\" \/><\/figure>\n\n\n\n<figure class=\"wp-block-image size-large\"><img loading=\"lazy\" decoding=\"async\" width=\"640\" height=\"426\" data-id=\"9860\" src=\"https:\/\/cidadecult.com.br\/wp-content\/uploads\/2024\/12\/54181740704_bf1c5dc952_z.jpg\" alt=\"\" class=\"wp-image-9860\" srcset=\"https:\/\/cidadecult.com.br\/wp-content\/uploads\/2024\/12\/54181740704_bf1c5dc952_z.jpg 640w, https:\/\/cidadecult.com.br\/wp-content\/uploads\/2024\/12\/54181740704_bf1c5dc952_z-300x200.jpg 300w\" sizes=\"auto, (max-width: 640px) 100vw, 640px\" \/><\/figure>\n\n\n\n<figure class=\"wp-block-image size-large\"><img loading=\"lazy\" decoding=\"async\" width=\"640\" height=\"426\" data-id=\"9861\" src=\"https:\/\/cidadecult.com.br\/wp-content\/uploads\/2024\/12\/54181740909_7bbb61a606_z.jpg\" alt=\"\" class=\"wp-image-9861\" srcset=\"https:\/\/cidadecult.com.br\/wp-content\/uploads\/2024\/12\/54181740909_7bbb61a606_z.jpg 640w, https:\/\/cidadecult.com.br\/wp-content\/uploads\/2024\/12\/54181740909_7bbb61a606_z-300x200.jpg 300w\" sizes=\"auto, (max-width: 640px) 100vw, 640px\" \/><\/figure>\n\n\n\n<figure class=\"wp-block-image size-large\"><img loading=\"lazy\" decoding=\"async\" width=\"640\" height=\"426\" data-id=\"9863\" src=\"https:\/\/cidadecult.com.br\/wp-content\/uploads\/2024\/12\/54181740919_f93434f448_z.jpg\" alt=\"\" class=\"wp-image-9863\" srcset=\"https:\/\/cidadecult.com.br\/wp-content\/uploads\/2024\/12\/54181740919_f93434f448_z.jpg 640w, https:\/\/cidadecult.com.br\/wp-content\/uploads\/2024\/12\/54181740919_f93434f448_z-300x200.jpg 300w\" sizes=\"auto, (max-width: 640px) 100vw, 640px\" \/><\/figure>\n\n\n\n<figure class=\"wp-block-image size-large\"><img loading=\"lazy\" decoding=\"async\" width=\"640\" height=\"426\" data-id=\"9856\" src=\"https:\/\/cidadecult.com.br\/wp-content\/uploads\/2024\/12\/54181740979_7a0d44549f_z.jpg\" alt=\"\" class=\"wp-image-9856\" srcset=\"https:\/\/cidadecult.com.br\/wp-content\/uploads\/2024\/12\/54181740979_7a0d44549f_z.jpg 640w, https:\/\/cidadecult.com.br\/wp-content\/uploads\/2024\/12\/54181740979_7a0d44549f_z-300x200.jpg 300w\" sizes=\"auto, (max-width: 640px) 100vw, 640px\" \/><\/figure>\n<\/figure>\n\n\n\n<p>Segundo Vale, Gilmar Mendes cumpre todos os crit\u00e9rios para a honraria, incluindo idoneidade moral, reputa\u00e7\u00e3o ilibada e reconhecimento p\u00fablico. O deputado destacou a trajet\u00f3ria \u201cenciclop\u00e9dica\u201d do ministro, caracterizada por sua atua\u00e7\u00e3o firme e intelectual, pautada por s\u00f3lida forma\u00e7\u00e3o acad\u00eamica. Ele tamb\u00e9m relembrou o papel do magistrado na cr\u00edtica \u00e0s a\u00e7\u00f5es da Opera\u00e7\u00e3o Lava Jato, apontando-o como um dos primeiros a denunciar a aus\u00eancia de um julgamento justo no caso do presidente Lula.<\/p>\n\n\n\n<p>O presidente da CLDF, deputado Wellington Luiz (MDB), ressaltou a gratid\u00e3o dos policiais civis do DF pela atua\u00e7\u00e3o de Gilmar Mendes enquanto Advogado-Geral da Uni\u00e3o, quando emitiu parecer favor\u00e1vel \u00e0 concess\u00e3o de gratifica\u00e7\u00f5es para opera\u00e7\u00f5es especiais. Para Luiz, essa a\u00e7\u00e3o resultou em melhorias significativas para a corpora\u00e7\u00e3o.<\/p>\n\n\n\n<p>J\u00e1 o governador do DF, Ibaneis Rocha (MDB), elogiou a intelig\u00eancia e a coragem de Mendes, ressaltando sua liga\u00e7\u00e3o hist\u00f3rica com Bras\u00edlia desde os tempos em que cursava Direito na Universidade de Bras\u00edlia (UnB), nos anos 1970. Ibaneis destacou a relev\u00e2ncia de sua atua\u00e7\u00e3o para a democracia e para o fortalecimento do Judici\u00e1rio.<\/p>\n\n\n\n<p>Francisco Schertel Mendes, filho do homenageado, celebrou as qualidades pessoais do pai, incluindo seu car\u00e1ter acolhedor e dedica\u00e7\u00e3o \u00e0 fam\u00edlia, caracter\u00edsticas que complementam sua destacada trajet\u00f3ria p\u00fablica.<\/p>\n\n\n\n<h3 class=\"wp-block-heading\">Reconhecimento em Momentos Cruciais<\/h3>\n\n\n\n<p>Durante a cerim\u00f4nia, foram relembrados eventos emblem\u00e1ticos da hist\u00f3ria recente do Brasil, como o impeachment de 2016, a Opera\u00e7\u00e3o Lava Jato e os ataques \u00e0s sedes dos tr\u00eas poderes em 8 de janeiro de 2023, nos quais Gilmar Mendes teve um papel relevante. Autoridades presentes, como o procurador-geral da Rep\u00fablica Paulo Gonet e o procurador-geral do Minist\u00e9rio P\u00fablico do DF e Territ\u00f3rios Georges Carlos Seigneur, reconheceram unanimemente o m\u00e9rito da homenagem.<\/p>\n\n\n\n<p>Gilmar Mendes tamb\u00e9m destacou momentos marcantes de sua trajet\u00f3ria, como sua participa\u00e7\u00e3o na consolida\u00e7\u00e3o do Plano Real em 1994 e seu papel na crise do apag\u00e3o el\u00e9trico no governo FHC, ambos enquanto Advogado-Geral da Uni\u00e3o. Al\u00e9m disso, relembrou experi\u00eancias pessoais, como a invas\u00e3o militar \u00e0 UnB durante a ditadura e seus estudos na Alemanha, que o levaram ao t\u00edtulo de doutor pela Universidade de M\u00fcnster.<\/p>\n\n\n\n<figure class=\"wp-block-image size-full\"><img loading=\"lazy\" decoding=\"async\" width=\"640\" height=\"426\" src=\"https:\/\/cidadecult.com.br\/wp-content\/uploads\/2024\/12\/54181452006_9fc08f6cb3_z.jpg\" alt=\"\" class=\"wp-image-9867\" srcset=\"https:\/\/cidadecult.com.br\/wp-content\/uploads\/2024\/12\/54181452006_9fc08f6cb3_z.jpg 640w, https:\/\/cidadecult.com.br\/wp-content\/uploads\/2024\/12\/54181452006_9fc08f6cb3_z-300x200.jpg 300w\" sizes=\"auto, (max-width: 640px) 100vw, 640px\" \/><\/figure>\n\n\n\n<h3 class=\"wp-block-heading\">Palavras de Gratid\u00e3o<\/h3>\n\n\n\n<p>Em seu discurso, Gilmar Mendes agradeceu \u00e0 CLDF e \u00e0s autoridades presentes, afirmando sua profunda admira\u00e7\u00e3o por Bras\u00edlia, cidade que ele adotou como lar. \u201cHoje tive um dia de grande conforto da alma. Estou emocionado de receber esse t\u00edtulo. Sou candango por ado\u00e7\u00e3o\u201d, declarou.<\/p>\n\n\n\n<p>A solenidade, transmitida pela TV C\u00e2mara Distrital e pelo YouTube, reafirmou o papel do ministro como uma das figuras mais influentes do Direito brasileiro, cuja trajet\u00f3ria reflete compromisso com a democracia e a justi\u00e7a.<\/p>\n\n\n\n<h3 class=\"wp-block-heading\">Hist\u00f3rico de Gilmar Mendes<\/h3>\n\n\n\n<p>Nascido em 30 de dezembro de 1955, em Diamantino (MT), Gilmar Mendes formou-se em Direito pela UnB em 1978 e especializou-se na Alemanha, onde obteve t\u00edtulos de mestrado e doutorado. Sua carreira no servi\u00e7o p\u00fablico come\u00e7ou em 1985 como procurador da Rep\u00fablica, e ele ocupou diversos cargos de relev\u00e2ncia antes de ser nomeado ministro do STF em 2002 pelo presidente Fernando Henrique Cardoso.<\/p>\n\n\n\n<p>Al\u00e9m de sua atua\u00e7\u00e3o no Judici\u00e1rio, Mendes \u00e9 cofundador do Instituto Brasiliense de Direito P\u00fablico (IDP) e autor de importantes obras jur\u00eddicas, tendo recebido pr\u00eamios como o Jabuti. Seu legado \u00e9 uma refer\u00eancia no Direito brasileiro, refor\u00e7ado pela homenagem recebida na capital que tanto marcou sua vida pessoal e profissional.<br><br>Fonte: CLDF ||| <em>Cr\u00e9dito imagens: Ag\u00eancia CLDF<\/em><\/p>\n","protected":false},"excerpt":{"rendered":"<p>Em uma cerim\u00f4nia que reuniu autoridades dos tr\u00eas poderes no plen\u00e1rio da C\u00e2mara Legislativa do Distrito Federal (CLDF), o ministro do Supremo Tribunal Federal (STF) Gilmar Mendes foi agraciado, nesta segunda-feira (2), com o T\u00edtulo de Cidad\u00e3o Honor\u00e1rio de Bras\u00edlia. A homenagem foi proposta pelo deputado Ricardo Vale (PT), que exaltou o jurista como uma [&hellip;]<\/p>\n","protected":false},"author":5674,"featured_media":9865,"comment_status":"open","ping_status":"open","sticky":false,"template":"","format":"standard","meta":{"_monsterinsights_skip_tracking":false,"_monsterinsights_sitenote_active":false,"_monsterinsights_sitenote_note":"","_monsterinsights_sitenote_category":0,"footnotes":""},"categories":[54],"tags":[304,3836,3832,3838,3833,3841,113,301],"class_list":["post-9851","post","type-post","status-publish","format-standard","has-post-thumbnail","hentry","category-brasil","tag-cldf","tag-francisco-mendes","tag-gilmar-mender","tag-gilmar-mendes","tag-ibaneis","tag-paulo-tadeu-vale","tag-renata-nandes","tag-ricardo-vale"],"_links":{"self":[{"href":"https:\/\/cidadecult.com.br\/index.php?rest_route=\/wp\/v2\/posts\/9851","targetHints":{"allow":["GET"]}}],"collection":[{"href":"https:\/\/cidadecult.com.br\/index.php?rest_route=\/wp\/v2\/posts"}],"about":[{"href":"https:\/\/cidadecult.com.br\/index.php?rest_route=\/wp\/v2\/types\/post"}],"author":[{"embeddable":true,"href":"https:\/\/cidadecult.com.br\/index.php?rest_route=\/wp\/v2\/users\/5674"}],"replies":[{"embeddable":true,"href":"https:\/\/cidadecult.com.br\/index.php?rest_route=%2Fwp%2Fv2%2Fcomments&post=9851"}],"version-history":[{"count":2,"href":"https:\/\/cidadecult.com.br\/index.php?rest_route=\/wp\/v2\/posts\/9851\/revisions"}],"predecessor-version":[{"id":9868,"href":"https:\/\/cidadecult.com.br\/index.php?rest_route=\/wp\/v2\/posts\/9851\/revisions\/9868"}],"wp:featuredmedia":[{"embeddable":true,"href":"https:\/\/cidadecult.com.br\/index.php?rest_route=\/wp\/v2\/media\/9865"}],"wp:attachment":[{"href":"https:\/\/cidadecult.com.br\/index.php?rest_route=%2Fwp%2Fv2%2Fmedia&parent=9851"}],"wp:term":[{"taxonomy":"category","embeddable":true,"href":"https:\/\/cidadecult.com.br\/index.php?rest_route=%2Fwp%2Fv2%2Fcategories&post=9851"},{"taxonomy":"post_tag","embeddable":true,"href":"https:\/\/cidadecult.com.br\/index.php?rest_route=%2Fwp%2Fv2%2Ftags&post=9851"}],"curies":[{"name":"wp","href":"https:\/\/api.w.org\/{rel}","templated":true}]}}