{"id":9831,"date":"2024-12-04T11:42:47","date_gmt":"2024-12-04T14:42:47","guid":{"rendered":"https:\/\/cidadecult.com.br\/?p=9831"},"modified":"2024-12-04T11:42:50","modified_gmt":"2024-12-04T14:42:50","slug":"espaco-cultural-casa-da-arvore-oficinas-gratuitas-para-encerrar-ano-de-celebracao-dos-10-anos","status":"publish","type":"post","link":"https:\/\/cidadecult.com.br\/?p=9831","title":{"rendered":"Espa\u00e7o Cultural Casa da \u00c1rvore: oficinas gratuitas para encerrar ano de celebra\u00e7\u00e3o dos 10 anos"},"content":{"rendered":"\n<p><em>Foto\/divulga\u00e7\u00e3o<\/em><\/p>\n\n\n\n<p><strong>O &#8220;Espa\u00e7o cultural casa da \u00e1rvore&#8221;, localizado na 813 Sul em Bras\u00edlia, est\u00e1 encerrando um ano de celebra\u00e7\u00e3o de seus 10 anos de exist\u00eancia com uma s\u00e9rie de oficinas gratuitas voltadas para a \u00e1rea fonogr\u00e1fica. Criado pelos artistas Caco, Gabriel e Arthur Marques<\/strong>,<strong> o espa\u00e7o se tornou um ponto de encontro para diversas manifesta\u00e7\u00f5es culturais e art\u00edsticas, promovendo inclus\u00e3o e diversidade.<\/strong><\/p>\n\n\n\n<p><strong>Com o apoio do Fundo de Apoio \u00e0 Cultura do Distrito Federal (FAC\/DF), a Casa da \u00c1rvore oferece, at\u00e9 fevereiro de 2025, atividades culturais para todos os p\u00fablicos. Este m\u00eas<\/strong>, para fechar com chave de ouro as comemora\u00e7\u00f5es do anivers\u00e1rio, <strong>o espa\u00e7o promove tr\u00eas oficinas focadas no mercado fonogr\u00e1fico, ministradas por artistas e profissionais renomados da cena musical.<\/strong><\/p>\n\n\n\n<h3 class=\"wp-block-heading\"><strong>Oficinas gratuitas de m\u00fasica e produ\u00e7\u00e3o fonogr\u00e1fica<\/strong><\/h3>\n\n\n\n<ol class=\"wp-block-list\">\n<li><strong>\u201cImproviso e composi\u00e7\u00e3o de letras autorais\u201d<\/strong> \u2013 Filipe Costta<br><strong>Datas:<\/strong>\n<ul class=\"wp-block-list\">\n<li>4 de dezembro, das 19h \u00e0s 22h<\/li>\n\n\n\n<li>7 de dezembro, das 13h30 \u00e0s 16h30<br><strong>Objetivo:<\/strong> A oficina vai explorar t\u00e9cnicas de improvisa\u00e7\u00e3o vocal e instrumental, al\u00e9m de oferecer ferramentas para a composi\u00e7\u00e3o de letras autorais. Os participantes ter\u00e3o a chance de mergulhar em refer\u00eancias brasileiras, ampliando suas habilidades criativas na m\u00fasica.<\/li>\n<\/ul>\n<\/li>\n\n\n\n<li><strong>\u201cProdu\u00e7\u00e3o musical b\u00e1sica: crie seu beat\u201d<\/strong> \u2013 Paula Torelly<br><strong>Datas:<\/strong>\n<ul class=\"wp-block-list\">\n<li>9 e 11 de dezembro, das 19h \u00e0s 22h<br><strong>Objetivo:<\/strong> Esta oficina \u00e9 voltada para quem deseja aprender os primeiros passos da produ\u00e7\u00e3o musical, com foco na cria\u00e7\u00e3o de beats e ritmos. Os participantes ser\u00e3o introduzidos ao uso de software de produ\u00e7\u00e3o musical, al\u00e9m de conceitos b\u00e1sicos de mixagem e masteriza\u00e7\u00e3o.<\/li>\n<\/ul>\n<\/li>\n\n\n\n<li><strong>\u201cMixagem e masteriza\u00e7\u00e3o de \u00e1udio\u201d<\/strong> \u2013 D\u00e9bora Zimmer<br><strong>Datas:<\/strong>\n<ul class=\"wp-block-list\">\n<li>12 de dezembro, das 19h \u00e0s 22h<\/li>\n\n\n\n<li>14 de dezembro, das 13h30 \u00e0s 16h30<br><strong>Objetivo:<\/strong> A oficina abordar\u00e1 t\u00e9cnicas essenciais de mixagem e masteriza\u00e7\u00e3o, com \u00eanfase em equaliza\u00e7\u00e3o, compress\u00e3o e balanceamento de instrumentos, preparando os participantes para finalizar suas produ\u00e7\u00f5es com qualidade profissional.<\/li>\n<\/ul>\n<\/li>\n<\/ol>\n\n\n\n<h3 class=\"wp-block-heading\"><strong>Inscri\u00e7\u00f5es e informa\u00e7\u00f5es<\/strong><\/h3>\n\n\n\n<p>As vagas para as oficinas s\u00e3o limitadas e as inscri\u00e7\u00f5es podem ser realizadas atrav\u00e9s do <a href=\"https:\/\/linktr.ee\/CasaDaArvore813\">Link de Inscri\u00e7\u00e3o<\/a>. Para mais detalhes, acompanhe as atualiza\u00e7\u00f5es nas redes sociais do <strong>Espa\u00e7o Cultural Casa da \u00c1rvore<\/strong> no Instagram: <a href=\"https:\/\/www.instagram.com\/casadaarvore813\">@casadaarvore813<\/a>.<\/p>\n\n\n\n<h3 class=\"wp-block-heading\"><strong>A Casa da \u00c1rvore e seus 10 anos<\/strong><\/h3>\n\n\n\n<p>Fundada em 2014, a Casa da \u00c1rvore \u00e9 um espa\u00e7o criado para acolher artistas e fomentar a produ\u00e7\u00e3o cultural no Distrito Federal. Em 2024, o local comemorou uma d\u00e9cada de hist\u00f3ria com um projeto que envolve oficinas, col\u00f4nias de f\u00e9rias e outras atividades culturais para a comunidade. O espa\u00e7o j\u00e1 recebeu artistas de todo o mundo, promovendo uma rica troca cultural e oferecendo um ambiente acess\u00edvel para a realiza\u00e7\u00e3o de sonhos art\u00edsticos, grandes ou pequenos.<\/p>\n\n\n\n<p>No pr\u00f3ximo ano, o <strong>projeto \u201cCasa da \u00c1rvore \u2013 10 anos\u201d<\/strong> continua com mais atividades, como a <strong>Col\u00f4nia de F\u00e9rias em Jogos L\u00fadicos<\/strong> em janeiro de 2025 e o <strong>workshop de Adere\u00e7os de Carnaval<\/strong> em fevereiro, encerrando com uma <strong>Orquestra de Metais<\/strong> no carnaval.<\/p>\n\n\n\n<h3 class=\"wp-block-heading\"><strong>Servi\u00e7o:<\/strong><\/h3>\n\n\n\n<ul class=\"wp-block-list\">\n<li><strong>Local:<\/strong> Casa da \u00c1rvore \u2013 813 Sul, Bras\u00edlia<\/li>\n\n\n\n<li><strong>Oficinas:<\/strong> Gratuitas<\/li>\n\n\n\n<li><strong>Inscri\u00e7\u00f5es:<\/strong> <a href=\"https:\/\/linktr.ee\/CasaDaArvore813\">Linktr.ee\/CasaDaArvore813<\/a><\/li>\n\n\n\n<li><strong>Instagram:<\/strong> <a href=\"https:\/\/www.instagram.com\/casadaarvore813\">@casadaarvore813<\/a><\/li>\n<\/ul>\n\n\n\n<p><strong>N\u00e3o perca a chance de participar de uma das oficinas e celebre a arte, a m\u00fasica e a cultura local na Casa da \u00c1rvore!. <\/strong><\/p>\n","protected":false},"excerpt":{"rendered":"<p>Foto\/divulga\u00e7\u00e3o O &#8220;Espa\u00e7o cultural casa da \u00e1rvore&#8221;, localizado na 813 Sul em Bras\u00edlia, est\u00e1 encerrando um ano de celebra\u00e7\u00e3o de seus 10 anos de exist\u00eancia com uma s\u00e9rie de oficinas gratuitas voltadas para a \u00e1rea fonogr\u00e1fica. Criado pelos artistas Caco, Gabriel e Arthur Marques, o espa\u00e7o se tornou um ponto de encontro para diversas manifesta\u00e7\u00f5es [&hellip;]<\/p>\n","protected":false},"author":1441,"featured_media":9832,"comment_status":"open","ping_status":"open","sticky":false,"template":"","format":"standard","meta":{"_monsterinsights_skip_tracking":false,"_monsterinsights_sitenote_active":false,"_monsterinsights_sitenote_note":"","_monsterinsights_sitenote_category":0,"footnotes":""},"categories":[41,17,34],"tags":[3822,3821,2172],"class_list":["post-9831","post","type-post","status-publish","format-standard","has-post-thumbnail","hentry","category-agenda","category-bsb","category-destaque","tag-celebracao10anos","tag-espacoculturalcasanaarvore","tag-oficinasgratuitas"],"_links":{"self":[{"href":"https:\/\/cidadecult.com.br\/index.php?rest_route=\/wp\/v2\/posts\/9831","targetHints":{"allow":["GET"]}}],"collection":[{"href":"https:\/\/cidadecult.com.br\/index.php?rest_route=\/wp\/v2\/posts"}],"about":[{"href":"https:\/\/cidadecult.com.br\/index.php?rest_route=\/wp\/v2\/types\/post"}],"author":[{"embeddable":true,"href":"https:\/\/cidadecult.com.br\/index.php?rest_route=\/wp\/v2\/users\/1441"}],"replies":[{"embeddable":true,"href":"https:\/\/cidadecult.com.br\/index.php?rest_route=%2Fwp%2Fv2%2Fcomments&post=9831"}],"version-history":[{"count":1,"href":"https:\/\/cidadecult.com.br\/index.php?rest_route=\/wp\/v2\/posts\/9831\/revisions"}],"predecessor-version":[{"id":9833,"href":"https:\/\/cidadecult.com.br\/index.php?rest_route=\/wp\/v2\/posts\/9831\/revisions\/9833"}],"wp:featuredmedia":[{"embeddable":true,"href":"https:\/\/cidadecult.com.br\/index.php?rest_route=\/wp\/v2\/media\/9832"}],"wp:attachment":[{"href":"https:\/\/cidadecult.com.br\/index.php?rest_route=%2Fwp%2Fv2%2Fmedia&parent=9831"}],"wp:term":[{"taxonomy":"category","embeddable":true,"href":"https:\/\/cidadecult.com.br\/index.php?rest_route=%2Fwp%2Fv2%2Fcategories&post=9831"},{"taxonomy":"post_tag","embeddable":true,"href":"https:\/\/cidadecult.com.br\/index.php?rest_route=%2Fwp%2Fv2%2Ftags&post=9831"}],"curies":[{"name":"wp","href":"https:\/\/api.w.org\/{rel}","templated":true}]}}