{"id":9773,"date":"2024-12-03T16:09:52","date_gmt":"2024-12-03T19:09:52","guid":{"rendered":"https:\/\/cidadecult.com.br\/?p=9773"},"modified":"2024-12-03T16:09:54","modified_gmt":"2024-12-03T19:09:54","slug":"anfemero-novas-perspectivas-sobre-as-paisagens-cotidianas-de-goias","status":"publish","type":"post","link":"https:\/\/cidadecult.com.br\/?p=9773","title":{"rendered":"Anf\u00eamero: novas perspectivas sobre as paisagens cotidianas de Goi\u00e1s"},"content":{"rendered":"\n<h3 class=\"wp-block-heading\"><\/h3>\n\n\n\n<p>A partir do dia 4 de dezembro, o espa\u00e7o cultural A Pilastra ser\u00e1 palco de <strong>Anf\u00eamero<\/strong>, exposi\u00e7\u00e3o solo do artista pl\u00e1stico Danillo Butas, com curadoria de Iago G\u00f3es. Parte do projeto \u201cFARGO o ano todo\u201d, a mostra busca democratizar e valorizar o mercado de arte do Centro-Oeste, destacando a rica diversidade cultural da regi\u00e3o.<\/p>\n\n\n\n<p><strong>Anf\u00eamero<\/strong> convida o p\u00fablico a mergulhar nas paisagens do cotidiano goiano, explorando territ\u00f3rios vivos, culturais e afetivos. As obras in\u00e9ditas de Butas trazem \u00e0 tona uma perspectiva \u00fanica, revelando nuances invis\u00edveis ao olhar desatento, em um di\u00e1logo entre o que \u00e9 ef\u00eamero e o que marca profundamente nossa rela\u00e7\u00e3o com os espa\u00e7os que habitamos.<\/p>\n\n\n\n<p>A abertura ser\u00e1 no dia 4 de dezembro, \u00e0s 19h, com visita\u00e7\u00e3o aberta ao p\u00fablico de 5 de dezembro a 1\u00ba de fevereiro (pausa entre 15\/12 e 14\/01). A entrada \u00e9 gratuita.<\/p>\n\n\n\n<p><strong>Servi\u00e7o:<\/strong><\/p>\n\n\n\n<ul class=\"wp-block-list\">\n<li><strong>Exposi\u00e7\u00e3o:<\/strong> Anf\u00eamero<\/li>\n\n\n\n<li><strong>Artista:<\/strong> Danillo Butas<\/li>\n\n\n\n<li><strong>Curadoria:<\/strong> Iago G\u00f3es<\/li>\n\n\n\n<li><strong>Abertura:<\/strong> 4 de dezembro, \u00e0s 19h<\/li>\n\n\n\n<li><strong>Visita\u00e7\u00e3o:<\/strong> de 5\/12 a 1\/02 (pausa: 15\/12 a 14\/01)<\/li>\n\n\n\n<li><strong>Hor\u00e1rio:<\/strong> quarta a s\u00e1bado, das 15h \u00e0s 20h<\/li>\n\n\n\n<li><strong>Local:<\/strong> A Pilastra (QE 40 SMBS, lote 01, Loja 01B, Guar\u00e1 II, Bras\u00edlia &#8211; DF)<\/li>\n\n\n\n<li><strong>Entrada gratuita<\/strong><\/li>\n<\/ul>\n","protected":false},"excerpt":{"rendered":"<p>A partir do dia 4 de dezembro, o espa\u00e7o cultural A Pilastra ser\u00e1 palco de Anf\u00eamero, exposi\u00e7\u00e3o solo do artista pl\u00e1stico Danillo Butas, com curadoria de Iago G\u00f3es. Parte do projeto \u201cFARGO o ano todo\u201d, a mostra busca democratizar e valorizar o mercado de arte do Centro-Oeste, destacando a rica diversidade cultural da regi\u00e3o. Anf\u00eamero [&hellip;]<\/p>\n","protected":false},"author":5674,"featured_media":9774,"comment_status":"open","ping_status":"open","sticky":false,"template":"","format":"standard","meta":{"_monsterinsights_skip_tracking":false,"_monsterinsights_sitenote_active":false,"_monsterinsights_sitenote_note":"","_monsterinsights_sitenote_category":0,"footnotes":""},"categories":[2569,17],"tags":[3794,3795],"class_list":["post-9773","post","type-post","status-publish","format-standard","has-post-thumbnail","hentry","category-arte","category-bsb","tag-antefemero","tag-efemero"],"_links":{"self":[{"href":"https:\/\/cidadecult.com.br\/index.php?rest_route=\/wp\/v2\/posts\/9773","targetHints":{"allow":["GET"]}}],"collection":[{"href":"https:\/\/cidadecult.com.br\/index.php?rest_route=\/wp\/v2\/posts"}],"about":[{"href":"https:\/\/cidadecult.com.br\/index.php?rest_route=\/wp\/v2\/types\/post"}],"author":[{"embeddable":true,"href":"https:\/\/cidadecult.com.br\/index.php?rest_route=\/wp\/v2\/users\/5674"}],"replies":[{"embeddable":true,"href":"https:\/\/cidadecult.com.br\/index.php?rest_route=%2Fwp%2Fv2%2Fcomments&post=9773"}],"version-history":[{"count":1,"href":"https:\/\/cidadecult.com.br\/index.php?rest_route=\/wp\/v2\/posts\/9773\/revisions"}],"predecessor-version":[{"id":9775,"href":"https:\/\/cidadecult.com.br\/index.php?rest_route=\/wp\/v2\/posts\/9773\/revisions\/9775"}],"wp:featuredmedia":[{"embeddable":true,"href":"https:\/\/cidadecult.com.br\/index.php?rest_route=\/wp\/v2\/media\/9774"}],"wp:attachment":[{"href":"https:\/\/cidadecult.com.br\/index.php?rest_route=%2Fwp%2Fv2%2Fmedia&parent=9773"}],"wp:term":[{"taxonomy":"category","embeddable":true,"href":"https:\/\/cidadecult.com.br\/index.php?rest_route=%2Fwp%2Fv2%2Fcategories&post=9773"},{"taxonomy":"post_tag","embeddable":true,"href":"https:\/\/cidadecult.com.br\/index.php?rest_route=%2Fwp%2Fv2%2Ftags&post=9773"}],"curies":[{"name":"wp","href":"https:\/\/api.w.org\/{rel}","templated":true}]}}