{"id":9747,"date":"2024-12-03T10:11:27","date_gmt":"2024-12-03T13:11:27","guid":{"rendered":"https:\/\/cidadecult.com.br\/?p=9747"},"modified":"2024-12-03T10:11:30","modified_gmt":"2024-12-03T13:11:30","slug":"criancas-atendidas-por-instituicoes-sociais-tem-dia-de-diversao-no-nosso-natal-em-brasilia","status":"publish","type":"post","link":"https:\/\/cidadecult.com.br\/?p=9747","title":{"rendered":"Crian\u00e7as atendidas por institui\u00e7\u00f5es sociais t\u00eam dia de divers\u00e3o no &#8220;Nosso natal&#8221; em Bras\u00edlia!"},"content":{"rendered":"\n<p><em>Foto: Joel Rodrigues <\/em><\/p>\n\n\n\n<p><strong>Ontem (2), aproximadamente 350 crian\u00e7as de institui\u00e7\u00f5es sociais do Varj\u00e3o, Samambaia e Parano\u00e1 vivenciaram um dia m\u00e1gico no &#8220;Nosso natal&#8221;, evento realizado pelo Governo do Distrito Federal, na Esplanada dos Minist\u00e9rios. A a\u00e7\u00e3o social, organizada pela Chefia-Executiva de Pol\u00edticas Sociais, e coordenada pela primeira-dama Mayara Noronha Rocha, ofereceu um ambiente repleto de alegria e divers\u00e3o para os pequenos, com atra\u00e7\u00f5es como pista de patina\u00e7\u00e3o no gelo, roda-gigante, carrossel, al\u00e9m de oficinas e apresenta\u00e7\u00f5es culturais.<\/strong><\/p>\n\n\n\n<p><strong>O natal das mem\u00f3rias afetivas<\/strong><\/p>\n\n\n\n<p><strong>O evento foi um marco para muitas dessas crian\u00e7as, que puderam aproveitar as atra\u00e7\u00f5es acompanhadas por seus pais e respons\u00e1veis.<\/strong> A primeira-dama Mayara Noronha Rocha fez quest\u00e3o de ressaltar a import\u00e2ncia de a\u00e7\u00f5es como essa: \u201cHoje, essas crian\u00e7as est\u00e3o vivendo a magia de um Natal em Bras\u00edlia, um Natal que ficar\u00e1 marcado em suas mem\u00f3rias para toda a vida. <strong>Nosso objetivo \u00e9 proporcionar um momento de felicidade e fortalecer a ideia de que Bras\u00edlia \u00e9, de fato, a cidade dos sonhos.\u201d<\/strong><\/p>\n\n\n\n<p><strong>Divers\u00e3o para toda a fam\u00edlia<\/strong><\/p>\n\n\n\n<p><strong>O &#8220;Nosso natal&#8221; continua at\u00e9 o dia 23 de dezembro e retorna de 25 a 30 de dezembro, com entrada gratuita para o p\u00fablico geral.<\/strong> <strong>As atra\u00e7\u00f5es incluem a tradicional \u00e1rvore de Natal de 30 metros,<\/strong> <strong>roda-gigante, carrossel, pista de patina\u00e7\u00e3o no gelo, e o pres\u00e9pio, al\u00e9m de uma s\u00e9rie de op\u00e7\u00f5es para as crian\u00e7as, como a Casa do Papai Noel, teatro infantil e oficinas de confec\u00e7\u00e3o de adere\u00e7os e cartas para o bom velhinho. Para participar das oficinas e sess\u00f5es de teatro, \u00e9 necess\u00e1rio retirar ingressos gratuitos no local.<\/strong><\/p>\n\n\n\n<p><strong>Programa\u00e7\u00e3o completa e ingressos gratuitos<\/strong><\/p>\n\n\n\n<p>Al\u00e9m das atra\u00e7\u00f5es de lazer e cultura, o &#8220;Nosso natal&#8221; oferece tamb\u00e9m<strong> apresenta\u00e7\u00f5es musicais e art\u00edsticas, <\/strong>uma <strong>pra\u00e7a de alimenta\u00e7\u00e3o<\/strong> e uma <strong>feira de presentes.<\/strong> <strong>As oficinas e o teatro infantil exigem reserva de ingressos gratuitos, <\/strong>que podem ser<strong> retirados a partir das 8h do dia da atividade no site do evento ou presencialmente.<\/strong><\/p>\n\n\n\n<p><strong>Servi\u00e7o:<\/strong><\/p>\n\n\n\n<ul class=\"wp-block-list\">\n<li>&#8220;Nosso natal&#8221;<\/li>\n\n\n\n<li>Data: 1\u00ba a 30 de dezembro (exceto no dia 24)<\/li>\n\n\n\n<li>Hor\u00e1rio: 17h \u00e0s 23h<\/li>\n\n\n\n<li>Local: Esplanada dos Minist\u00e9rios<\/li>\n\n\n\n<li>Entrada: Gratuita<\/li>\n\n\n\n<li>Ingressos para oficinas e teatro: dispon\u00edveis no local, de forma presencial<\/li>\n<\/ul>\n\n\n\n<p>N\u00e3o perca a chance de vivenciar o natal em Bras\u00edlia de uma forma \u00fanica e emocionante!. <\/p>\n","protected":false},"excerpt":{"rendered":"<p>Foto: Joel Rodrigues Ontem (2), aproximadamente 350 crian\u00e7as de institui\u00e7\u00f5es sociais do Varj\u00e3o, Samambaia e Parano\u00e1 vivenciaram um dia m\u00e1gico no &#8220;Nosso natal&#8221;, evento realizado pelo Governo do Distrito Federal, na Esplanada dos Minist\u00e9rios. A a\u00e7\u00e3o social, organizada pela Chefia-Executiva de Pol\u00edticas Sociais, e coordenada pela primeira-dama Mayara Noronha Rocha, ofereceu um ambiente repleto de [&hellip;]<\/p>\n","protected":false},"author":1441,"featured_media":9748,"comment_status":"open","ping_status":"open","sticky":false,"template":"","format":"standard","meta":{"_monsterinsights_skip_tracking":false,"_monsterinsights_sitenote_active":false,"_monsterinsights_sitenote_note":"","_monsterinsights_sitenote_category":0,"footnotes":""},"categories":[41,17,34,39,3],"tags":[3786],"class_list":["post-9747","post","type-post","status-publish","format-standard","has-post-thumbnail","hentry","category-agenda","category-bsb","category-destaque","category-economics","category-entertainment","tag-natalembrasilia24"],"_links":{"self":[{"href":"https:\/\/cidadecult.com.br\/index.php?rest_route=\/wp\/v2\/posts\/9747","targetHints":{"allow":["GET"]}}],"collection":[{"href":"https:\/\/cidadecult.com.br\/index.php?rest_route=\/wp\/v2\/posts"}],"about":[{"href":"https:\/\/cidadecult.com.br\/index.php?rest_route=\/wp\/v2\/types\/post"}],"author":[{"embeddable":true,"href":"https:\/\/cidadecult.com.br\/index.php?rest_route=\/wp\/v2\/users\/1441"}],"replies":[{"embeddable":true,"href":"https:\/\/cidadecult.com.br\/index.php?rest_route=%2Fwp%2Fv2%2Fcomments&post=9747"}],"version-history":[{"count":2,"href":"https:\/\/cidadecult.com.br\/index.php?rest_route=\/wp\/v2\/posts\/9747\/revisions"}],"predecessor-version":[{"id":9750,"href":"https:\/\/cidadecult.com.br\/index.php?rest_route=\/wp\/v2\/posts\/9747\/revisions\/9750"}],"wp:featuredmedia":[{"embeddable":true,"href":"https:\/\/cidadecult.com.br\/index.php?rest_route=\/wp\/v2\/media\/9748"}],"wp:attachment":[{"href":"https:\/\/cidadecult.com.br\/index.php?rest_route=%2Fwp%2Fv2%2Fmedia&parent=9747"}],"wp:term":[{"taxonomy":"category","embeddable":true,"href":"https:\/\/cidadecult.com.br\/index.php?rest_route=%2Fwp%2Fv2%2Fcategories&post=9747"},{"taxonomy":"post_tag","embeddable":true,"href":"https:\/\/cidadecult.com.br\/index.php?rest_route=%2Fwp%2Fv2%2Ftags&post=9747"}],"curies":[{"name":"wp","href":"https:\/\/api.w.org\/{rel}","templated":true}]}}