{"id":9732,"date":"2024-12-02T11:56:15","date_gmt":"2024-12-02T14:56:15","guid":{"rendered":"https:\/\/cidadecult.com.br\/?p=9732"},"modified":"2024-12-02T11:57:24","modified_gmt":"2024-12-02T14:57:24","slug":"rio-de-janeiro-em-alerta-nivel-de-calor-2-com-temperaturas-de-ate-40c","status":"publish","type":"post","link":"https:\/\/cidadecult.com.br\/?p=9732","title":{"rendered":"Rio de Janeiro em alerta: n\u00edvel de calor 2 com temperaturas de at\u00e9 40\u00b0C!"},"content":{"rendered":"\n<p><em>\u00a0Foto: T\u00e2nia R\u00eago<\/em><\/p>\n\n\n\n<p>A cidade do<strong> Rio de Janeiro<\/strong> entrou, <strong>hoje (2),<\/strong> no<strong> N\u00edvel de Calor 2 (NC2)<\/strong>, <strong>um alerta de condi\u00e7\u00f5es clim\u00e1ticas extremas<\/strong>. Com a previs\u00e3o de temperaturas que podem atingir <strong>at\u00e9 40\u00b0C,<\/strong> a cidade enfrenta um <strong>calor intenso<\/strong>, <strong>acompanhado de alta umidade,<\/strong> e esse cen\u00e1rio deve se manter durante o dia.<\/p>\n\n\n\n<p><strong>O que significa o N\u00edvel de Calor 2?<\/strong><br><strong>O N\u00edvel de Calor 2 \u00e9 caracterizado por temperaturas entre 36\u00b0C e 40\u00b0C, com altos \u00edndices de umidade, durando pelo menos quatro horas consecutivas. A Prefeitura do Rio, por meio do Sistema Alerta Rio, recomenda cuidados especiais para evitar problemas de sa\u00fade relacionados ao calor excessivo.<\/strong><\/p>\n\n\n\n<p><strong>Dicas para se proteger do calor no Rio:<\/strong><\/p>\n\n\n\n<ul class=\"wp-block-list\">\n<li><strong>Hidrate-se constantemente<\/strong>: A \u00e1gua e sucos naturais sem a\u00e7\u00facar s\u00e3o essenciais para evitar a desidrata\u00e7\u00e3o.<\/li>\n\n\n\n<li><strong>Escolha alimentos leves<\/strong>: Frutas e saladas s\u00e3o op\u00e7\u00f5es ideais para o clima quente.<\/li>\n\n\n\n<li><strong>Evite o sol entre 10h e 16h<\/strong>: Nesses hor\u00e1rios, os raios solares s\u00e3o mais intensos, aumentando o risco de queimaduras e desidrata\u00e7\u00e3o.<\/li>\n\n\n\n<li><strong>Roupas leves e frescas<\/strong>: Opte por tecidos naturais e frescos para ajudar a suportar o calor.<\/li>\n\n\n\n<li><strong>Cuidados com os pets<\/strong>: Evite passeios no calor intenso e sempre ofere\u00e7a \u00e1gua fresca aos animais.<\/li>\n<\/ul>\n\n\n\n<p><strong>Aten\u00e7\u00e3o para grupos vulner\u00e1veis<\/strong><br><strong>Crian\u00e7as, idosos e pessoas com doen\u00e7as cr\u00f4nicas, como hipertens\u00e3o e diabetes, devem redobrar os cuidados. O calor pode piorar essas condi\u00e7\u00f5es, por isso, \u00e9 importante garantir que estejam bem hidratados e protegidos.<\/strong><\/p>\n\n\n\n<p><strong>O que esperar para os pr\u00f3ximos dias?<\/strong><br><strong>Apesar da previs\u00e3o de calor intenso para hoje, a chegada de uma frente fria nos pr\u00f3ximos dias (3 e 4 de dezembro) promete uma queda nas temperaturas, trazendo al\u00edvio para a popula\u00e7\u00e3o.<\/strong><\/p>\n\n\n\n<p>A Prefeitura do Rio segue monitorando a situa\u00e7\u00e3o e disponibiliza atualiza\u00e7\u00f5es constantes nos canais oficiais. Para mais informa\u00e7\u00f5es sobre os n\u00edveis de calor e orienta\u00e7\u00f5es de sa\u00fade, acesse as redes sociais do Sistema Alerta Rio e da Secretaria Municipal de Sa\u00fade.<\/p>\n\n\n\n<p><strong>Fique atento e proteja-se!<\/strong><\/p>\n","protected":false},"excerpt":{"rendered":"<p>\u00a0Foto: T\u00e2nia R\u00eago A cidade do Rio de Janeiro entrou, hoje (2), no N\u00edvel de Calor 2 (NC2), um alerta de condi\u00e7\u00f5es clim\u00e1ticas extremas. Com a previs\u00e3o de temperaturas que podem atingir at\u00e9 40\u00b0C, a cidade enfrenta um calor intenso, acompanhado de alta umidade, e esse cen\u00e1rio deve se manter durante o dia. O que [&hellip;]<\/p>\n","protected":false},"author":1441,"featured_media":9733,"comment_status":"open","ping_status":"open","sticky":false,"template":"","format":"standard","meta":{"_monsterinsights_skip_tracking":false,"_monsterinsights_sitenote_active":false,"_monsterinsights_sitenote_note":"","_monsterinsights_sitenote_category":0,"footnotes":""},"categories":[54],"tags":[2477,3781,447,459],"class_list":["post-9732","post","type-post","status-publish","format-standard","has-post-thumbnail","hentry","category-brasil","tag-alerta","tag-niveldecalor2","tag-riodejaneiro-2","tag-saude-3"],"_links":{"self":[{"href":"https:\/\/cidadecult.com.br\/index.php?rest_route=\/wp\/v2\/posts\/9732","targetHints":{"allow":["GET"]}}],"collection":[{"href":"https:\/\/cidadecult.com.br\/index.php?rest_route=\/wp\/v2\/posts"}],"about":[{"href":"https:\/\/cidadecult.com.br\/index.php?rest_route=\/wp\/v2\/types\/post"}],"author":[{"embeddable":true,"href":"https:\/\/cidadecult.com.br\/index.php?rest_route=\/wp\/v2\/users\/1441"}],"replies":[{"embeddable":true,"href":"https:\/\/cidadecult.com.br\/index.php?rest_route=%2Fwp%2Fv2%2Fcomments&post=9732"}],"version-history":[{"count":1,"href":"https:\/\/cidadecult.com.br\/index.php?rest_route=\/wp\/v2\/posts\/9732\/revisions"}],"predecessor-version":[{"id":9734,"href":"https:\/\/cidadecult.com.br\/index.php?rest_route=\/wp\/v2\/posts\/9732\/revisions\/9734"}],"wp:featuredmedia":[{"embeddable":true,"href":"https:\/\/cidadecult.com.br\/index.php?rest_route=\/wp\/v2\/media\/9733"}],"wp:attachment":[{"href":"https:\/\/cidadecult.com.br\/index.php?rest_route=%2Fwp%2Fv2%2Fmedia&parent=9732"}],"wp:term":[{"taxonomy":"category","embeddable":true,"href":"https:\/\/cidadecult.com.br\/index.php?rest_route=%2Fwp%2Fv2%2Fcategories&post=9732"},{"taxonomy":"post_tag","embeddable":true,"href":"https:\/\/cidadecult.com.br\/index.php?rest_route=%2Fwp%2Fv2%2Ftags&post=9732"}],"curies":[{"name":"wp","href":"https:\/\/api.w.org\/{rel}","templated":true}]}}