{"id":9727,"date":"2024-12-02T11:26:16","date_gmt":"2024-12-02T14:26:16","guid":{"rendered":"https:\/\/cidadecult.com.br\/?p=9727"},"modified":"2024-12-02T11:28:24","modified_gmt":"2024-12-02T14:28:24","slug":"horario-especial-do-nosso-natal-hoje-acao-social-para-criancas","status":"publish","type":"post","link":"https:\/\/cidadecult.com.br\/?p=9727","title":{"rendered":"Hor\u00e1rio especial do &#8220;Nosso natal&#8221; hoje: a\u00e7\u00e3o social para crian\u00e7as!"},"content":{"rendered":"\n<p><em>Foto: Paulo H. Carvalho<\/em><\/p>\n\n\n\n<p>Nesta segunda-feira (2), o <strong>Espa\u00e7o nosso natal<\/strong>, na Esplanada dos Minist\u00e9rios, ter\u00e1 um hor\u00e1rio de funcionamento alterado devido a uma a\u00e7\u00e3o social especial. O espa\u00e7o estar\u00e1 fechado ao p\u00fablico geral at\u00e9 as <strong>20h<\/strong>, quando ser\u00e1 reaberto. Durante o dia, mais de 250 crian\u00e7as de institui\u00e7\u00f5es sociais e seus familiares viver\u00e3o uma experi\u00eancia \u00fanica, com atividades como <strong>pista de patina\u00e7\u00e3o no gelo, roda-gigante, carrossel<\/strong> e uma visita ao <strong>pres\u00e9pio<\/strong>.<\/p>\n\n\n\n<p>A a\u00e7\u00e3o \u00e9 promovida pelo <strong>Governo do Distrito Federal<\/strong>, sob a coordena\u00e7\u00e3o da <strong>primeira-dama Mayara Noronha Rocha<\/strong>, e faz parte das comemora\u00e7\u00f5es natalinas. O evento visa oferecer um dia de lazer e alegria, com atra\u00e7\u00f5es como <strong>oficinas tem\u00e1ticas<\/strong>, <strong>apresenta\u00e7\u00f5es culturais<\/strong> e <strong>entrega de presentes<\/strong>, tudo com um toque m\u00e1gico de Natal.<\/p>\n\n\n\n<h3 class=\"wp-block-heading\"><strong>Programa\u00e7\u00e3o e hor\u00e1rios:<\/strong><\/h3>\n\n\n\n<ul class=\"wp-block-list\">\n<li><strong>Per\u00edodo:<\/strong> 1\u00ba a 30 de dezembro (exceto 24 de dezembro)<\/li>\n\n\n\n<li><strong>Hor\u00e1rio:<\/strong> 17h \u00e0s 23h (com exce\u00e7\u00e3o do dia 2, reabertura \u00e0s 20h)<\/li>\n\n\n\n<li><strong>Local:<\/strong> Esplanada dos Minist\u00e9rios<\/li>\n\n\n\n<li><strong>Entrada:<\/strong> Gratuita<\/li>\n\n\n\n<li><strong>Oficinas:<\/strong> Ingressos dispon\u00edveis no local<\/li>\n<\/ul>\n\n\n\n<p>O &#8220;<strong>Nosso natal<\/strong>&#8221; promete ser uma excelente op\u00e7\u00e3o de divers\u00e3o para toda a fam\u00edlia, com muitas atra\u00e7\u00f5es para as crian\u00e7as e o p\u00fablico em geral.<strong> N\u00e3o perca a chance de viver a magia do Natal no cora\u00e7\u00e3o de Bras\u00edlia!. <\/strong><\/p>\n","protected":false},"excerpt":{"rendered":"<p>Foto: Paulo H. Carvalho Nesta segunda-feira (2), o Espa\u00e7o nosso natal, na Esplanada dos Minist\u00e9rios, ter\u00e1 um hor\u00e1rio de funcionamento alterado devido a uma a\u00e7\u00e3o social especial. O espa\u00e7o estar\u00e1 fechado ao p\u00fablico geral at\u00e9 as 20h, quando ser\u00e1 reaberto. Durante o dia, mais de 250 crian\u00e7as de institui\u00e7\u00f5es sociais e seus familiares viver\u00e3o uma [&hellip;]<\/p>\n","protected":false},"author":1441,"featured_media":9728,"comment_status":"open","ping_status":"open","sticky":false,"template":"","format":"standard","meta":{"_monsterinsights_skip_tracking":false,"_monsterinsights_sitenote_active":false,"_monsterinsights_sitenote_note":"","_monsterinsights_sitenote_category":0,"footnotes":""},"categories":[41,17,34,43],"tags":[3779,423,3684],"class_list":["post-9727","post","type-post","status-publish","format-standard","has-post-thumbnail","hentry","category-agenda","category-bsb","category-destaque","category-releases","tag-acaosocialnacidadecult","tag-cidadecultpordentro-2","tag-nossonatal"],"_links":{"self":[{"href":"https:\/\/cidadecult.com.br\/index.php?rest_route=\/wp\/v2\/posts\/9727","targetHints":{"allow":["GET"]}}],"collection":[{"href":"https:\/\/cidadecult.com.br\/index.php?rest_route=\/wp\/v2\/posts"}],"about":[{"href":"https:\/\/cidadecult.com.br\/index.php?rest_route=\/wp\/v2\/types\/post"}],"author":[{"embeddable":true,"href":"https:\/\/cidadecult.com.br\/index.php?rest_route=\/wp\/v2\/users\/1441"}],"replies":[{"embeddable":true,"href":"https:\/\/cidadecult.com.br\/index.php?rest_route=%2Fwp%2Fv2%2Fcomments&post=9727"}],"version-history":[{"count":1,"href":"https:\/\/cidadecult.com.br\/index.php?rest_route=\/wp\/v2\/posts\/9727\/revisions"}],"predecessor-version":[{"id":9729,"href":"https:\/\/cidadecult.com.br\/index.php?rest_route=\/wp\/v2\/posts\/9727\/revisions\/9729"}],"wp:featuredmedia":[{"embeddable":true,"href":"https:\/\/cidadecult.com.br\/index.php?rest_route=\/wp\/v2\/media\/9728"}],"wp:attachment":[{"href":"https:\/\/cidadecult.com.br\/index.php?rest_route=%2Fwp%2Fv2%2Fmedia&parent=9727"}],"wp:term":[{"taxonomy":"category","embeddable":true,"href":"https:\/\/cidadecult.com.br\/index.php?rest_route=%2Fwp%2Fv2%2Fcategories&post=9727"},{"taxonomy":"post_tag","embeddable":true,"href":"https:\/\/cidadecult.com.br\/index.php?rest_route=%2Fwp%2Fv2%2Ftags&post=9727"}],"curies":[{"name":"wp","href":"https:\/\/api.w.org\/{rel}","templated":true}]}}