{"id":9660,"date":"2024-11-28T12:25:34","date_gmt":"2024-11-28T15:25:34","guid":{"rendered":"https:\/\/cidadecult.com.br\/?p=9660"},"modified":"2024-11-28T12:26:14","modified_gmt":"2024-11-28T15:26:14","slug":"iv-congresso-de-inovacao-ensino-e-pesquisa-do-igesdf","status":"publish","type":"post","link":"https:\/\/cidadecult.com.br\/?p=9660","title":{"rendered":"IV congresso de inova\u00e7\u00e3o, ensino e pesquisa do IgesDF!"},"content":{"rendered":"\n<p><em>Foto\/divulga\u00e7\u00e3o<\/em><\/p>\n\n\n\n<p><strong>O primeiro dia do &#8220;IV congresso de inova\u00e7\u00e3o, ensino e pesquisa&#8221;, realizado pelo Instituto de Gest\u00e3o Estrat\u00e9gica de Sa\u00fade do Distrito Federal (IgesDF), foi um marco de debates sobre o futuro da sa\u00fade p\u00fablica. Com mais de 2.100 inscritos, o evento no Hospital de Base destacou solu\u00e7\u00f5es inovadoras para melhorar o atendimento \u00e0 sa\u00fade, com foco em novas tecnologias e pr\u00e1ticas multidisciplinares.<\/strong><\/p>\n\n\n\n<p><strong>Integra\u00e7\u00e3o multidisciplinar no atendimento ao trauma<\/strong><\/p>\n\n\n\n<p>O evento come\u00e7ou com a palestra de <strong>Rodrigo Caselli<\/strong>, chefe do Trauma do Hospital de Base, que abordou <strong>a import\u00e2ncia da integra\u00e7\u00e3o entre diferentes especialidades no atendimento a pacientes traumatizados. <\/strong>Caselli explicou como equipes bem treinadas e organizadas podem<strong> reduzir o tempo de atendimento e melhorar os resultados,<\/strong> com um <strong>custo-benef\u00edcio significativo <\/strong>para os hospitais p\u00fablicos.<\/p>\n\n\n\n<p><strong>Avan\u00e7os tecnol\u00f3gicos na sa\u00fade: IA e rob\u00f4s no atendimento<\/strong><\/p>\n\n\n\n<p>Outro grande destaque foi a apresenta\u00e7\u00e3o de<strong> Chao Lung Wen<\/strong>, chefe da disciplina de <strong>Telemedicina da Faculdade de Medicina da USP,<\/strong> sobre o <strong>uso da intelig\u00eancia artificial (IA) e rob\u00f4s no atendimento m\u00e9dico de alta complexidade<\/strong>. O especialista previu que,<strong> at\u00e9 2030<\/strong>, a medicina ser\u00e1 <strong>cada vez mais integrada ao cotidiano das pessoas<\/strong>, com casas conectadas que permitir\u00e3o o monitoramento remoto de pacientes cr\u00f4nicos.<\/p>\n\n\n\n<p><strong>Inova\u00e7\u00e3o na experi\u00eancia do paciente<\/strong><\/p>\n\n\n\n<p>A mesa-redonda sobre <strong>inova\u00e7\u00e3o na experi\u00eancia do paciente<\/strong>, com <strong>especialistas do IgesDF<\/strong> e do<strong> Hospital da Crian\u00e7a de Bras\u00edlia, <\/strong>discutiu iniciativas que buscam<strong> melhorar o atendimento e a qualidade de vida dos pacientes,<\/strong> como <strong>atividades l\u00fadicas<\/strong> e <strong>ambientes mais acolhedores.<\/strong> A humaniza\u00e7\u00e3o no atendimento, como o programa &#8220;Humanizar&#8221;, tamb\u00e9m foi um tema central das discuss\u00f5es.<\/p>\n\n\n\n<p><strong>O dilema do chip da beleza<\/strong><\/p>\n\n\n\n<p>O dia foi encerrado com uma palestra sobre<strong> o impacto dos implantes hormonais manipulados na sa\u00fade cardiovascular das mulheres<\/strong>, dada pela<strong> cardiologista<\/strong> <strong>Alexandra Mesquita<\/strong>. A palestra abordou o <strong>aumento de doen\u00e7as cardiovasculares entre as mulheres, devido \u00e0 busca por padr\u00f5es est\u00e9ticos impostos pela m\u00eddia.<\/strong><\/p>\n\n\n\n<p><strong>O congresso continua<\/strong><\/p>\n\n\n\n<p>O<strong> IV congresso de inova\u00e7\u00e3o, ensino e pesquisa do IgesDF<\/strong> segue <strong>at\u00e9 hoje (28)<\/strong>, com <strong>mais palestras <\/strong>e <strong>discuss\u00f5es<\/strong> sobre<strong> inova\u00e7\u00f5es no campo da sa\u00fade p\u00fablica.<\/strong> <strong>O evento \u00e9 uma oportunidade \u00fanica de trocar experi\u00eancias e refletir sobre o futuro dos cuidados de sa\u00fade no Brasil.<\/strong><\/p>\n\n\n\n<p>Para mais informa\u00e7\u00f5es, acesse o site do <a href=\"https:\/\/www.bing.com\/ck\/a?!&amp;&amp;p=a9eef5203a4356f13f6222be6535b575549b42c1d68156d67b7683f31fa48a4eJmltdHM9MTczMjc1MjAwMA&amp;ptn=3&amp;ver=2&amp;hsh=4&amp;fclid=13d77726-e7a5-63c4-164c-6338e6a562ca&amp;psq=igesdf&amp;u=a1aHR0cHM6Ly9pZ2VzZGYub3JnLmJyLw&amp;ntb=1\">IgesDF.<\/a><\/p>\n","protected":false},"excerpt":{"rendered":"<p>Foto\/divulga\u00e7\u00e3o O primeiro dia do &#8220;IV congresso de inova\u00e7\u00e3o, ensino e pesquisa&#8221;, realizado pelo Instituto de Gest\u00e3o Estrat\u00e9gica de Sa\u00fade do Distrito Federal (IgesDF), foi um marco de debates sobre o futuro da sa\u00fade p\u00fablica. Com mais de 2.100 inscritos, o evento no Hospital de Base destacou solu\u00e7\u00f5es inovadoras para melhorar o atendimento \u00e0 sa\u00fade, [&hellip;]<\/p>\n","protected":false},"author":1441,"featured_media":9661,"comment_status":"open","ping_status":"open","sticky":false,"template":"","format":"standard","meta":{"_monsterinsights_skip_tracking":false,"_monsterinsights_sitenote_active":false,"_monsterinsights_sitenote_note":"","_monsterinsights_sitenote_category":0,"footnotes":""},"categories":[17,11],"tags":[423,3733],"class_list":["post-9660","post","type-post","status-publish","format-standard","has-post-thumbnail","hentry","category-bsb","category-health","tag-cidadecultpordentro-2","tag-ivcongressodeinovacao"],"_links":{"self":[{"href":"https:\/\/cidadecult.com.br\/index.php?rest_route=\/wp\/v2\/posts\/9660","targetHints":{"allow":["GET"]}}],"collection":[{"href":"https:\/\/cidadecult.com.br\/index.php?rest_route=\/wp\/v2\/posts"}],"about":[{"href":"https:\/\/cidadecult.com.br\/index.php?rest_route=\/wp\/v2\/types\/post"}],"author":[{"embeddable":true,"href":"https:\/\/cidadecult.com.br\/index.php?rest_route=\/wp\/v2\/users\/1441"}],"replies":[{"embeddable":true,"href":"https:\/\/cidadecult.com.br\/index.php?rest_route=%2Fwp%2Fv2%2Fcomments&post=9660"}],"version-history":[{"count":1,"href":"https:\/\/cidadecult.com.br\/index.php?rest_route=\/wp\/v2\/posts\/9660\/revisions"}],"predecessor-version":[{"id":9662,"href":"https:\/\/cidadecult.com.br\/index.php?rest_route=\/wp\/v2\/posts\/9660\/revisions\/9662"}],"wp:featuredmedia":[{"embeddable":true,"href":"https:\/\/cidadecult.com.br\/index.php?rest_route=\/wp\/v2\/media\/9661"}],"wp:attachment":[{"href":"https:\/\/cidadecult.com.br\/index.php?rest_route=%2Fwp%2Fv2%2Fmedia&parent=9660"}],"wp:term":[{"taxonomy":"category","embeddable":true,"href":"https:\/\/cidadecult.com.br\/index.php?rest_route=%2Fwp%2Fv2%2Fcategories&post=9660"},{"taxonomy":"post_tag","embeddable":true,"href":"https:\/\/cidadecult.com.br\/index.php?rest_route=%2Fwp%2Fv2%2Ftags&post=9660"}],"curies":[{"name":"wp","href":"https:\/\/api.w.org\/{rel}","templated":true}]}}