{"id":9656,"date":"2024-11-28T12:02:42","date_gmt":"2024-11-28T15:02:42","guid":{"rendered":"https:\/\/cidadecult.com.br\/?p=9656"},"modified":"2024-11-28T12:05:37","modified_gmt":"2024-11-28T15:05:37","slug":"fim-de-semana-cultural-em-brasilia-cinema-musica-e-muito-mais","status":"publish","type":"post","link":"https:\/\/cidadecult.com.br\/?p=9656","title":{"rendered":"Fim de semana cultural em Bras\u00edlia: cinema, m\u00fasica e muito mais!"},"content":{"rendered":"\n<p><em>Foto: Geovana Albuquerque<\/em><\/p>\n\n\n\n<p><strong>Este fim de semana, Bras\u00edlia estar\u00e1 repleta de eventos culturais para todos os gostos, com programa\u00e7\u00e3o diversificada de cinema, m\u00fasica e arte.<\/strong> Destaque para o &#8220;<strong>57\u00ba festival de Bras\u00edlia do cinema brasileiro<\/strong>&#8220;, que traz uma sele\u00e7\u00e3o imperd\u00edvel de <strong>filmes nacionais<\/strong>, al\u00e9m de <strong>shows<\/strong> e uma <strong>feira colaborativa de arte impressa. Confira abaixo as principais atra\u00e7\u00f5es!. <\/strong><\/p>\n\n\n\n<h3 class=\"wp-block-heading\">57\u00ba festival de Bras\u00edlia do cinema brasileiro<\/h3>\n\n\n\n<p>A capital federal recebe, de <strong>30 de novembro a 7 de dezembro<\/strong>, o &#8220;<strong>57\u00ba festival de Bras\u00edlia do cinema brasileiro<\/strong>&#8220;, que exibir\u00e1 mais de <strong>79 filmes brasileiros<\/strong> no <strong>Cine Bras\u00edlia<\/strong> e em diversas outras localidades, como <strong>Taguatinga<\/strong>, <strong>Gama<\/strong> e <strong>Planaltina<\/strong>. O festival \u00e9 uma oportunidade \u00fanica para conferir mostras competitivas e paralelas com filmes nacionais de diferentes g\u00eaneros e estilos.<\/p>\n\n\n\n<ul class=\"wp-block-list\">\n<li><strong>Ingressos<\/strong>: Para as sess\u00f5es da <strong>Mostra competitiva nacional<\/strong>, os ingressos custam <strong>R$ 20 (inteira) e R$ 10 (meia)<\/strong>, vendidos diretamente na <strong>bilheteira do Cine Bras\u00edlia. J\u00e1 as demais mostras e atividades s\u00e3o gratuitas.<\/strong><\/li>\n\n\n\n<li><strong>Cineclube vale do amanhecer<\/strong>: Em <strong>Planaltina<\/strong>, o projeto de democratiza\u00e7\u00e3o do cinema traz cl\u00e1ssicos nacionais e produ\u00e7\u00f5es independentes. As sess\u00f5es, que ocorrem nos dias <strong>29 de novembro<\/strong>, <strong>6<\/strong> e <strong>13 de dezembro<\/strong>, s\u00e3o gratuitas.<\/li>\n<\/ul>\n\n\n\n<h3 class=\"wp-block-heading\">Programa\u00e7\u00e3o musical no Cine Bras\u00edlia<\/h3>\n\n\n\n<p>A m\u00fasica ser\u00e1 uma atra\u00e7\u00e3o \u00e0 parte no Festival, com shows gratuitos todos os dias no <strong>Cine Bras\u00edlia<\/strong> e em outras localidades. Confira alguns dos destaques:<\/p>\n\n\n\n<ul class=\"wp-block-list\">\n<li><strong>S\u00e1bado (30\/11)<\/strong>: Festa de Abertura com Sistema Criolina, DJ Pez\u00e3o, DJ Barata e DJ Ops.<\/li>\n\n\n\n<li><strong>Domingo (1\/12)<\/strong>: DJ Pequi, DJ Carol Costa e Samba da Passarinha.<\/li>\n\n\n\n<li><strong>2\/12<\/strong>: Discoteca \u00c1rabe com El Roquer e DJ Savana.<\/li>\n\n\n\n<li><strong>3\/12<\/strong>: Vinil com DJ Mak, DJ PSK e DJ Ogunda-O.<\/li>\n<\/ul>\n\n\n\n<p>Al\u00e9m disso, as cidades-sat\u00e9lites tamb\u00e9m ter\u00e3o suas atra\u00e7\u00f5es musicais, com programa\u00e7\u00e3o em locais como <strong>Planaltina<\/strong>, <strong>Taguatinga<\/strong> e <strong>Gama<\/strong>. N\u00e3o perca a chance de curtir desde o samba at\u00e9 a discoteca \u00e1rabe em diversos pontos da cidade.<\/p>\n\n\n\n<h3 class=\"wp-block-heading\"><strong>Festival Ferrock: ecologia e rock<\/strong><\/h3>\n\n\n\n<p>O <strong>Festival Ferrock<\/strong>, no <strong>Campus da UnB em Ceil\u00e2ndia<\/strong>, traz uma programa\u00e7\u00e3o especial de rock e debates sobre o meio ambiente. <strong>Das 8h \u00e0s 18h<\/strong>, o evento contar\u00e1 com plantio de mudas, bate-papos sobre sustentabilidade e shows das bandas <strong>Tritio<\/strong>, <strong>Zuada<\/strong>, <strong>Arqv\u00edrus<\/strong>, <strong>Cerrado Hostil<\/strong> e muitas outras. A entrada \u00e9 franca!<\/p>\n\n\n\n<h3 class=\"wp-block-heading\"><strong>Periferia em movimento<\/strong><\/h3>\n\n\n\n<p>No <strong>Sol Nascente<\/strong>, o festival <strong>Periferia em Movimento<\/strong> oferece um fim de semana de cultura urbana, com <strong>oficinas gratuitas<\/strong> e apresenta\u00e7\u00f5es musicais. O evento ter\u00e1 shows de <strong>DJ DuduMano<\/strong>, <strong>Nild\u00e3o Combatente<\/strong>, <strong>MCs<\/strong>, al\u00e9m de rodas de conversa e semin\u00e1rios sobre cultura e arte.<\/p>\n\n\n\n<h3 class=\"wp-block-heading\">Feira Motim: arte impressa<\/h3>\n\n\n\n<p>Neste fim de semana, o <strong>Museu Nacional da Rep\u00fablica<\/strong> recebe a <strong>15\u00aa edi\u00e7\u00e3o da Feira Motim<\/strong>, uma feira colaborativa de arte impressa com mais de <strong>200 expositores<\/strong>. O evento \u00e9 gratuito e \u00e9 uma \u00f3tima oportunidade para conhecer e adquirir arte local e criativa.<\/p>\n\n\n\n<h3 class=\"wp-block-heading\"><strong>Clube do Choro<\/strong><\/h3>\n\n\n\n<p>O <strong>Clube do Choro<\/strong> tamb\u00e9m traz atra\u00e7\u00f5es imperd\u00edveis no fim de semana, com shows de <strong>Augusto Silva &amp; Frevo Novo<\/strong> (sexta-feira) e <strong>Diego Amador &amp; Jos\u00e9 Mar\u00eda Bandera<\/strong> (s\u00e1bado), celebrando a fus\u00e3o de ritmos e a m\u00fasica flamenca.<\/p>\n\n\n\n<p>Bras\u00edlia \u00e9 um verdadeiro centro cultural neste fim de semana, com uma programa\u00e7\u00e3o que vai desde o <strong>cinema brasileiro<\/strong> at\u00e9 <strong>eventos musicais<\/strong> e <strong>artes visuais<\/strong>. Se voc\u00ea gosta de cultura, m\u00fasica e arte, n\u00e3o deixe de conferir essas op\u00e7\u00f5es incr\u00edveis espalhadas pela cidade!. <\/p>\n\n\n\n<p><\/p>\n","protected":false},"excerpt":{"rendered":"<p>Foto: Geovana Albuquerque Este fim de semana, Bras\u00edlia estar\u00e1 repleta de eventos culturais para todos os gostos, com programa\u00e7\u00e3o diversificada de cinema, m\u00fasica e arte. Destaque para o &#8220;57\u00ba festival de Bras\u00edlia do cinema brasileiro&#8220;, que traz uma sele\u00e7\u00e3o imperd\u00edvel de filmes nacionais, al\u00e9m de shows e uma feira colaborativa de arte impressa. Confira abaixo [&hellip;]<\/p>\n","protected":false},"author":1441,"featured_media":9657,"comment_status":"open","ping_status":"open","sticky":false,"template":"","format":"standard","meta":{"_monsterinsights_skip_tracking":false,"_monsterinsights_sitenote_active":false,"_monsterinsights_sitenote_note":"","_monsterinsights_sitenote_category":0,"footnotes":""},"categories":[17],"tags":[429,499],"class_list":["post-9656","post","type-post","status-publish","format-standard","has-post-thumbnail","hentry","category-bsb","tag-brasilia-3","tag-fimdesemanacultural"],"_links":{"self":[{"href":"https:\/\/cidadecult.com.br\/index.php?rest_route=\/wp\/v2\/posts\/9656","targetHints":{"allow":["GET"]}}],"collection":[{"href":"https:\/\/cidadecult.com.br\/index.php?rest_route=\/wp\/v2\/posts"}],"about":[{"href":"https:\/\/cidadecult.com.br\/index.php?rest_route=\/wp\/v2\/types\/post"}],"author":[{"embeddable":true,"href":"https:\/\/cidadecult.com.br\/index.php?rest_route=\/wp\/v2\/users\/1441"}],"replies":[{"embeddable":true,"href":"https:\/\/cidadecult.com.br\/index.php?rest_route=%2Fwp%2Fv2%2Fcomments&post=9656"}],"version-history":[{"count":1,"href":"https:\/\/cidadecult.com.br\/index.php?rest_route=\/wp\/v2\/posts\/9656\/revisions"}],"predecessor-version":[{"id":9658,"href":"https:\/\/cidadecult.com.br\/index.php?rest_route=\/wp\/v2\/posts\/9656\/revisions\/9658"}],"wp:featuredmedia":[{"embeddable":true,"href":"https:\/\/cidadecult.com.br\/index.php?rest_route=\/wp\/v2\/media\/9657"}],"wp:attachment":[{"href":"https:\/\/cidadecult.com.br\/index.php?rest_route=%2Fwp%2Fv2%2Fmedia&parent=9656"}],"wp:term":[{"taxonomy":"category","embeddable":true,"href":"https:\/\/cidadecult.com.br\/index.php?rest_route=%2Fwp%2Fv2%2Fcategories&post=9656"},{"taxonomy":"post_tag","embeddable":true,"href":"https:\/\/cidadecult.com.br\/index.php?rest_route=%2Fwp%2Fv2%2Ftags&post=9656"}],"curies":[{"name":"wp","href":"https:\/\/api.w.org\/{rel}","templated":true}]}}