{"id":9652,"date":"2024-11-28T11:56:01","date_gmt":"2024-11-28T14:56:01","guid":{"rendered":"https:\/\/cidadecult.com.br\/?p=9652"},"modified":"2024-11-28T11:56:38","modified_gmt":"2024-11-28T14:56:38","slug":"forum-nacional-de-governadores-discute-empreendedorismo-no-combate-a-fome","status":"publish","type":"post","link":"https:\/\/cidadecult.com.br\/?p=9652","title":{"rendered":"F\u00f3rum Nacional de Governadores discute empreendedorismo no combate \u00e0 fome!"},"content":{"rendered":"\n<p><em>Foto: Renato Alves<\/em><\/p>\n\n\n\n<p><strong>Hoje, dia 28 de novembro, Bras\u00edlia sediou a 15\u00aa edi\u00e7\u00e3o do F\u00f3rum Nacional de Governadores, que teve como destaque a discuss\u00e3o sobre o fortalecimento de programas de combate \u00e0 fome e \u00e0 pobreza.<\/strong> A abertura do evento foi realizada pelo <strong>governador Ibaneis Rocha, que ressaltou a import\u00e2ncia de debater temas fundamentais para a gest\u00e3o p\u00fablica e o desenvolvimento do pa\u00eds.<\/strong><\/p>\n\n\n\n<p>Durante o evento, o <strong>ministro do Desenvolvimento e Assist\u00eancia Social, Fam\u00edlia e Combate \u00e0 Fome, Wellington Dias,<\/strong> apresentou <strong>propostas focadas no empreendedorismo <\/strong>e <strong>gera\u00e7\u00e3o de emprego como principais ferramentas para tirar as pessoas da vulnerabilidade social<\/strong>. <strong>O ministro explicou que o combate \u00e0 fome deve ir al\u00e9m da distribui\u00e7\u00e3o de alimentos, integrando a\u00e7\u00f5es que promovam a autonomia financeira das fam\u00edlias.<\/strong><\/p>\n\n\n\n<p>\u201c<strong>Precisamos trabalhar o social como parte do desenvolvimento econ\u00f4mico<\/strong>.<strong> A ideia \u00e9 gerar oportunidades <\/strong>para que as pessoas possam sair da <strong>pobreza<\/strong>, n\u00e3o apenas da <strong>fome.<\/strong> O caminho mais potente \u00e9 o emprego e o empreendedorismo\u201d, afirmou Wellington Dias.<\/p>\n\n\n\n<p>Uma das principais propostas foi a capacita\u00e7\u00e3o das pessoas atendidas pelo &#8220;Cadastro \u00fanico&#8221;, preparando-as para ingressar no mercado de trabalho ou empreender. A parceria com o Sistema S, redes de educa\u00e7\u00e3o estaduais e grandes empresas ser\u00e1 fundamental para implementar essas a\u00e7\u00f5es, <strong>proporcionando aos brasileiros uma forma\u00e7\u00e3o que os tire da condi\u00e7\u00e3o de vulnerabilidade social.<\/strong><\/p>\n\n\n\n<p>O F\u00f3rum tamb\u00e9m abordou outros<strong> temas essenciais<\/strong>, como<strong> seguran\u00e7a p\u00fablica, sa\u00fade <\/strong>e <strong>reforma tribut\u00e1ria, <\/strong>com <strong>foco na cria\u00e7\u00e3o de solu\u00e7\u00f5es que beneficiem todos os estados e melhorem a qualidade de vida da popula\u00e7\u00e3o.<\/strong><\/p>\n\n\n\n<p><strong>Este encontro refor\u00e7a a import\u00e2ncia de iniciativas colaborativas entre governo federal, estaduais e a iniciativa privada, com o objetivo de combater a pobreza de forma eficaz e duradoura, promovendo o desenvolvimento econ\u00f4mico e social do pa\u00eds.<\/strong><\/p>\n","protected":false},"excerpt":{"rendered":"<p>Foto: Renato Alves Hoje, dia 28 de novembro, Bras\u00edlia sediou a 15\u00aa edi\u00e7\u00e3o do F\u00f3rum Nacional de Governadores, que teve como destaque a discuss\u00e3o sobre o fortalecimento de programas de combate \u00e0 fome e \u00e0 pobreza. A abertura do evento foi realizada pelo governador Ibaneis Rocha, que ressaltou a import\u00e2ncia de debater temas fundamentais para [&hellip;]<\/p>\n","protected":false},"author":1441,"featured_media":9653,"comment_status":"open","ping_status":"open","sticky":false,"template":"","format":"standard","meta":{"_monsterinsights_skip_tracking":false,"_monsterinsights_sitenote_active":false,"_monsterinsights_sitenote_note":"","_monsterinsights_sitenote_category":0,"footnotes":""},"categories":[17],"tags":[429,423,3732,3731,520],"class_list":["post-9652","post","type-post","status-publish","format-standard","has-post-thumbnail","hentry","category-bsb","tag-brasilia-3","tag-cidadecultpordentro-2","tag-combateafome","tag-forumnacional-2","tag-gdf-2"],"_links":{"self":[{"href":"https:\/\/cidadecult.com.br\/index.php?rest_route=\/wp\/v2\/posts\/9652","targetHints":{"allow":["GET"]}}],"collection":[{"href":"https:\/\/cidadecult.com.br\/index.php?rest_route=\/wp\/v2\/posts"}],"about":[{"href":"https:\/\/cidadecult.com.br\/index.php?rest_route=\/wp\/v2\/types\/post"}],"author":[{"embeddable":true,"href":"https:\/\/cidadecult.com.br\/index.php?rest_route=\/wp\/v2\/users\/1441"}],"replies":[{"embeddable":true,"href":"https:\/\/cidadecult.com.br\/index.php?rest_route=%2Fwp%2Fv2%2Fcomments&post=9652"}],"version-history":[{"count":2,"href":"https:\/\/cidadecult.com.br\/index.php?rest_route=\/wp\/v2\/posts\/9652\/revisions"}],"predecessor-version":[{"id":9655,"href":"https:\/\/cidadecult.com.br\/index.php?rest_route=\/wp\/v2\/posts\/9652\/revisions\/9655"}],"wp:featuredmedia":[{"embeddable":true,"href":"https:\/\/cidadecult.com.br\/index.php?rest_route=\/wp\/v2\/media\/9653"}],"wp:attachment":[{"href":"https:\/\/cidadecult.com.br\/index.php?rest_route=%2Fwp%2Fv2%2Fmedia&parent=9652"}],"wp:term":[{"taxonomy":"category","embeddable":true,"href":"https:\/\/cidadecult.com.br\/index.php?rest_route=%2Fwp%2Fv2%2Fcategories&post=9652"},{"taxonomy":"post_tag","embeddable":true,"href":"https:\/\/cidadecult.com.br\/index.php?rest_route=%2Fwp%2Fv2%2Ftags&post=9652"}],"curies":[{"name":"wp","href":"https:\/\/api.w.org\/{rel}","templated":true}]}}