{"id":9647,"date":"2024-11-28T11:42:49","date_gmt":"2024-11-28T14:42:49","guid":{"rendered":"https:\/\/cidadecult.com.br\/?p=9647"},"modified":"2024-11-28T11:44:31","modified_gmt":"2024-11-28T14:44:31","slug":"drenar-df-oportunidade-de-aprendizado-para-estudantes-de-engenharia-civil-e-arquitetura","status":"publish","type":"post","link":"https:\/\/cidadecult.com.br\/?p=9647","title":{"rendered":"Drenar DF: oportunidade de aprendizado para estudantes de engenharia civil e arquitetura!"},"content":{"rendered":"\n<p><em>Foto: Tony Oliveira<\/em> <\/p>\n\n\n\n<p><strong>O Drenar DF, o maior programa de capta\u00e7\u00e3o de \u00e1guas pluviais do Governo do Distrito Federal (GDF), \u00e9 um exemplo de como grandes projetos de infraestrutura n\u00e3o s\u00f3 beneficiam a cidade, mas tamb\u00e9m oferecem valiosas oportunidades de aprendizado para os futuros profissionais<\/strong>. Desde <strong>mar\u00e7o de 2023<\/strong>, cerca de<strong> mil estudantes <\/strong>dos cursos de <strong>engenharia civil<\/strong> e <strong>arquitetura<\/strong> visitaram as obras e os t\u00faneis do programa, <strong>que est\u00e3o ajudando a resolver o problema de alagamentos na cidade.<\/strong><\/p>\n\n\n\n<p><strong>Visitas t\u00e9cnicas: teoria e pr\u00e1tica em grande escala<\/strong><\/p>\n\n\n\n<p>As <strong>visitas t\u00e9cnicas <\/strong>ao <strong>Drenar DF<\/strong> t\u00eam sido <strong>realizadas periodicamente<\/strong>, <strong>proporcionando aos universit\u00e1rios a chance de vivenciar a aplica\u00e7\u00e3o dos conceitos aprendidos em sala de aula<\/strong>. Antes de acompanharem a obra de perto, os alunos participam de<strong> apresenta\u00e7\u00f5es na sede da<\/strong> <strong>Terracap<\/strong>, onde s\u00e3o <strong>detalhados aspectos t\u00e9cnicos do projeto<\/strong>, como escava\u00e7\u00f5es, drenagem e as dificuldades enfrentadas. Ao visitar a bacia de deten\u00e7\u00e3o e os 7,7 km de t\u00faneis,<strong> os estudantes t\u00eam uma vis\u00e3o concreta do que significa trabalhar em grandes projetos de infraestrutura.<\/strong><\/p>\n\n\n\n<p><strong>Aprendizado para o futuro profissional<\/strong><\/p>\n\n\n\n<p>Para muitos estudantes, a experi\u00eancia no <strong>Drenar DF<\/strong> \u00e9 reveladora.<strong> Alunas de engenharia civil da UnB, <\/strong>como Catarina de Matos e Alessandra Roma, <strong>destacam como a visita foi uma forma de entender a grandeza e os desafios de uma obra dessa magnitude, al\u00e9m de perceberem as diferen\u00e7as entre a teoria e a pr\u00e1tica. <\/strong>\u201cFoi uma experi\u00eancia muito divertida e educativa, que me incentivou a participar do curso de forma mais ativa\u201d, afirma Catarina.<\/p>\n\n\n\n<p>Para a <strong>coordenadora <\/strong>do <strong>curso <\/strong>de <strong>engenharia civil<\/strong> do <strong>UDF<\/strong>, <strong>Nathalia Boaventura<\/strong>, a visita agrega<strong> valor \u00e0 forma\u00e7\u00e3o dos futuros engenheiros.<\/strong> Ela ressalta que o <strong>Drenar DF<\/strong> vai <strong>muito al\u00e9m da constru\u00e7\u00e3o de casas<\/strong>, ele exemplifica como <strong>projetos de infraestrutura invis\u00edveis \u00e0 maioria da popula\u00e7\u00e3o t\u00eam um grande impacto no dia a dia da cidade.<\/strong><\/p>\n\n\n\n<p><strong>Urbanismo e sustentabilidade: a perspectiva de arquitetos<\/strong><\/p>\n\n\n\n<p>Neste m\u00eas, estudantes de <strong>arquitetura e urbanismo<\/strong> tamb\u00e9m tiveram a oportunidade de conhecer de perto o<strong> impacto do projeto no planejamento urbano da cidade.<\/strong> A coordenadora do curso de <strong>arquitetura<\/strong> do <strong>IESB<\/strong>, <strong>Larissa de Aguiar Cayres,<\/strong> enfatiza a <strong>import\u00e2ncia de ver, na pr\u00e1tica, quest\u00f5es que s\u00e3o apenas discutidas na teoria, como o solo, as escava\u00e7\u00f5es e a adapta\u00e7\u00e3o de Bras\u00edlia para obras de grande porte.<\/strong><\/p>\n\n\n\n<p><strong>O legado do Drenar DF: sustentabilidade e qualidade de vida<\/strong><\/p>\n\n\n\n<p>Al\u00e9m de resolver problemas estruturais com a drenagem das \u00e1guas pluviais, o <strong>Drenar DF<\/strong> prev\u00ea a cria\u00e7\u00e3o do &#8220;<strong>Parque urbano internacional da paz<\/strong>&#8220;, <strong>um novo espa\u00e7o verde para a cidade<\/strong>. Com 5 mil m\u00b2 de \u00e1rea livre, o parque contar\u00e1 com esculturas, <strong>\u00e1rvores frut\u00edferas<\/strong> e uma <strong>ciclovia<\/strong>, proporcionando \u00e0 popula\u00e7\u00e3o um <strong>ambiente sustent\u00e1vel e integrado \u00e0 cidade.<\/strong><\/p>\n\n\n\n<p><strong>Para estudantes de arquitetura como Dimitri Medeiros e Rita Munck, a visita foi uma oportunidade \u00fanica para entender a import\u00e2ncia do urbanismo em uma cidade tombada e como o Drenar DF vai transformar Bras\u00edlia, tornando-a mais resiliente e com mais qualidade de vida para seus habitantes.<\/strong><\/p>\n\n\n\n<p><strong>Para os futuros engenheiros e arquitetos de Bras\u00edlia, a experi\u00eancia adquirida nas obras \u00e9 uma prepara\u00e7\u00e3o valiosa para uma carreira marcada por desafios, inova\u00e7\u00e3o e compromisso com a cidade e a sustentabilidade.<\/strong><\/p>\n\n\n\n<p>Este \u00e9 mais um exemplo de como a <strong>uni\u00e3o entre educa\u00e7\u00e3o e grandes projetos urbanos<\/strong> podem <strong>transformar a realidade de uma cidade<\/strong>, oferecendo \u00e0s<strong> futuras gera\u00e7\u00f5es <\/strong>as <strong>ferramentas para um futuro mais inteligente e sustent\u00e1vel.<\/strong><\/p>\n\n\n\n<p><\/p>\n","protected":false},"excerpt":{"rendered":"<p>Foto: Tony Oliveira O Drenar DF, o maior programa de capta\u00e7\u00e3o de \u00e1guas pluviais do Governo do Distrito Federal (GDF), \u00e9 um exemplo de como grandes projetos de infraestrutura n\u00e3o s\u00f3 beneficiam a cidade, mas tamb\u00e9m oferecem valiosas oportunidades de aprendizado para os futuros profissionais. Desde mar\u00e7o de 2023, cerca de mil estudantes dos cursos [&hellip;]<\/p>\n","protected":false},"author":1441,"featured_media":9648,"comment_status":"open","ping_status":"open","sticky":false,"template":"","format":"standard","meta":{"_monsterinsights_skip_tracking":false,"_monsterinsights_sitenote_active":false,"_monsterinsights_sitenote_note":"","_monsterinsights_sitenote_category":0,"footnotes":""},"categories":[17,34,290],"tags":[419,403,510,423,3724,3726,3725,3729,520,859,3728],"class_list":["post-9647","post","type-post","status-publish","format-standard","has-post-thumbnail","hentry","category-bsb","category-destaque","category-educacao","tag-brasiliadf-2","tag-cidadecult-2","tag-cidadecultbrasilia","tag-cidadecultpordentro-2","tag-drenardf","tag-engenhariacivil","tag-estudantes","tag-futuroprofissional","tag-gdf-2","tag-sustentabilidade-2","tag-visitastecnicas"],"_links":{"self":[{"href":"https:\/\/cidadecult.com.br\/index.php?rest_route=\/wp\/v2\/posts\/9647","targetHints":{"allow":["GET"]}}],"collection":[{"href":"https:\/\/cidadecult.com.br\/index.php?rest_route=\/wp\/v2\/posts"}],"about":[{"href":"https:\/\/cidadecult.com.br\/index.php?rest_route=\/wp\/v2\/types\/post"}],"author":[{"embeddable":true,"href":"https:\/\/cidadecult.com.br\/index.php?rest_route=\/wp\/v2\/users\/1441"}],"replies":[{"embeddable":true,"href":"https:\/\/cidadecult.com.br\/index.php?rest_route=%2Fwp%2Fv2%2Fcomments&post=9647"}],"version-history":[{"count":1,"href":"https:\/\/cidadecult.com.br\/index.php?rest_route=\/wp\/v2\/posts\/9647\/revisions"}],"predecessor-version":[{"id":9649,"href":"https:\/\/cidadecult.com.br\/index.php?rest_route=\/wp\/v2\/posts\/9647\/revisions\/9649"}],"wp:featuredmedia":[{"embeddable":true,"href":"https:\/\/cidadecult.com.br\/index.php?rest_route=\/wp\/v2\/media\/9648"}],"wp:attachment":[{"href":"https:\/\/cidadecult.com.br\/index.php?rest_route=%2Fwp%2Fv2%2Fmedia&parent=9647"}],"wp:term":[{"taxonomy":"category","embeddable":true,"href":"https:\/\/cidadecult.com.br\/index.php?rest_route=%2Fwp%2Fv2%2Fcategories&post=9647"},{"taxonomy":"post_tag","embeddable":true,"href":"https:\/\/cidadecult.com.br\/index.php?rest_route=%2Fwp%2Fv2%2Ftags&post=9647"}],"curies":[{"name":"wp","href":"https:\/\/api.w.org\/{rel}","templated":true}]}}