{"id":9529,"date":"2024-11-26T09:42:14","date_gmt":"2024-11-26T12:42:14","guid":{"rendered":"https:\/\/cidadecult.com.br\/?p=9529"},"modified":"2024-11-26T09:43:48","modified_gmt":"2024-11-26T12:43:48","slug":"nati-maia-lanca-campanha-novembro-azul-para-conscientizar-sobre-a-saude-masculina","status":"publish","type":"post","link":"https:\/\/cidadecult.com.br\/?p=9529","title":{"rendered":"Nati Maia lan\u00e7a campanha \u201cNovembro azul\u201d para conscientizar sobre a sa\u00fade masculina"},"content":{"rendered":"\n<p><em>Foto\/divulga\u00e7\u00e3o<\/em><\/p>\n\n\n\n<p>O m\u00eas de <strong>novembro<\/strong> ganha mais cor e significado com a campanha <strong>\u201cNovembro azul\u201d<\/strong>, lan\u00e7ada pela artista e maquiadora brasiliense <strong>Nati Maia<\/strong>. A iniciativa integra o <strong>Calend\u00e1rio Art\u00edstico Preventivo (C.A.P)<\/strong>, <strong>um projeto que une arte e conscientiza\u00e7\u00e3o para destacar temas de sa\u00fade e causas sociais ao longo do ano.<\/strong><\/p>\n\n\n\n<p>Realizado com recursos do <strong>Fundo de Apoio \u00e0 Cultura do Distrito Federal (FAC\/DF)<\/strong>, o projeto chega ao <strong>d\u00e9cimo primeiro m\u00eas<\/strong> com foco na <strong>sa\u00fade do homem,<\/strong> especialmente na preven\u00e7\u00e3o e no diagn\u00f3stico precoce do c\u00e2ncer de pr\u00f3stata, o segundo mais comum entre os homens no Brasil.<\/p>\n\n\n\n<h3 class=\"wp-block-heading\"><strong>Arte a servi\u00e7o da sa\u00fade<\/strong><\/h3>\n\n\n\n<p>A campanha \u201cNovembro azul\u201d conta com um <strong>ensaio fotogr\u00e1fico<\/strong> que traz o <strong>modelo Camilo Lima<\/strong>, <strong>maquiado por Nati Maia<\/strong>, com<strong> fotografia de Jos\u00e9 Eduardo Ferreira<\/strong> e <strong>produ\u00e7\u00e3o de Jefferson Le\u00e3o<\/strong>, em parceria com o <strong>Est\u00fadio Laje<\/strong>. As imagens ser\u00e3o divulgadas no Instagram do projeto: <a href=\"https:\/\/www.instagram.com\/calendario_art_prev\">@calendario_art_prev<\/a>.<\/p>\n\n\n\n<p>\u201c<strong>Queremos chamar aten\u00e7\u00e3o para a import\u00e2ncia do cuidado com a sa\u00fade masculina<\/strong>, j\u00e1 que muitos homens ainda resistem a buscar ajuda m\u00e9dica. <strong>Al\u00e9m de tratar da sa\u00fade geral<\/strong>, abordamos o <strong>c\u00e2ncer de pr\u00f3stata,<\/strong> cujas taxas de incid\u00eancia aumentam ap\u00f3s os 50 anos\u201d, destaca Nati Maia.<\/p>\n\n\n\n<h3 class=\"wp-block-heading\"><strong>O que \u00e9 o Calend\u00e1rio Art\u00edstico Preventivo (C.A.P)?<\/strong><\/h3>\n\n\n\n<p>Desde <strong>janeiro de 2024<\/strong>, <strong>o C.A.P promove um ensaio fotogr\u00e1fico para cada m\u00eas, utilizando cores e temas relacionados \u00e0s campanhas de conscientiza\u00e7\u00e3o<\/strong>, como o<strong> Outubro Rosa <\/strong>e o <strong>Novembro Azul. <\/strong>Ao todo, ser\u00e3o <strong>12 meses de postagens di\u00e1rias e 365 dias de arte<\/strong>.<\/p>\n\n\n\n<p>Al\u00e9m das <strong>imagens publicadas nas redes sociais<\/strong>, a iniciativa inclui a<strong> distribui\u00e7\u00e3o de panfletos informativos em locais estrat\u00e9gicos do Distrito Federal <\/strong>e culminar\u00e1 em dezembro com uma <strong>exposi\u00e7\u00e3o <\/strong>no <strong>Espa\u00e7o Cultural Renato Russo: 508 Sul<\/strong>. Na ocasi\u00e3o, ser\u00e1 lan\u00e7ado um <strong>calend\u00e1rio f\u00edsico para 2025, reunindo todas as fotografias do projeto.<\/strong><\/p>\n\n\n\n<h3 class=\"wp-block-heading\"><strong>Exposi\u00e7\u00e3o final em dezembro<\/strong><\/h3>\n\n\n\n<p>O <strong>encerramento<\/strong> do <strong>C.A.P <\/strong>contar\u00e1 com um<strong> coquetel de lan\u00e7amento<\/strong> do calend\u00e1rio e a <strong>exposi\u00e7\u00e3o completa das fotografias<\/strong>. <strong>O evento ser\u00e1 aberto ao p\u00fablico e gratuito, celebrando um ano inteiro de conscientiza\u00e7\u00e3o atrav\u00e9s da arte.<\/strong><\/p>\n\n\n\n<h3 class=\"wp-block-heading\"><strong>Acompanhe a campanha<\/strong><\/h3>\n\n\n\n<ul class=\"wp-block-list\">\n<li><strong>Instagram:<\/strong> <a href=\"https:\/\/www.instagram.com\/calendario_art_prev\">@calendario_art_prev<\/a><\/li>\n\n\n\n<li><strong>Gratuito<\/strong><\/li>\n\n\n\n<li><strong>Classifica\u00e7\u00e3o:<\/strong> <strong>Livre para todos os p\u00fablicos<\/strong><\/li>\n<\/ul>\n\n\n\n<p>Acompanhe, compartilhe e participe dessa campanha que <strong>transforma arte em sa\u00fade e conscientiza\u00e7\u00e3o!<\/strong>. <\/p>\n","protected":false},"excerpt":{"rendered":"<p>Foto\/divulga\u00e7\u00e3o O m\u00eas de novembro ganha mais cor e significado com a campanha \u201cNovembro azul\u201d, lan\u00e7ada pela artista e maquiadora brasiliense Nati Maia. A iniciativa integra o Calend\u00e1rio Art\u00edstico Preventivo (C.A.P), um projeto que une arte e conscientiza\u00e7\u00e3o para destacar temas de sa\u00fade e causas sociais ao longo do ano. Realizado com recursos do Fundo [&hellip;]<\/p>\n","protected":false},"author":1441,"featured_media":9530,"comment_status":"open","ping_status":"open","sticky":false,"template":"","format":"standard","meta":{"_monsterinsights_skip_tracking":false,"_monsterinsights_sitenote_active":false,"_monsterinsights_sitenote_note":"","_monsterinsights_sitenote_category":0,"footnotes":""},"categories":[17,34,11],"tags":[570,1017,1838,3555,3651],"class_list":["post-9529","post","type-post","status-publish","format-standard","has-post-thumbnail","hentry","category-bsb","category-destaque","category-health","tag-fac-2","tag-facdf","tag-natimaia","tag-novembroazul","tag-saudemasculina"],"_links":{"self":[{"href":"https:\/\/cidadecult.com.br\/index.php?rest_route=\/wp\/v2\/posts\/9529","targetHints":{"allow":["GET"]}}],"collection":[{"href":"https:\/\/cidadecult.com.br\/index.php?rest_route=\/wp\/v2\/posts"}],"about":[{"href":"https:\/\/cidadecult.com.br\/index.php?rest_route=\/wp\/v2\/types\/post"}],"author":[{"embeddable":true,"href":"https:\/\/cidadecult.com.br\/index.php?rest_route=\/wp\/v2\/users\/1441"}],"replies":[{"embeddable":true,"href":"https:\/\/cidadecult.com.br\/index.php?rest_route=%2Fwp%2Fv2%2Fcomments&post=9529"}],"version-history":[{"count":1,"href":"https:\/\/cidadecult.com.br\/index.php?rest_route=\/wp\/v2\/posts\/9529\/revisions"}],"predecessor-version":[{"id":9531,"href":"https:\/\/cidadecult.com.br\/index.php?rest_route=\/wp\/v2\/posts\/9529\/revisions\/9531"}],"wp:featuredmedia":[{"embeddable":true,"href":"https:\/\/cidadecult.com.br\/index.php?rest_route=\/wp\/v2\/media\/9530"}],"wp:attachment":[{"href":"https:\/\/cidadecult.com.br\/index.php?rest_route=%2Fwp%2Fv2%2Fmedia&parent=9529"}],"wp:term":[{"taxonomy":"category","embeddable":true,"href":"https:\/\/cidadecult.com.br\/index.php?rest_route=%2Fwp%2Fv2%2Fcategories&post=9529"},{"taxonomy":"post_tag","embeddable":true,"href":"https:\/\/cidadecult.com.br\/index.php?rest_route=%2Fwp%2Fv2%2Ftags&post=9529"}],"curies":[{"name":"wp","href":"https:\/\/api.w.org\/{rel}","templated":true}]}}