{"id":9503,"date":"2024-11-25T10:59:58","date_gmt":"2024-11-25T13:59:58","guid":{"rendered":"https:\/\/cidadecult.com.br\/?p=9503"},"modified":"2024-11-25T11:00:43","modified_gmt":"2024-11-25T14:00:43","slug":"jornada-literaria-2024-turismo-e-literatura-em-brasilia","status":"publish","type":"post","link":"https:\/\/cidadecult.com.br\/?p=9503","title":{"rendered":"Jornada liter\u00e1ria 2024: turismo e literatura em Bras\u00edlia"},"content":{"rendered":"\n<p><em>Foto\/divulga\u00e7\u00e3o<\/em><\/p>\n\n\n\n<p><strong>A Jornada Liter\u00e1ria 2024: patrim\u00f4nio e turismo oferece uma experi\u00eancia \u00fanica que conecta a literatura \u00e0 hist\u00f3ria de Bras\u00edlia, convidando o p\u00fablico a explorar o patrim\u00f4nio cultural da cidade de forma educativa e imersiva. At\u00e9 dezembro, o projeto realiza palestras preparat\u00f3rias e visitas guiadas aos principais monumentos e pontos hist\u00f3ricos de Bras\u00edlia, promovendo uma viv\u00eancia interativa que mistura cultura, turismo e aprendizado.<\/strong><\/p>\n\n\n\n<h3 class=\"wp-block-heading\"><strong>Uma experi\u00eancia imersiva de conhecimento e cultura<\/strong><\/h3>\n\n\n\n<p>Idealizado pela <strong>Associa\u00e7\u00e3o Cultural Jornada Liter\u00e1ria DF<\/strong>, o programa tem como objetivo democratizar o acesso ao patrim\u00f4nio cultural da capital, com foco em estudantes da rede p\u00fablica de Sobradinho, Planaltina, S\u00e3o Sebasti\u00e3o, Parano\u00e1 e Itapo\u00e3, al\u00e9m de idosos dessas regi\u00f5es. Durante o projeto, os participantes ter\u00e3o a chance de mergulhar na hist\u00f3ria da cidade por meio de narrativas liter\u00e1rias que conectam passado e presente.<\/p>\n\n\n\n<p>\u201c<strong>A literatura serve como uma ponte para entender a hist\u00f3ria de Bras\u00edlia, e o turismo nos proporciona uma conex\u00e3o direta com os locais que fazem parte dessa hist\u00f3ria<\/strong>\u201d, afirma <strong>Marilda Bezerra<\/strong>, diretora-presidente da Associa\u00e7\u00e3o Jornada Liter\u00e1ria.<\/p>\n\n\n\n<h3 class=\"wp-block-heading\"><strong>Programa\u00e7\u00e3o especial: palestras e visitas guiadas<\/strong><\/h3>\n\n\n\n<p>O projeto oferece 20 palestras preparat\u00f3rias, abordando a hist\u00f3ria e os aspectos culturais dos locais a serem visitados. Al\u00e9m disso, ser\u00e3o realizadas 44 visitas guiadas aos principais pontos tur\u00edsticos de Bras\u00edlia, como o <strong>Memorial JK<\/strong>, a <strong>Pra\u00e7a dos Tr\u00eas Poderes<\/strong>, a <strong>Catedral Metropolitana<\/strong>, o <strong>Museu Vivo da Mem\u00f3ria Candanga<\/strong> e o <strong>SESI Lab<\/strong>, espa\u00e7o que re\u00fane inova\u00e7\u00e3o tecnol\u00f3gica e cultura.<\/p>\n\n\n\n<p>Com o apoio de guias tur\u00edsticos credenciados, as visitas proporcionar\u00e3o aos participantes uma imers\u00e3o na hist\u00f3ria e nos elementos que definem a identidade cultural de Bras\u00edlia, permitindo uma compreens\u00e3o mais profunda da cidade e seu patrim\u00f4nio.<\/p>\n\n\n\n<h3 class=\"wp-block-heading\"><strong>Turismo e literatura para todos<\/strong><\/h3>\n\n\n\n<p>Com o objetivo de tornar o acesso \u00e0 cultura mais inclusivo, o projeto \u00e9 voltado especialmente para p\u00fablicos que, muitas vezes, n\u00e3o t\u00eam a oportunidade de visitar os locais emblem\u00e1ticos da cidade. Ao integrar a literatura com o turismo, a <strong>Jornada Liter\u00e1ria 2024<\/strong> visa resgatar a mem\u00f3ria de Bras\u00edlia, promover o pertencimento cultural e enriquecer a experi\u00eancia dos participantes com um conte\u00fado educativo e liter\u00e1rio.<\/p>\n\n\n\n<p>\u201c<strong>Queremos que cada visita seja uma aula viva, onde a hist\u00f3ria de Bras\u00edlia se torna mais pr\u00f3xima e acess\u00edvel a todos. Nosso foco \u00e9 proporcionar a sensa\u00e7\u00e3o de pertencimento cultural e resgatar a mem\u00f3ria da nossa cidade<\/strong>\u201d, complementa Marilda Bezerra.<\/p>\n\n\n\n<h3 class=\"wp-block-heading\"><strong>Servi\u00e7o:<\/strong><\/h3>\n\n\n\n<p><strong>Jornada Liter\u00e1ria 2024 \u2013 Patrim\u00f4nio e Turismo<\/strong><br><strong>Quando:<\/strong> Outubro a Dezembro de 2024<br><strong>Onde:<\/strong><\/p>\n\n\n\n<ul class=\"wp-block-list\">\n<li>Pra\u00e7a dos Tr\u00eas Poderes<\/li>\n\n\n\n<li>Catedral Metropolitana de Bras\u00edlia<\/li>\n\n\n\n<li>Memorial JK<\/li>\n\n\n\n<li>Museu Vivo da Mem\u00f3ria Candanga<\/li>\n\n\n\n<li>SESI Lab<\/li>\n<\/ul>\n\n\n\n<p><strong>Quem pode participar:<\/strong><\/p>\n\n\n\n<ul class=\"wp-block-list\">\n<li>Alunos do ensino fundamental das escolas p\u00fablicas de Sobradinho, Planaltina, Parano\u00e1, S\u00e3o Sebasti\u00e3o e Itapo\u00e3<\/li>\n\n\n\n<li>Pessoas com mais de 60 anos<\/li>\n<\/ul>\n\n\n\n<p><strong>Informa\u00e7\u00f5es e Agendamentos:<\/strong><br>WhatsApp: (+55) 61 9 8192-0333<br>Email: <a>jornadaliterariadf@gmail.com<\/a><\/p>\n\n\n\n<p><strong>Participa\u00e7\u00e3o gratuita!<\/strong>. <\/p>\n\n\n\n<p><strong>Assessoria de imprensa:<\/strong><br>Roberto De Martin &#8211; (+55) 61 9 9559-3073<br>Cr\u00e9dito nas fotos: C\u00edcero Bezerra<\/p>\n\n\n\n<p>Essa \u00e9 uma chance \u00fanica de explorar Bras\u00edlia de uma forma diferente, com acesso gratuito e uma abordagem pedag\u00f3gica e liter\u00e1ria que vai al\u00e9m do turismo convencional. <strong>N\u00e3o perca a oportunidade de redescobrir a capital federal de uma forma educativa e transformadora!<\/strong>. <\/p>\n\n\n\n<p><\/p>\n","protected":false},"excerpt":{"rendered":"<p>Foto\/divulga\u00e7\u00e3o A Jornada Liter\u00e1ria 2024: patrim\u00f4nio e turismo oferece uma experi\u00eancia \u00fanica que conecta a literatura \u00e0 hist\u00f3ria de Bras\u00edlia, convidando o p\u00fablico a explorar o patrim\u00f4nio cultural da cidade de forma educativa e imersiva. At\u00e9 dezembro, o projeto realiza palestras preparat\u00f3rias e visitas guiadas aos principais monumentos e pontos hist\u00f3ricos de Bras\u00edlia, promovendo uma [&hellip;]<\/p>\n","protected":false},"author":1441,"featured_media":9504,"comment_status":"open","ping_status":"open","sticky":false,"template":"","format":"standard","meta":{"_monsterinsights_skip_tracking":false,"_monsterinsights_sitenote_active":false,"_monsterinsights_sitenote_note":"","_monsterinsights_sitenote_category":0,"footnotes":""},"categories":[17,300],"tags":[3639,3641,3640],"class_list":["post-9503","post","type-post","status-publish","format-standard","has-post-thumbnail","hentry","category-bsb","category-literatura","tag-jornadaliteraria24","tag-liyteratura","tag-turismo-2"],"_links":{"self":[{"href":"https:\/\/cidadecult.com.br\/index.php?rest_route=\/wp\/v2\/posts\/9503","targetHints":{"allow":["GET"]}}],"collection":[{"href":"https:\/\/cidadecult.com.br\/index.php?rest_route=\/wp\/v2\/posts"}],"about":[{"href":"https:\/\/cidadecult.com.br\/index.php?rest_route=\/wp\/v2\/types\/post"}],"author":[{"embeddable":true,"href":"https:\/\/cidadecult.com.br\/index.php?rest_route=\/wp\/v2\/users\/1441"}],"replies":[{"embeddable":true,"href":"https:\/\/cidadecult.com.br\/index.php?rest_route=%2Fwp%2Fv2%2Fcomments&post=9503"}],"version-history":[{"count":2,"href":"https:\/\/cidadecult.com.br\/index.php?rest_route=\/wp\/v2\/posts\/9503\/revisions"}],"predecessor-version":[{"id":9506,"href":"https:\/\/cidadecult.com.br\/index.php?rest_route=\/wp\/v2\/posts\/9503\/revisions\/9506"}],"wp:featuredmedia":[{"embeddable":true,"href":"https:\/\/cidadecult.com.br\/index.php?rest_route=\/wp\/v2\/media\/9504"}],"wp:attachment":[{"href":"https:\/\/cidadecult.com.br\/index.php?rest_route=%2Fwp%2Fv2%2Fmedia&parent=9503"}],"wp:term":[{"taxonomy":"category","embeddable":true,"href":"https:\/\/cidadecult.com.br\/index.php?rest_route=%2Fwp%2Fv2%2Fcategories&post=9503"},{"taxonomy":"post_tag","embeddable":true,"href":"https:\/\/cidadecult.com.br\/index.php?rest_route=%2Fwp%2Fv2%2Ftags&post=9503"}],"curies":[{"name":"wp","href":"https:\/\/api.w.org\/{rel}","templated":true}]}}