{"id":9500,"date":"2024-11-25T10:46:34","date_gmt":"2024-11-25T13:46:34","guid":{"rendered":"https:\/\/cidadecult.com.br\/?p=9500"},"modified":"2024-11-25T10:46:36","modified_gmt":"2024-11-25T13:46:36","slug":"infusao-experience-2024-empresarios-debatem-inovacao-e-estrategias-no-contexto-da-vitoria-de-trump-e-desafios-economicos-no-brasil","status":"publish","type":"post","link":"https:\/\/cidadecult.com.br\/?p=9500","title":{"rendered":"Infus\u00e3o Experience 2024: empres\u00e1rios debatem inova\u00e7\u00e3o e estrat\u00e9gias no contexto da vit\u00f3ria de Trump e desafios econ\u00f4micos no Brasil"},"content":{"rendered":"\n<p><em>\u00a0Foto: Ciro Alves<\/em><\/p>\n\n\n\n<p>Nos dias <strong>27 e 28 de novembro<\/strong>,<strong> Bras\u00edlia<\/strong> ser\u00e1 o palco do<strong> &#8220;Infus\u00e3o Experience 2024&#8221;<\/strong>, um evento de imers\u00e3o que re\u00fane grandes l\u00edderes empresariais para discutir estrat\u00e9gias de inova\u00e7\u00e3o, lideran\u00e7a e expans\u00e3o de neg\u00f3cios, em um cen\u00e1rio econ\u00f4mico desafiador. <strong>O evento ser\u00e1 realizado no Centro de Conven\u00e7\u00f5es Ulysses Guimar\u00e3es e contar\u00e1 com a participa\u00e7\u00e3o de nomes como Luiza Helena Trajano (Magazine Luiza), Alexandre Baldy (BYD Brasil), Carla Sarni (Sorridents), Janete Vaz e Leandro Vaz (Grupo Sabin), al\u00e9m de Ravell Nava, fundador da BRL Educa\u00e7\u00e3o.<\/strong><\/p>\n\n\n\n<p>A vit\u00f3ria de Donald Trump nas elei\u00e7\u00f5es dos EUA elevou as tens\u00f5es econ\u00f4micas para pa\u00edses emergentes, como o Brasil, que se v\u00ea pressionado pela alta do d\u00f3lar e pela eleva\u00e7\u00e3o das taxas de juros. Segundo analistas, a implementa\u00e7\u00e3o de um ajuste fiscal robusto e consistente \u00e9 essencial para garantir a estabilidade econ\u00f4mica do Brasil e manter a confian\u00e7a do mercado. Ravell Nava, especialista em gest\u00e3o e marketing, destacou que o governo brasileiro precisa adotar cortes fiscais espec\u00edficos para estabilizar a economia e garantir um ambiente mais favor\u00e1vel aos neg\u00f3cios.<\/p>\n\n\n\n<p>O &#8220;Infus\u00e3o Experience&#8221; ser\u00e1 uma plataforma de aprendizado e troca de experi\u00eancias, com palestras de l\u00edderes inspiradores que trar\u00e3o insights sobre o futuro do mercado e as melhores pr\u00e1ticas para os empres\u00e1rios. Entre os destaques est\u00e3o:<\/p>\n\n\n\n<ul class=\"wp-block-list\">\n<li><strong>Luiza Helena Trajano<\/strong>: Conselheira do Magazine Luiza, ela compartilhar\u00e1 sua vis\u00e3o sobre inova\u00e7\u00e3o no varejo e como a transforma\u00e7\u00e3o digital tem impactado os neg\u00f3cios.<\/li>\n\n\n\n<li><strong>Carla Sarni<\/strong>: Fundadora da Sorridents, ela abordar\u00e1 a import\u00e2ncia da lideran\u00e7a feminina e como criar neg\u00f3cios acess\u00edveis e sustent\u00e1veis.<\/li>\n\n\n\n<li><strong>Alexandre Baldy<\/strong>: Vice-presidente da BYD Brasil, falar\u00e1 sobre a expans\u00e3o dos ve\u00edculos el\u00e9tricos no Brasil e o futuro da mobilidade sustent\u00e1vel.<\/li>\n\n\n\n<li><strong>Ravell Nava<\/strong>: Fundador da BRL Educa\u00e7\u00e3o, trar\u00e1 um manual completo sobre gest\u00e3o, marketing e vendas, ajudando empres\u00e1rios a implementar estrat\u00e9gias eficazes para expandir seus neg\u00f3cios.<\/li>\n\n\n\n<li><strong>Janete Vaz e Leandro Vaz<\/strong>: Especialistas em alta performance e gest\u00e3o empresarial, ambos compartilhar\u00e3o suas abordagens sobre desenvolvimento de equipes e sustentabilidade organizacional.<\/li>\n<\/ul>\n\n\n\n<p>Com mais de 3.000 participantes em edi\u00e7\u00f5es anteriores, o evento promete ser uma oportunidade \u00fanica para empres\u00e1rios de diversos setores adquirirem ferramentas pr\u00e1ticas para impulsionar suas opera\u00e7\u00f5es e se adaptarem \u00e0s mudan\u00e7as do mercado. Al\u00e9m das palestras, os participantes ter\u00e3o acesso a sess\u00f5es de networking e poder\u00e3o concorrer a um carro zero km.<\/p>\n\n\n\n<p><strong>O Infus\u00e3o Experience 2024 \u00e9 uma oportunidade imperd\u00edvel para quem busca crescer, se adaptar a um ambiente de incertezas econ\u00f4micas e se preparar para um futuro de maior estabilidade e prosperidade. As inscri\u00e7\u00f5es est\u00e3o abertas e a expectativa \u00e9 de que este evento seja um marco para o desenvolvimento de neg\u00f3cios mais fortes e conectados no Brasil.<\/strong><\/p>\n\n\n\n<p><strong>Servi\u00e7o:<\/strong><\/p>\n\n\n\n<ul class=\"wp-block-list\">\n<li><strong>Data<\/strong>: 27 e 28 de novembro de 2024<\/li>\n\n\n\n<li><strong>Local<\/strong>: Centro de Conven\u00e7\u00f5es Ulysses Guimar\u00e3es \u2013 Bras\u00edlia<\/li>\n\n\n\n<li><strong>Inscri\u00e7\u00f5es<\/strong>: Aberta no site oficial do evento<\/li>\n<\/ul>\n\n\n\n<p><strong>Abrace a chance de transformar o seu neg\u00f3cio com os melhores l\u00edderes do mercado!. <\/strong><\/p>\n\n\n\n<p><\/p>\n","protected":false},"excerpt":{"rendered":"<p>\u00a0Foto: Ciro Alves Nos dias 27 e 28 de novembro, Bras\u00edlia ser\u00e1 o palco do &#8220;Infus\u00e3o Experience 2024&#8221;, um evento de imers\u00e3o que re\u00fane grandes l\u00edderes empresariais para discutir estrat\u00e9gias de inova\u00e7\u00e3o, lideran\u00e7a e expans\u00e3o de neg\u00f3cios, em um cen\u00e1rio econ\u00f4mico desafiador. O evento ser\u00e1 realizado no Centro de Conven\u00e7\u00f5es Ulysses Guimar\u00e3es e contar\u00e1 com [&hellip;]<\/p>\n","protected":false},"author":1441,"featured_media":9501,"comment_status":"open","ping_status":"open","sticky":false,"template":"","format":"standard","meta":{"_monsterinsights_skip_tracking":false,"_monsterinsights_sitenote_active":false,"_monsterinsights_sitenote_note":"","_monsterinsights_sitenote_category":0,"footnotes":""},"categories":[54],"tags":[439,3342],"class_list":["post-9500","post","type-post","status-publish","format-standard","has-post-thumbnail","hentry","category-brasil","tag-brasil-2","tag-infusaoexperience24"],"_links":{"self":[{"href":"https:\/\/cidadecult.com.br\/index.php?rest_route=\/wp\/v2\/posts\/9500","targetHints":{"allow":["GET"]}}],"collection":[{"href":"https:\/\/cidadecult.com.br\/index.php?rest_route=\/wp\/v2\/posts"}],"about":[{"href":"https:\/\/cidadecult.com.br\/index.php?rest_route=\/wp\/v2\/types\/post"}],"author":[{"embeddable":true,"href":"https:\/\/cidadecult.com.br\/index.php?rest_route=\/wp\/v2\/users\/1441"}],"replies":[{"embeddable":true,"href":"https:\/\/cidadecult.com.br\/index.php?rest_route=%2Fwp%2Fv2%2Fcomments&post=9500"}],"version-history":[{"count":1,"href":"https:\/\/cidadecult.com.br\/index.php?rest_route=\/wp\/v2\/posts\/9500\/revisions"}],"predecessor-version":[{"id":9502,"href":"https:\/\/cidadecult.com.br\/index.php?rest_route=\/wp\/v2\/posts\/9500\/revisions\/9502"}],"wp:featuredmedia":[{"embeddable":true,"href":"https:\/\/cidadecult.com.br\/index.php?rest_route=\/wp\/v2\/media\/9501"}],"wp:attachment":[{"href":"https:\/\/cidadecult.com.br\/index.php?rest_route=%2Fwp%2Fv2%2Fmedia&parent=9500"}],"wp:term":[{"taxonomy":"category","embeddable":true,"href":"https:\/\/cidadecult.com.br\/index.php?rest_route=%2Fwp%2Fv2%2Fcategories&post=9500"},{"taxonomy":"post_tag","embeddable":true,"href":"https:\/\/cidadecult.com.br\/index.php?rest_route=%2Fwp%2Fv2%2Ftags&post=9500"}],"curies":[{"name":"wp","href":"https:\/\/api.w.org\/{rel}","templated":true}]}}