{"id":943,"date":"2023-06-26T21:50:26","date_gmt":"2023-06-27T00:50:26","guid":{"rendered":"https:\/\/cidadecult.com.br\/novo\/academicos-da-asa-norte-e-a-grande-campea-do-desfile-do-df\/"},"modified":"2023-06-26T21:50:26","modified_gmt":"2023-06-27T00:50:26","slug":"academicos-da-asa-norte-e-a-grande-campea-do-desfile-do-df","status":"publish","type":"post","link":"https:\/\/cidadecult.com.br\/?p=943","title":{"rendered":"Acad\u00eamicos da Asa Norte \u00e9 a grande campe\u00e3 do desfile do DF"},"content":{"rendered":"<header style=\"box-sizing: border-box; margin: 0px auto 3em; padding: 0px; border-width: 0px 0px 2px; border-image: initial; font-variant-numeric: inherit; font-variant-east-asian: inherit; font-variant-alternates: inherit; font-stretch: inherit; font-size: 18px; line-height: inherit; font-optical-sizing: inherit; font-kerning: inherit; font-feature-settings: inherit; font-variation-settings: inherit; vertical-align: baseline; font-family: Regular, sans-serif; max-width: 980px; color: #000000; border-color: initial initial #999999 initial; border-style: initial initial solid initial;\">\n<p style=\"box-sizing: border-box; margin: 0px 0px 0.8em; padding: 0px; border: 0px; font-style: inherit; font-variant: inherit; font-stretch: inherit; font-size: 1.1em; line-height: 1.4; font-optical-sizing: inherit; font-kerning: inherit; font-feature-settings: inherit; font-variation-settings: inherit; vertical-align: baseline;\">Entre as escolas de samba do grupo de acesso, vencedora \u00e9 a Unidos de Vicente Pires<\/p>\n<p class=\"by\" style=\"box-sizing: border-box; margin: 0px 0px 0.8em; padding: 0px; border: 0px; font-style: inherit; font-variant: inherit; font-stretch: inherit; font-size: 1.1em; line-height: 1.4; font-optical-sizing: inherit; font-kerning: inherit; font-feature-settings: inherit; font-variation-settings: inherit; vertical-align: baseline; color: #999999;\">Ag\u00eancia Bras\u00edlia* | Edi\u00e7\u00e3o: Vinicius Nader<\/p>\n<\/header>\n<article class=\"post\" style=\"box-sizing: border-box; margin: 0px auto; padding: 0px; border: 0px; font-variant-numeric: inherit; font-variant-east-asian: inherit; font-variant-alternates: inherit; font-stretch: inherit; font-size: 18px; line-height: inherit; font-optical-sizing: inherit; font-kerning: inherit; font-feature-settings: inherit; font-variation-settings: inherit; vertical-align: baseline; font-family: Regular, sans-serif; width: 660px; color: #000000;\">\n<p style=\"box-sizing: border-box; margin: 0px 0px 1.1em; padding: 0px; border: 0px; font-style: inherit; font-variant: inherit; font-stretch: inherit; line-height: 2; font-optical-sizing: inherit; font-kerning: inherit; font-feature-settings: inherit; font-variation-settings: inherit; vertical-align: baseline;\">Homenagens \u00e0 for\u00e7a e a resist\u00eancia da mulher foram as grandes vencedoras dos desfiles das escolas de samba do Distrito Federal em 2023. A Acad\u00eamicos da Asa Norte \u00e9 a grande campe\u00e3 do grupo especial com o enredo\u00a0<em style=\"box-sizing: border-box; margin: 0px; padding: 0px; border: 0px; font-variant: inherit; font-stretch: inherit; font-size: inherit; line-height: inherit; font-optical-sizing: inherit; font-kerning: inherit; font-feature-settings: inherit; font-variation-settings: inherit; vertical-align: baseline;\">Mulheres Pretas do Brasil<\/em>. No grupo de acesso, a vencedora foi a Unidos de Vicente Pires, que tamb\u00e9m trouxe as mulheres para o seu desfile com o enredo\u00a0<em style=\"box-sizing: border-box; margin: 0px; padding: 0px; border: 0px; font-variant: inherit; font-stretch: inherit; font-size: inherit; line-height: inherit; font-optical-sizing: inherit; font-kerning: inherit; font-feature-settings: inherit; font-variation-settings: inherit; vertical-align: baseline;\">Nas \u00e1guas sagradas desperta a senhora da fertilidade do espelho de Oxum ao reflexo da for\u00e7a<\/em>.<\/p>\n<p style=\"box-sizing: border-box; margin: 0px 0px 1.1em; padding: 0px; border: 0px; font-style: inherit; font-variant: inherit; font-stretch: inherit; line-height: 2; font-optical-sizing: inherit; font-kerning: inherit; font-feature-settings: inherit; font-variation-settings: inherit; vertical-align: baseline;\">Satisfeito com a alegria e o sentimento de renova\u00e7\u00e3o que a nova passarela do samba de Bras\u00edlia trouxe para o Planalto Central, o secret\u00e1rio de Cultura e Economia Criativa, Bartolomeu Rodrigues, disse que \u00e9 muito dif\u00edcil que algu\u00e9m seja capaz de ignorar o esfor\u00e7o que n\u00e3o s\u00f3 o GDF, mas cada um dos integrantes das escolas e do p\u00fablico demonstrou durante esses dias de samba. \u201cQuem n\u00e3o se emocionou do come\u00e7o ao fim? Dava para ver, no rosto de cada integrante das escolas, uma alegria que vai al\u00e9m do fato de estar apenas desfilando\u201d, disse Rodrigues. \u201cCada um cantava o enredo de sua escola a todo pulm\u00e3o, como a mostrar que essa tradi\u00e7\u00e3o precisa ser respeitada\u201d.<\/p>\n<p style=\"box-sizing: border-box; margin: 0px 0px 1.1em; padding: 0px; border: 0px; font-style: inherit; font-variant: inherit; font-stretch: inherit; line-height: 2; font-optical-sizing: inherit; font-kerning: inherit; font-feature-settings: inherit; font-variation-settings: inherit; vertical-align: baseline;\">A apura\u00e7\u00e3o\u00a0 do grupo de acesso foi conclu\u00edda por volta das 17h deste domingo (25). Nas arquibancadas cheias de gente que esperava por esse momento, a explos\u00e3o dos vencedores chegou antes mesmo do an\u00fancio do resultado, j\u00e1 que a escola ficou 1,2 ponto \u00e0 frente da segunda colocada \u2013 a \u00c1guia Imperial de Ceil\u00e2ndia.<\/p>\n<figure id=\"attachment_517555\" class=\"wp-caption alignnone\" style=\"box-sizing: border-box; margin: 0px 0px 1.6em; padding: 0px; border: 0px; font-style: inherit; font-variant: inherit; font-weight: inherit; font-stretch: inherit; font-size: inherit; line-height: inherit; font-optical-sizing: inherit; font-kerning: inherit; font-feature-settings: inherit; font-variation-settings: inherit; vertical-align: baseline; width: 1600px; max-width: 100%;\"><img loading=\"lazy\" decoding=\"async\" class=\"size-full wp-image-517555\" style=\"box-sizing: border-box; height: auto; max-width: 100%; margin: 0px 0px 0.3em; padding: 0px; border: 0px; font-style: inherit; font-variant: inherit; font-weight: inherit; font-stretch: inherit; font-size: inherit; line-height: inherit; font-optical-sizing: inherit; font-kerning: inherit; font-feature-settings: inherit; font-variation-settings: inherit; vertical-align: baseline;\" src=\"http:\/\/agenciabrasilia.df.gov.br\/wp-conteudo\/uploads\/2023\/06\/26.6.-Escola-vencedora.-Foto-Andre-Luis-Secec.jpeg\" sizes=\"auto, (max-width: 1600px) 100vw, 1600px\" srcset=\"https:\/\/www.agenciabrasilia.df.gov.br\/wp-conteudo\/uploads\/2023\/06\/26.6.-Escola-vencedora.-Foto-Andre-Luis-Secec.jpeg 1600w, https:\/\/www.agenciabrasilia.df.gov.br\/wp-conteudo\/uploads\/2023\/06\/26.6.-Escola-vencedora.-Foto-Andre-Luis-Secec-300x200.jpeg 300w, https:\/\/www.agenciabrasilia.df.gov.br\/wp-conteudo\/uploads\/2023\/06\/26.6.-Escola-vencedora.-Foto-Andre-Luis-Secec-1024x682.jpeg 1024w, https:\/\/www.agenciabrasilia.df.gov.br\/wp-conteudo\/uploads\/2023\/06\/26.6.-Escola-vencedora.-Foto-Andre-Luis-Secec-768x512.jpeg 768w, https:\/\/www.agenciabrasilia.df.gov.br\/wp-conteudo\/uploads\/2023\/06\/26.6.-Escola-vencedora.-Foto-Andre-Luis-Secec-1536x1023.jpeg 1536w\" alt=\"\" width=\"1600\" height=\"1066\" \/><figcaption id=\"caption-attachment-517555\" class=\"wp-caption-text\" style=\"box-sizing: border-box; margin: 5px 0px 0px; padding: 0px; border: 0px; font-style: inherit; font-variant: inherit; font-weight: inherit; font-stretch: inherit; font-size: 0.9em; line-height: 1.2; font-optical-sizing: inherit; font-kerning: inherit; font-feature-settings: inherit; font-variation-settings: inherit; vertical-align: baseline; color: #666666;\">Acad\u00eamicos da Asa Norte comemorando o t\u00edtulo do grupo especial | Foto: Andr\u00e9 Lu\u00eds\/ Secec<\/figcaption><\/figure>\n<p style=\"box-sizing: border-box; margin: 0px 0px 1.1em; padding: 0px; border: 0px; font-style: inherit; font-variant: inherit; font-stretch: inherit; line-height: 2; font-optical-sizing: inherit; font-kerning: inherit; font-feature-settings: inherit; font-variation-settings: inherit; vertical-align: baseline;\">No caso do grupo especial, a Aruc n\u00e3o conseguiu retirar os carros aleg\u00f3ricos da avenida a tempo e foi punida com a perda de um ponto. A escola tamb\u00e9m perdeu outro meio ponto por n\u00e3o ter conseguido colocar no desfile o n\u00famero m\u00ednimo de baianas exigidas.<\/p>\n<p style=\"box-sizing: border-box; margin: 0px 0px 1.1em; padding: 0px; border: 0px; font-style: inherit; font-variant: inherit; font-stretch: inherit; line-height: 2; font-optical-sizing: inherit; font-kerning: inherit; font-feature-settings: inherit; font-variation-settings: inherit; vertical-align: baseline;\">As puni\u00e7\u00f5es j\u00e1 anunciavam que seria muito dif\u00edcil tirar o tetracampeonato da escola vermelho e branca da Asa Norte. Talvez por isso n\u00e3o tenha havido protestos nem da diretoria nem da comunidade. A Aruc fechou a apura\u00e7\u00e3o com 267,1 pontos.<\/p>\n<p style=\"box-sizing: border-box; margin: 0px 0px 1.1em; padding: 0px; border: 0px; font-style: inherit; font-variant: inherit; font-stretch: inherit; line-height: 2; font-optical-sizing: inherit; font-kerning: inherit; font-feature-settings: inherit; font-variation-settings: inherit; vertical-align: baseline;\">Al\u00e9m do campeonato, a Asa Norte recebeu os trof\u00e9us de mestre-sala e porta-bandeira e comiss\u00e3o de frente. O pr\u00eamio de melhor bateria ficou com a Capela Imperial.<\/p>\n<p style=\"box-sizing: border-box; margin: 0px 0px 1.1em; padding: 0px; border: 0px; font-style: inherit; font-variant: inherit; font-stretch: inherit; line-height: 2; font-optical-sizing: inherit; font-kerning: inherit; font-feature-settings: inherit; font-variation-settings: inherit; vertical-align: baseline;\"><span style=\"box-sizing: border-box; margin: 0px; padding: 0px; border: 0px; font-style: inherit; font-variant: inherit; font-weight: bold; font-stretch: inherit; font-size: inherit; line-height: inherit; font-optical-sizing: inherit; font-kerning: inherit; font-feature-settings: inherit; font-variation-settings: inherit; vertical-align: baseline;\">Grupo de apoio<\/span><\/p>\n<p style=\"box-sizing: border-box; margin: 0px 0px 1.1em; padding: 0px; border: 0px; font-style: inherit; font-variant: inherit; font-stretch: inherit; line-height: 2; font-optical-sizing: inherit; font-kerning: inherit; font-feature-settings: inherit; font-variation-settings: inherit; vertical-align: baseline;\">Se o resultado foi recebido com eleg\u00e2ncia entre as escolas do grupo especial, o mesmo n\u00e3o se pode dizer do grupo de acesso. Revoltados com a vit\u00f3ria da Unidos de Vicente Pires (Gruvipi), os integrantes da vice-campe\u00e3, Capela Imperial de Taguatinga, arremessaram o trof\u00e9u de vice-campe\u00e3 em dire\u00e7\u00e3o ao espa\u00e7o onde se encontravam integrantes da advers\u00e1ria. Ningu\u00e9m se feriu.<\/p>\n<p style=\"box-sizing: border-box; margin: 0px 0px 1.1em; padding: 0px; border: 0px; font-style: inherit; font-variant: inherit; font-stretch: inherit; line-height: 2; font-optical-sizing: inherit; font-kerning: inherit; font-feature-settings: inherit; font-variation-settings: inherit; vertical-align: baseline;\">Apesar do choque dos presentes, o secret\u00e1rio Bartolomeu Rodrigues considera que o incidente n\u00e3o emba\u00e7a em nada a beleza da festa que acabou neste domingo.<\/p>\n<p style=\"box-sizing: border-box; margin: 0px 0px 1.1em; padding: 0px; border: 0px; font-style: inherit; font-variant: inherit; font-stretch: inherit; line-height: 2; font-optical-sizing: inherit; font-kerning: inherit; font-feature-settings: inherit; font-variation-settings: inherit; vertical-align: baseline;\">\u201cDiverg\u00eancias s\u00e3o naturais, observou. \u201cSe os nervos ficaram \u00e0 flor da pele, \u00e9 porque houve engajamento, trabalho, esfor\u00e7o. Mas resultado \u00e9 resultado. Nada que uma noite de sono para refletir n\u00e3o resolva\u201d, garante.<\/p>\n<p style=\"box-sizing: border-box; margin: 0px 0px 1.1em; padding: 0px; border: 0px; font-style: inherit; font-variant: inherit; font-stretch: inherit; line-height: 2; font-optical-sizing: inherit; font-kerning: inherit; font-feature-settings: inherit; font-variation-settings: inherit; vertical-align: baseline;\">O desfile recebeu R$ 7 milh\u00f5es em recursos da Secretaria de Cultura e Economia Criativa, mais R$ 5 milh\u00f5es em editais.<\/p>\n<p style=\"box-sizing: border-box; margin: 0px 0px 1.1em; padding: 0px; border: 0px; font-style: inherit; font-variant: inherit; font-stretch: inherit; line-height: 2; font-optical-sizing: inherit; font-kerning: inherit; font-feature-settings: inherit; font-variation-settings: inherit; vertical-align: baseline;\"><em style=\"box-sizing: border-box; margin: 0px; padding: 0px; border: 0px; font-variant: inherit; font-stretch: inherit; font-size: inherit; line-height: inherit; font-optical-sizing: inherit; font-kerning: inherit; font-feature-settings: inherit; font-variation-settings: inherit; vertical-align: baseline;\">*Com informa\u00e7\u00f5es da Secretaria de Cultura e Economia Criativa<\/em><\/p>\n<\/article>\n","protected":false},"excerpt":{"rendered":"<header style=\"box-sizing: border-box; margin: 0px auto 3em; padding: 0px; border-width: 0px 0px 2px; border-image: initial; font-variant-numeric: inherit; font-variant-east-asian: inherit; font-variant-alternates: inherit; font-stretch: inherit; font-size: 18px; line-height: inherit; font-optical-sizing: inherit; font-kerning: inherit; font-feature-settings: inherit; font-variation-settings: inherit; vertical-align: baseline; font-family: Regular, sans-serif; max-width: 980px; color: #000000; border-color: initial initial #999999 initial; border-style: initial initial solid initial;\">\n","protected":false},"author":3,"featured_media":0,"comment_status":"open","ping_status":"open","sticky":false,"template":"","format":"standard","meta":{"_monsterinsights_skip_tracking":false,"_monsterinsights_sitenote_active":false,"_monsterinsights_sitenote_note":"","_monsterinsights_sitenote_category":0,"footnotes":""},"categories":[34],"tags":[],"class_list":["post-943","post","type-post","status-publish","format-standard","hentry","category-destaque"],"_links":{"self":[{"href":"https:\/\/cidadecult.com.br\/index.php?rest_route=\/wp\/v2\/posts\/943","targetHints":{"allow":["GET"]}}],"collection":[{"href":"https:\/\/cidadecult.com.br\/index.php?rest_route=\/wp\/v2\/posts"}],"about":[{"href":"https:\/\/cidadecult.com.br\/index.php?rest_route=\/wp\/v2\/types\/post"}],"author":[{"embeddable":true,"href":"https:\/\/cidadecult.com.br\/index.php?rest_route=\/wp\/v2\/users\/3"}],"replies":[{"embeddable":true,"href":"https:\/\/cidadecult.com.br\/index.php?rest_route=%2Fwp%2Fv2%2Fcomments&post=943"}],"version-history":[{"count":0,"href":"https:\/\/cidadecult.com.br\/index.php?rest_route=\/wp\/v2\/posts\/943\/revisions"}],"wp:attachment":[{"href":"https:\/\/cidadecult.com.br\/index.php?rest_route=%2Fwp%2Fv2%2Fmedia&parent=943"}],"wp:term":[{"taxonomy":"category","embeddable":true,"href":"https:\/\/cidadecult.com.br\/index.php?rest_route=%2Fwp%2Fv2%2Fcategories&post=943"},{"taxonomy":"post_tag","embeddable":true,"href":"https:\/\/cidadecult.com.br\/index.php?rest_route=%2Fwp%2Fv2%2Ftags&post=943"}],"curies":[{"name":"wp","href":"https:\/\/api.w.org\/{rel}","templated":true}]}}