{"id":9124,"date":"2024-11-11T21:21:20","date_gmt":"2024-11-12T00:21:20","guid":{"rendered":"https:\/\/cidadecult.com.br\/?p=9124"},"modified":"2024-11-11T21:21:22","modified_gmt":"2024-11-12T00:21:22","slug":"arte-santeira-em-madeira-do-piaui-e-reconhecida-como-patrimonio-cultural-pelo-iphan","status":"publish","type":"post","link":"https:\/\/cidadecult.com.br\/?p=9124","title":{"rendered":"Arte Santeira em Madeira do Piau\u00ed \u00e9 reconhecida como Patrim\u00f4nio Cultural pelo Iphan"},"content":{"rendered":"\n<p>O Instituto do Patrim\u00f4nio Hist\u00f3rico e Art\u00edstico Nacional (Iphan) anunciou, nesta segunda-feira (11), o reconhecimento da <em>Arte Santeira em Madeira do Piau\u00ed<\/em> como Patrim\u00f4nio Cultural do Brasil. O an\u00fancio foi feito durante a 106\u00aa Reuni\u00e3o do Conselho Consultivo do Patrim\u00f4nio Cultural, realizada em Teresina (PI). Al\u00e9m da arte santeira, a Igreja de Nossa Senhora de Lourdes, tamb\u00e9m em Teresina, foi tombada, ganhando status de Patrim\u00f4nio Cultural com relev\u00e2ncia hist\u00f3rica e art\u00edstica.<\/p>\n\n\n\n<p>A <em>Arte Santeira em Madeira<\/em> \u00e9 uma express\u00e3o art\u00edstica \u00fanica que utiliza o entalhe em madeira para criar esculturas, orat\u00f3rios e pain\u00e9is inspirados por elementos religiosos, a fauna e a flora locais, como carna\u00fabas e mandacarus. A tradi\u00e7\u00e3o se desenvolveu ao longo dos anos em cidades piauienses como Parna\u00edba, Campo Maior e Pedro II, e hoje re\u00fane cerca de 50 santeiros ativos que imprimem singularidade em cada pe\u00e7a esculpida. Desde 2008, quando Mestre Expedito solicitou ao Iphan o reconhecimento dessa arte, o movimento foi fortalecido, culminando com o registro no Invent\u00e1rio Nacional de Refer\u00eancias Culturais (INRC) em 2011 e diversas a\u00e7\u00f5es de preserva\u00e7\u00e3o e valoriza\u00e7\u00e3o.<\/p>\n\n\n\n<p>Com o novo status de Patrim\u00f4nio Cultural, o Iphan dar\u00e1 continuidade \u00e0 cria\u00e7\u00e3o do Plano de Salvaguarda, que visa proteger e valorizar a Arte Santeira e garantir sua sustentabilidade, com a colabora\u00e7\u00e3o dos santeiros e de institui\u00e7\u00f5es locais.<\/p>\n\n\n\n<figure class=\"wp-block-image size-large\"><img loading=\"lazy\" decoding=\"async\" width=\"1024\" height=\"613\" src=\"https:\/\/cidadecult.com.br\/wp-content\/uploads\/2024\/11\/imagensdesantospiau-1-1024x613.jpg\" alt=\"\" class=\"wp-image-9126\" srcset=\"https:\/\/cidadecult.com.br\/wp-content\/uploads\/2024\/11\/imagensdesantospiau-1-1024x613.jpg 1024w, https:\/\/cidadecult.com.br\/wp-content\/uploads\/2024\/11\/imagensdesantospiau-1-300x179.jpg 300w, https:\/\/cidadecult.com.br\/wp-content\/uploads\/2024\/11\/imagensdesantospiau-1-768x459.jpg 768w, https:\/\/cidadecult.com.br\/wp-content\/uploads\/2024\/11\/imagensdesantospiau-1-750x449.jpg 750w, https:\/\/cidadecult.com.br\/wp-content\/uploads\/2024\/11\/imagensdesantospiau-1-1140x682.jpg 1140w, https:\/\/cidadecult.com.br\/wp-content\/uploads\/2024\/11\/imagensdesantospiau-1.jpg 1170w\" sizes=\"auto, (max-width: 1024px) 100vw, 1024px\" \/><figcaption class=\"wp-element-caption\">\u00a9 M\u00e1rcia Shoo\/CNFCP-IPHAN<\/figcaption><\/figure>\n","protected":false},"excerpt":{"rendered":"<p>O Instituto do Patrim\u00f4nio Hist\u00f3rico e Art\u00edstico Nacional (Iphan) anunciou, nesta segunda-feira (11), o reconhecimento da Arte Santeira em Madeira do Piau\u00ed como Patrim\u00f4nio Cultural do Brasil. O an\u00fancio foi feito durante a 106\u00aa Reuni\u00e3o do Conselho Consultivo do Patrim\u00f4nio Cultural, realizada em Teresina (PI). Al\u00e9m da arte santeira, a Igreja de Nossa Senhora de [&hellip;]<\/p>\n","protected":false},"author":5674,"featured_media":9125,"comment_status":"open","ping_status":"open","sticky":false,"template":"","format":"standard","meta":{"_monsterinsights_skip_tracking":false,"_monsterinsights_sitenote_active":false,"_monsterinsights_sitenote_note":"","_monsterinsights_sitenote_category":0,"footnotes":""},"categories":[54],"tags":[133,1923,3453,3456,3457,3455],"class_list":["post-9124","post","type-post","status-publish","format-standard","has-post-thumbnail","hentry","category-brasil","tag-arte","tag-cultural","tag-iphan","tag-madeira","tag-patrimonio-2","tag-santeira"],"_links":{"self":[{"href":"https:\/\/cidadecult.com.br\/index.php?rest_route=\/wp\/v2\/posts\/9124","targetHints":{"allow":["GET"]}}],"collection":[{"href":"https:\/\/cidadecult.com.br\/index.php?rest_route=\/wp\/v2\/posts"}],"about":[{"href":"https:\/\/cidadecult.com.br\/index.php?rest_route=\/wp\/v2\/types\/post"}],"author":[{"embeddable":true,"href":"https:\/\/cidadecult.com.br\/index.php?rest_route=\/wp\/v2\/users\/5674"}],"replies":[{"embeddable":true,"href":"https:\/\/cidadecult.com.br\/index.php?rest_route=%2Fwp%2Fv2%2Fcomments&post=9124"}],"version-history":[{"count":1,"href":"https:\/\/cidadecult.com.br\/index.php?rest_route=\/wp\/v2\/posts\/9124\/revisions"}],"predecessor-version":[{"id":9127,"href":"https:\/\/cidadecult.com.br\/index.php?rest_route=\/wp\/v2\/posts\/9124\/revisions\/9127"}],"wp:featuredmedia":[{"embeddable":true,"href":"https:\/\/cidadecult.com.br\/index.php?rest_route=\/wp\/v2\/media\/9125"}],"wp:attachment":[{"href":"https:\/\/cidadecult.com.br\/index.php?rest_route=%2Fwp%2Fv2%2Fmedia&parent=9124"}],"wp:term":[{"taxonomy":"category","embeddable":true,"href":"https:\/\/cidadecult.com.br\/index.php?rest_route=%2Fwp%2Fv2%2Fcategories&post=9124"},{"taxonomy":"post_tag","embeddable":true,"href":"https:\/\/cidadecult.com.br\/index.php?rest_route=%2Fwp%2Fv2%2Ftags&post=9124"}],"curies":[{"name":"wp","href":"https:\/\/api.w.org\/{rel}","templated":true}]}}