{"id":907,"date":"2023-06-14T17:47:56","date_gmt":"2023-06-14T20:47:56","guid":{"rendered":"https:\/\/cidadecult.com.br\/novo\/ex-aluno-da-escola-de-musica-retorna-ao-df-para-concerto-especial\/"},"modified":"2023-06-14T17:47:56","modified_gmt":"2023-06-14T20:47:56","slug":"ex-aluno-da-escola-de-musica-retorna-ao-df-para-concerto-especial","status":"publish","type":"post","link":"https:\/\/cidadecult.com.br\/?p=907","title":{"rendered":"Ex-aluno da Escola de M\u00fasica retorna ao DF para concerto especial"},"content":{"rendered":"<header style=\"box-sizing: border-box; margin: 0px auto 3em; padding: 0px; border-width: 0px 0px 2px; border-image: initial; font-variant-numeric: inherit; font-variant-east-asian: inherit; font-variant-alternates: inherit; font-stretch: inherit; font-size: 18px; line-height: inherit; font-optical-sizing: inherit; font-kerning: inherit; font-feature-settings: inherit; font-variation-settings: inherit; vertical-align: baseline; font-family: Regular, sans-serif; max-width: 980px; color: #000000; border-color: initial initial #999999 initial; border-style: initial initial solid initial;\">\n<p>O musicista J\u00falio Alves, que mora nos Estados Unidos, se apresenta nesta quarta (14) no Teatro Carlos Galv\u00e3o<\/p>\n<p>Ag\u00eancia Bras\u00edlia* | Edi\u00e7\u00e3o: Chico Neto<\/p>\n<div>\n<\/div>\n<\/header>\n<article>\n<p>Bras\u00edlia, conhecida por sua arquitetura marcante, tamb\u00e9m \u00e9 lar de muitos talentos musicais. Entre esses est\u00e1 J\u00falio Alves, ex-aluno e ex-professor da Escola de M\u00fasica de Bras\u00edlia (EMB) que se tornou um violonista profissional nos Estados Unidos.<\/p>\n<p>Hoje, ap\u00f3s todo o sucesso internacional, ele retorna ao DF para realizar um concerto especial. Com entrada gratuita, a\u00a0 apresenta\u00e7\u00e3o ser\u00e1 \u00e0s 19h desta quarta (14), no Teatro Carlos Galv\u00e3o, da EMB.<\/p>\n<figure id=\"attachment_514252\"><img loading=\"lazy\" decoding=\"async\" src=\"http:\/\/agenciabrasilia.df.gov.br\/wp-conteudo\/uploads\/2023\/06\/14.6.-Ex-aluno-e-ex-professor-da-Escola-de-Musica-retorna-ao-DF-para-realizar-concerto-.-Foto-Felipe-de-Noronha-SEE.jpg\" sizes=\"auto, (max-width: 2048px) 100vw, 2048px\" srcset=\"https:\/\/www.agenciabrasilia.df.gov.br\/wp-conteudo\/uploads\/2023\/06\/14.6.-Ex-aluno-e-ex-professor-da-Escola-de-Musica-retorna-ao-DF-para-realizar-concerto-.-Foto-Felipe-de-Noronha-SEE.jpg 2048w, https:\/\/www.agenciabrasilia.df.gov.br\/wp-conteudo\/uploads\/2023\/06\/14.6.-Ex-aluno-e-ex-professor-da-Escola-de-Musica-retorna-ao-DF-para-realizar-concerto-.-Foto-Felipe-de-Noronha-SEE-300x200.jpg 300w, https:\/\/www.agenciabrasilia.df.gov.br\/wp-conteudo\/uploads\/2023\/06\/14.6.-Ex-aluno-e-ex-professor-da-Escola-de-Musica-retorna-ao-DF-para-realizar-concerto-.-Foto-Felipe-de-Noronha-SEE-1024x683.jpg 1024w, https:\/\/www.agenciabrasilia.df.gov.br\/wp-conteudo\/uploads\/2023\/06\/14.6.-Ex-aluno-e-ex-professor-da-Escola-de-Musica-retorna-ao-DF-para-realizar-concerto-.-Foto-Felipe-de-Noronha-SEE-768x512.jpg 768w, https:\/\/www.agenciabrasilia.df.gov.br\/wp-conteudo\/uploads\/2023\/06\/14.6.-Ex-aluno-e-ex-professor-da-Escola-de-Musica-retorna-ao-DF-para-realizar-concerto-.-Foto-Felipe-de-Noronha-SEE-1536x1025.jpg 1536w\" alt=\"\" width=\"2048\" height=\"1366\" \/><figcaption id=\"caption-attachment-514252\">J\u00falio Alves: \u201c\u00c9 praticamente a escola que representa quase tudo da minha forma\u00e7\u00e3o\u201d | Foto: Felipe de Noronha\/SEE<\/figcaption><\/figure>\n<p>Al\u00e9m de se destacar como aluno da Escola de M\u00fasica, J\u00falio tamb\u00e9m teve a oportunidade de compartilhar o conhecimento adquirido como professor na pr\u00f3pria institui\u00e7\u00e3o. Durante anos, ele inspirou e orientou jovens m\u00fasicos, transmitindo a paix\u00e3o pela m\u00fasica e incentivando-os a explorar o potencial art\u00edstico.\u00a0<\/p>\n<p>\u201cEssa apresenta\u00e7\u00e3o representa n\u00e3o apenas um reencontro emocionante com minhas ra\u00edzes musicais, mas tamb\u00e9m uma oportunidade \u00fanica para compartilhar minha experi\u00eancia e inspirar os estudantes da EMB que trilham caminhos musicais semelhantes\u201d, afirma o artista.<\/p>\n<p>Voca\u00e7\u00e3o<\/p>\n<div>\n<p>Leia tamb\u00e9m<\/p>\n<div>\n<div><img loading=\"lazy\" decoding=\"async\" src=\"https:\/\/www.agenciabrasilia.df.gov.br\/wp-conteudo\/uploads\/2023\/04\/WhatsApp-Image-2023-04-19-at-17.31.26-150x150.jpeg\" alt=\"\" width=\"150\" height=\"150\" \/><\/div>\n<div>\n<p>Escola de M\u00fasica come\u00e7a a receber visitas das escolas p\u00fablicas<\/p>\n<\/div>\n<\/div>\n<\/div>\n<p>Desde crian\u00e7a, J\u00falio demonstrou um amor incondicional pela m\u00fasica. Aos oito anos, teve contato com o viol\u00e3o e matriculou-se na EMB, onde aprimorou sua t\u00e9cnica, expandiu o repert\u00f3rio e desenvolveu uma compreens\u00e3o maior da m\u00fasica, o que o levou a seguir carreira fora do Brasil.<\/p>\n<p>\u201c\u00c9 praticamente a escola que representa quase tudo da minha forma\u00e7\u00e3o\u201d, afirma. \u201cFoi algo maravilhoso e um per\u00edodo no qual descobri a minha voca\u00e7\u00e3o; foi aqui que aprendi a amar a m\u00fasica\u201d.<\/p>\n<p>Com o desejo de explorar novos horizontes e buscar oportunidades musicais al\u00e9m das fronteiras brasileiras, J\u00falio decidiu seguir o sonho de se tornar um violonista profissional nos Estados Unidos, onde atualmente \u00e9 professor universit\u00e1rio de m\u00fasica.\u00a0<\/p>\n<p>\u201cQuando eu comecei a tocar, n\u00e3o sonhava em ser professor fora do Brasil\u201d, lembra. \u201cFoi algo que aconteceu e eu resolvi abra\u00e7ar todas as oportunidades que surgiram para ir para os Estados Unidos, onde permane\u00e7o h\u00e1 quase duas d\u00e9cadas. Mesmo com todas as dificuldades, n\u00e3o desisti de um novo sonho que come\u00e7ava ali.\u201d<\/p>\n<\/article>\n","protected":false},"excerpt":{"rendered":"<header style=\"box-sizing: border-box; margin: 0px auto 3em; padding: 0px; border-width: 0px 0px 2px; border-image: initial; font-variant-numeric: inherit; font-variant-east-asian: inherit; font-variant-alternates: inherit; font-stretch: inherit; font-size: 18px; line-height: inherit; font-optical-sizing: inherit; font-kerning: inherit; font-feature-settings: inherit; font-variation-settings: inherit; vertical-align: baseline; font-family: Regular, sans-serif; max-width: 980px; color: #000000; border-color: initial initial #999999 initial; border-style: initial initial solid initial;\">\n","protected":false},"author":3,"featured_media":0,"comment_status":"open","ping_status":"open","sticky":false,"template":"","format":"standard","meta":{"_monsterinsights_skip_tracking":false,"_monsterinsights_sitenote_active":false,"_monsterinsights_sitenote_note":"","_monsterinsights_sitenote_category":0,"footnotes":""},"categories":[34],"tags":[],"class_list":["post-907","post","type-post","status-publish","format-standard","hentry","category-destaque"],"_links":{"self":[{"href":"https:\/\/cidadecult.com.br\/index.php?rest_route=\/wp\/v2\/posts\/907","targetHints":{"allow":["GET"]}}],"collection":[{"href":"https:\/\/cidadecult.com.br\/index.php?rest_route=\/wp\/v2\/posts"}],"about":[{"href":"https:\/\/cidadecult.com.br\/index.php?rest_route=\/wp\/v2\/types\/post"}],"author":[{"embeddable":true,"href":"https:\/\/cidadecult.com.br\/index.php?rest_route=\/wp\/v2\/users\/3"}],"replies":[{"embeddable":true,"href":"https:\/\/cidadecult.com.br\/index.php?rest_route=%2Fwp%2Fv2%2Fcomments&post=907"}],"version-history":[{"count":0,"href":"https:\/\/cidadecult.com.br\/index.php?rest_route=\/wp\/v2\/posts\/907\/revisions"}],"wp:attachment":[{"href":"https:\/\/cidadecult.com.br\/index.php?rest_route=%2Fwp%2Fv2%2Fmedia&parent=907"}],"wp:term":[{"taxonomy":"category","embeddable":true,"href":"https:\/\/cidadecult.com.br\/index.php?rest_route=%2Fwp%2Fv2%2Fcategories&post=907"},{"taxonomy":"post_tag","embeddable":true,"href":"https:\/\/cidadecult.com.br\/index.php?rest_route=%2Fwp%2Fv2%2Ftags&post=907"}],"curies":[{"name":"wp","href":"https:\/\/api.w.org\/{rel}","templated":true}]}}