{"id":9009,"date":"2024-11-11T17:44:00","date_gmt":"2024-11-11T20:44:00","guid":{"rendered":"https:\/\/cidadecult.com.br\/?p=9009"},"modified":"2024-11-11T17:45:02","modified_gmt":"2024-11-11T20:45:02","slug":"grammy-2025-brasileiros-marcam-presenca-na-maior-noite-da-musica-mundial","status":"publish","type":"post","link":"https:\/\/cidadecult.com.br\/?p=9009","title":{"rendered":"Grammy 2025: brasileiros marcam presen\u00e7a na maior noite da m\u00fasica mundial"},"content":{"rendered":"\n<p>A lista de indicados ao Grammy 2025, divulgada nesta sexta-feira, traz nomes de peso e uma forte representatividade brasileira. Al\u00e9m de Anitta, que j\u00e1 se destacou em edi\u00e7\u00f5es anteriores, outros m\u00fasicos do Brasil tamb\u00e9m garantiram suas indica\u00e7\u00f5es em categorias que celebram a m\u00fasica latina e o jazz. A 67\u00aa edi\u00e7\u00e3o do Grammy acontecer\u00e1 no dia 2 de fevereiro, em uma cerim\u00f4nia aguardada por f\u00e3s e artistas de todo o mundo.<\/p>\n\n\n\n<h4 class=\"wp-block-heading\">Brasileiros indicados ao Grammy 2025<\/h4>\n\n\n\n<ol class=\"wp-block-list\">\n<li><strong>Anitta<\/strong><br>Indicada na categoria de <em>Melhor \u00c1lbum Pop Latino<\/em> pelo disco <strong>&#8220;Funk Generation&#8221;<\/strong>, Anitta concorre ao lado de artistas como Shakira, Luis Fonsi e Kali Uchis. Esta \u00e9 mais uma oportunidade para a cantora refor\u00e7ar sua posi\u00e7\u00e3o no cen\u00e1rio internacional e mostrar a for\u00e7a do pop brasileiro.<\/li>\n\n\n\n<li><strong>Hamilton de Holanda e Eliane Elias<\/strong><br>Representando o jazz brasileiro, Hamilton de Holanda e Eliane Elias receberam indica\u00e7\u00f5es na categoria de <em>Melhor \u00c1lbum Latino de Jazz<\/em>. Hamilton, ao lado do renomado Gonzalo Rubalcaba, concorre com o \u00e1lbum <strong>&#8220;COLLAB&#8221;<\/strong>, enquanto Eliane Elias, tamb\u00e9m premiada em edi\u00e7\u00f5es anteriores, marca presen\u00e7a com o disco <strong>&#8220;Time and Again&#8221;<\/strong>. Ambos reafirmam o prest\u00edgio da m\u00fasica instrumental brasileira no cen\u00e1rio mundial.<\/li>\n<\/ol>\n\n\n\n<figure class=\"wp-block-image size-full\"><img loading=\"lazy\" decoding=\"async\" width=\"700\" height=\"466\" src=\"https:\/\/cidadecult.com.br\/wp-content\/uploads\/2024\/11\/hamilton-de-holanda.jpg\" alt=\"\" class=\"wp-image-9012\" srcset=\"https:\/\/cidadecult.com.br\/wp-content\/uploads\/2024\/11\/hamilton-de-holanda.jpg 700w, https:\/\/cidadecult.com.br\/wp-content\/uploads\/2024\/11\/hamilton-de-holanda-300x200.jpg 300w\" sizes=\"auto, (max-width: 700px) 100vw, 700px\" \/><figcaption class=\"wp-element-caption\">Divulga\u00e7\u00e3o<\/figcaption><\/figure>\n\n\n\n<h4 class=\"wp-block-heading\">Destaques e curiosidades do Grammy 2025<\/h4>\n\n\n\n<p>Com uma lista repleta de estrelas, Beyonc\u00e9 lidera as indica\u00e7\u00f5es com impressionantes 11 nomea\u00e7\u00f5es, destacando-se em categorias como <em>Grava\u00e7\u00e3o do Ano<\/em> e <em>\u00c1lbum do Ano<\/em>. Outros favoritos incluem Taylor Swift, Billie Eilish e Kendrick Lamar, que garantem que a disputa ser\u00e1 acirrada. A cerim\u00f4nia promete momentos emocionantes, com uma homenagem especial a cl\u00e1ssicos da m\u00fasica e a presen\u00e7a de \u00edcones que continuam a moldar o cen\u00e1rio musical global.<\/p>\n\n\n\n<p>Para os brasileiros, a noite ser\u00e1 marcada por um misto de ansiedade e orgulho, especialmente ao ver Anitta e nossos m\u00fasicos de jazz representando o pa\u00eds. A presen\u00e7a de Hamilton e Eliane \u00e9 um lembrete da excel\u00eancia da m\u00fasica brasileira em suas v\u00e1rias formas e do talento que temos para oferecer ao mundo.<\/p>\n\n\n\n<figure class=\"wp-block-image size-full\"><img loading=\"lazy\" decoding=\"async\" width=\"620\" height=\"450\" src=\"https:\/\/cidadecult.com.br\/wp-content\/uploads\/2024\/11\/anitta-grammy-750x450-1-620x450-1.jpeg\" alt=\"\" class=\"wp-image-9010\" srcset=\"https:\/\/cidadecult.com.br\/wp-content\/uploads\/2024\/11\/anitta-grammy-750x450-1-620x450-1.jpeg 620w, https:\/\/cidadecult.com.br\/wp-content\/uploads\/2024\/11\/anitta-grammy-750x450-1-620x450-1-300x218.jpeg 300w, https:\/\/cidadecult.com.br\/wp-content\/uploads\/2024\/11\/anitta-grammy-750x450-1-620x450-1-120x86.jpeg 120w\" sizes=\"auto, (max-width: 620px) 100vw, 620px\" \/><figcaption class=\"wp-element-caption\">Foto: AFP<\/figcaption><\/figure>\n\n\n\n<h4 class=\"wp-block-heading\">Principais categorias do Grammy 2025<\/h4>\n\n\n\n<ul class=\"wp-block-list\">\n<li><strong>\u00c1lbum do Ano<\/strong>: Entre os indicados est\u00e3o <em>&#8220;New Blue Sun&#8221;<\/em> de Andre 3000 e <em>&#8220;Cowboy Carter&#8221;<\/em> de Beyonc\u00e9.<\/li>\n\n\n\n<li><strong>M\u00fasica do Ano<\/strong>: Disputa que inclui <em>&#8220;Birds of a Feather&#8221;<\/em> de Billie Eilish e <em>&#8220;Texas Hold\u2019em&#8221;<\/em> de Beyonc\u00e9.<\/li>\n\n\n\n<li><strong>Grava\u00e7\u00e3o do Ano<\/strong>: A aguardada categoria conta com <em>&#8220;Now And Then&#8221;<\/em> dos Beatles e <em>&#8220;360&#8221;<\/em> de Charli XCX.<\/li>\n\n\n\n<li><strong>Artista Revela\u00e7\u00e3o<\/strong>: Com nomes promissores como Sabrina Carpenter e Chappell Roan, a categoria \u00e9 sempre um term\u00f4metro do que vem por a\u00ed no cen\u00e1rio musical.<\/li>\n<\/ul>\n\n\n\n<h4 class=\"wp-block-heading\">Onde assistir ao Grammy 2025<\/h4>\n\n\n\n<p>A cerim\u00f4nia ser\u00e1 transmitida ao vivo e contar\u00e1 com ampla cobertura em canais internacionais como a <strong>CBS<\/strong> nos Estados Unidos. No Brasil, o evento poder\u00e1 ser acompanhado pelo servi\u00e7o de streaming e canal fechado, ainda a serem anunciados, al\u00e9m das redes sociais, que certamente estar\u00e3o repletas de conte\u00fado sobre a premia\u00e7\u00e3o.<\/p>\n","protected":false},"excerpt":{"rendered":"<p>A lista de indicados ao Grammy 2025, divulgada nesta sexta-feira, traz nomes de peso e uma forte representatividade brasileira. Al\u00e9m de Anitta, que j\u00e1 se destacou em edi\u00e7\u00f5es anteriores, outros m\u00fasicos do Brasil tamb\u00e9m garantiram suas indica\u00e7\u00f5es em categorias que celebram a m\u00fasica latina e o jazz. A 67\u00aa edi\u00e7\u00e3o do Grammy acontecer\u00e1 no dia [&hellip;]<\/p>\n","protected":false},"author":5674,"featured_media":9013,"comment_status":"open","ping_status":"open","sticky":false,"template":"","format":"standard","meta":{"_monsterinsights_skip_tracking":false,"_monsterinsights_sitenote_active":false,"_monsterinsights_sitenote_note":"","_monsterinsights_sitenote_category":0,"footnotes":""},"categories":[6],"tags":[3410,3409,3407,3408,3413,3411],"class_list":["post-9009","post","type-post","status-publish","format-standard","has-post-thumbnail","hentry","category-music","tag-beyonce","tag-eliane-elias","tag-grammy","tag-hamilton-de-holanda","tag-kendrick-lamar","tag-taylos-swift"],"_links":{"self":[{"href":"https:\/\/cidadecult.com.br\/index.php?rest_route=\/wp\/v2\/posts\/9009","targetHints":{"allow":["GET"]}}],"collection":[{"href":"https:\/\/cidadecult.com.br\/index.php?rest_route=\/wp\/v2\/posts"}],"about":[{"href":"https:\/\/cidadecult.com.br\/index.php?rest_route=\/wp\/v2\/types\/post"}],"author":[{"embeddable":true,"href":"https:\/\/cidadecult.com.br\/index.php?rest_route=\/wp\/v2\/users\/5674"}],"replies":[{"embeddable":true,"href":"https:\/\/cidadecult.com.br\/index.php?rest_route=%2Fwp%2Fv2%2Fcomments&post=9009"}],"version-history":[{"count":1,"href":"https:\/\/cidadecult.com.br\/index.php?rest_route=\/wp\/v2\/posts\/9009\/revisions"}],"predecessor-version":[{"id":9014,"href":"https:\/\/cidadecult.com.br\/index.php?rest_route=\/wp\/v2\/posts\/9009\/revisions\/9014"}],"wp:featuredmedia":[{"embeddable":true,"href":"https:\/\/cidadecult.com.br\/index.php?rest_route=\/wp\/v2\/media\/9013"}],"wp:attachment":[{"href":"https:\/\/cidadecult.com.br\/index.php?rest_route=%2Fwp%2Fv2%2Fmedia&parent=9009"}],"wp:term":[{"taxonomy":"category","embeddable":true,"href":"https:\/\/cidadecult.com.br\/index.php?rest_route=%2Fwp%2Fv2%2Fcategories&post=9009"},{"taxonomy":"post_tag","embeddable":true,"href":"https:\/\/cidadecult.com.br\/index.php?rest_route=%2Fwp%2Fv2%2Ftags&post=9009"}],"curies":[{"name":"wp","href":"https:\/\/api.w.org\/{rel}","templated":true}]}}