{"id":8930,"date":"2024-11-06T12:40:02","date_gmt":"2024-11-06T15:40:02","guid":{"rendered":"https:\/\/cidadecult.com.br\/?p=8930"},"modified":"2024-11-06T12:41:01","modified_gmt":"2024-11-06T15:41:01","slug":"exposicao-frente-a-frente-de-cesar-oiticica-uma-viagem-pela-arte-brasileira-no-paco-imperial","status":"publish","type":"post","link":"https:\/\/cidadecult.com.br\/?p=8930","title":{"rendered":"Exposi\u00e7\u00e3o &#8220;Frente a frente&#8221; de C\u00e9sar Oiticica: uma viagem pela arte brasileira no Pa\u00e7o imperial!"},"content":{"rendered":"\n<p><em>Imagens\/divulga\u00e7\u00e3o<\/em><\/p>\n\n\n\n<p><strong>A partir do dia 13 de novembro, o Rio de Janeiro recebe uma exposi\u00e7\u00e3o \u00fanica no Pa\u00e7o imperial: &#8220;Frente a frente&#8221;, de C\u00e9sar Oiticica, o \u00fanico artista vivo do Grupo Frente, movimento que, h\u00e1 70 anos, foi crucial para o desenvolvimento da abstra\u00e7\u00e3o geom\u00e9trica no Brasil.<\/strong><\/p>\n\n\n\n<p>A mostra, com curadoria de<strong> Paulo Venancio Filho<\/strong>, traz <strong>20 obras in\u00e9ditas<\/strong> ou h\u00e1 muito tempo n\u00e3o vistas, oferecendo uma verdadeira imers\u00e3o na trajet\u00f3ria de C\u00e9sar, desde seus primeiros trabalhos no Grupo Frente at\u00e9 seus relevos espaciais mais recentes. Formado em 1954 por Ivan Serpa, o Grupo Frente foi um marco da arte construtiva, reunindo nomes como H\u00e9lio Oiticica (seu irm\u00e3o), Lygia Pape, Alu\u00edsio Carv\u00e3o, e outros \u00edcones da arte moderna.<\/p>\n\n\n\n<p>Com apenas 16 anos, <strong>C\u00e9sar Oiticica<\/strong> se juntou ao grupo e participou de exposi\u00e7\u00f5es importantes, como a <strong>1\u00aa Exposi\u00e7\u00e3o de Arte Concreta no MAM,<\/strong> onde seus desenhos e cart\u00f5es refletiam as primeiras experimenta\u00e7\u00f5es com a abstra\u00e7\u00e3o geom\u00e9trica. A exposi\u00e7\u00e3o &#8220;Frente a frente&#8221; traz essas obras pioneiras, al\u00e9m de novos relevos que revelam uma nova abordagem do artista, agora tridimensional, que explora a cor e o espa\u00e7o de uma forma \u00fanica.<\/p>\n\n\n\n<p><strong>Ap\u00f3s uma pausa de quase 50 anos dedicados \u00e0 arquitetura, C\u00e9sar retomou sua produ\u00e7\u00e3o art\u00edstica em 2015, trazendo ao p\u00fablico relevos geom\u00e9tricos vibrantes que ampliam as fronteiras da arte construtiva, com cores intensas e formas que ganham vida no espa\u00e7o<\/strong>. A exposi\u00e7\u00e3o apresenta um contraste entre esses dois momentos de sua carreira, destacando sua capacidade de reinventar a abstra\u00e7\u00e3o geom\u00e9trica com a mesma energia e paix\u00e3o do in\u00edcio de sua trajet\u00f3ria.<\/p>\n\n\n\n<p><strong>Servi\u00e7o:<\/strong><\/p>\n\n\n\n<ul class=\"wp-block-list\">\n<li><strong>Exposi\u00e7\u00e3o:<\/strong> C\u00e9sar Oiticica: Frente a frente<\/li>\n\n\n\n<li><strong>Abertura:<\/strong> 13 de novembro de 2024, das 14h \u00e0s 19h<\/li>\n\n\n\n<li><strong>Visita\u00e7\u00e3o:<\/strong> At\u00e9 2 de fevereiro de 2025<\/li>\n\n\n\n<li><strong>Local:<\/strong> Pa\u00e7o imperial: pra\u00e7a XV de novembro, 48, centro, Rio de Janeiro<\/li>\n\n\n\n<li><strong>Hor\u00e1rio:<\/strong> Ter\u00e7a a domingo, das 12h \u00e0s 18h<\/li>\n\n\n\n<li><strong>Entrada:<\/strong> Gratuita<\/li>\n<\/ul>\n\n\n\n<p><strong>N\u00e3o perca a chance de conhecer as obras de C\u00e9sar Oiticica e celebrar o legado do &#8220;Grupo frente&#8221;, um dos maiores movimentos da arte moderna brasileira!. <\/strong><\/p>\n","protected":false},"excerpt":{"rendered":"<p>Imagens\/divulga\u00e7\u00e3o A partir do dia 13 de novembro, o Rio de Janeiro recebe uma exposi\u00e7\u00e3o \u00fanica no Pa\u00e7o imperial: &#8220;Frente a frente&#8221;, de C\u00e9sar Oiticica, o \u00fanico artista vivo do Grupo Frente, movimento que, h\u00e1 70 anos, foi crucial para o desenvolvimento da abstra\u00e7\u00e3o geom\u00e9trica no Brasil. A mostra, com curadoria de Paulo Venancio Filho, [&hellip;]<\/p>\n","protected":false},"author":1441,"featured_media":8931,"comment_status":"open","ping_status":"open","sticky":false,"template":"","format":"standard","meta":{"_monsterinsights_skip_tracking":false,"_monsterinsights_sitenote_active":false,"_monsterinsights_sitenote_note":"","_monsterinsights_sitenote_category":0,"footnotes":""},"categories":[54,281],"tags":[3365,439,3363,447],"class_list":["post-8930","post","type-post","status-publish","format-standard","has-post-thumbnail","hentry","category-brasil","category-exposicao","tag-artebrasileira","tag-brasil-2","tag-exposicaofrenteafrente","tag-riodejaneiro-2"],"_links":{"self":[{"href":"https:\/\/cidadecult.com.br\/index.php?rest_route=\/wp\/v2\/posts\/8930","targetHints":{"allow":["GET"]}}],"collection":[{"href":"https:\/\/cidadecult.com.br\/index.php?rest_route=\/wp\/v2\/posts"}],"about":[{"href":"https:\/\/cidadecult.com.br\/index.php?rest_route=\/wp\/v2\/types\/post"}],"author":[{"embeddable":true,"href":"https:\/\/cidadecult.com.br\/index.php?rest_route=\/wp\/v2\/users\/1441"}],"replies":[{"embeddable":true,"href":"https:\/\/cidadecult.com.br\/index.php?rest_route=%2Fwp%2Fv2%2Fcomments&post=8930"}],"version-history":[{"count":1,"href":"https:\/\/cidadecult.com.br\/index.php?rest_route=\/wp\/v2\/posts\/8930\/revisions"}],"predecessor-version":[{"id":8932,"href":"https:\/\/cidadecult.com.br\/index.php?rest_route=\/wp\/v2\/posts\/8930\/revisions\/8932"}],"wp:featuredmedia":[{"embeddable":true,"href":"https:\/\/cidadecult.com.br\/index.php?rest_route=\/wp\/v2\/media\/8931"}],"wp:attachment":[{"href":"https:\/\/cidadecult.com.br\/index.php?rest_route=%2Fwp%2Fv2%2Fmedia&parent=8930"}],"wp:term":[{"taxonomy":"category","embeddable":true,"href":"https:\/\/cidadecult.com.br\/index.php?rest_route=%2Fwp%2Fv2%2Fcategories&post=8930"},{"taxonomy":"post_tag","embeddable":true,"href":"https:\/\/cidadecult.com.br\/index.php?rest_route=%2Fwp%2Fv2%2Ftags&post=8930"}],"curies":[{"name":"wp","href":"https:\/\/api.w.org\/{rel}","templated":true}]}}