{"id":890,"date":"2023-06-06T18:44:27","date_gmt":"2023-06-06T21:44:27","guid":{"rendered":"https:\/\/cidadecult.com.br\/novo\/ceramistas-expoem-e-feira-colaborativa-no-daniel-briand-patissier-e-chocolatier-104-norte\/"},"modified":"2023-06-06T18:44:27","modified_gmt":"2023-06-06T21:44:27","slug":"ceramistas-expoem-e-feira-colaborativa-no-daniel-briand-patissier-e-chocolatier-104-norte","status":"publish","type":"post","link":"https:\/\/cidadecult.com.br\/?p=890","title":{"rendered":"Ceramistas expoem e feira colaborativa no Daniel Briand P\u00e2tissier e Chocolatier (104 Norte)"},"content":{"rendered":"<p class=\"MsoNormal\" style=\"margin: 0cm; color: #222222; text-align: center; line-height: normal; font-size: 11pt; font-family: Calibri, sans-serif;\" align=\"center\">\u00a0<\/p>\n<p class=\"MsoNormal\" style=\"margin: 0cm; color: #222222; line-height: normal; font-size: 11pt; font-family: Calibri, sans-serif;\"><i><span style=\"font-family: Arial, sans-serif;\">Exposi\u00e7\u00e3o de pe\u00e7as em cer\u00e2mica de alta temperatura para presentear, decorar o lar ou utiliz\u00e1-las \u00e0 mesa, e que prometem aquecer os cora\u00e7\u00f5es apaixonados<\/span><\/i><\/p>\n<p class=\"MsoNormal\" style=\"margin: 0cm; color: #222222; line-height: normal; font-size: 11pt; font-family: Calibri, sans-serif;\"><span style=\"font-family: Arial, sans-serif;\">\u00a0<\/span><span style=\"font-family: Arial, sans-serif;\">A feira, que chega \u00e0 sua 17\u00aa Edi\u00e7\u00e3o, dia 10 de junho, est\u00e1 no roteiro de apreciadores da produ\u00e7\u00e3o artesanal de pe\u00e7as utilit\u00e1rias e decorativas feitas pelos artistas e \u00e9 o local ideal para encontrar uma grande variedade de presentes encantadores a pre\u00e7os que cabem em todos os bolsos.<\/span><\/p>\n<p class=\"MsoNormal\" style=\"margin: 0cm; color: #222222; line-height: normal; font-size: 11pt; font-family: Calibri, sans-serif;\"><span style=\"font-family: Arial, sans-serif;\">\u00a0<\/span><\/p>\n<p class=\"MsoNormal\" style=\"margin: 0cm; color: #222222; text-indent: 35.4pt; line-height: normal; font-size: 11pt; font-family: Calibri, sans-serif;\"><span style=\"font-family: Arial, sans-serif;\">Al\u00e9m de decorar um ambiente do lar com um objeto \u00fanico, na feira tamb\u00e9m podem-se encontrar lou\u00e7as utilit\u00e1rias que deixam qualquer mesa ainda mais especial, como copos, pratos, travessas, porta-guardanapos e muito mais para dar aquele toque exclusivo e cheio de requinte.<\/span><\/p>\n<p class=\"MsoNormal\" style=\"margin: 0cm; color: #222222; line-height: normal; font-size: 11pt; font-family: Calibri, sans-serif;\"><span style=\"font-family: Arial, sans-serif;\">\u00a0<\/span><\/p>\n<p class=\"MsoNormal\" style=\"margin: 0cm; color: #222222; text-indent: 35.4pt; line-height: normal; font-size: 11pt; font-family: Calibri, sans-serif;\"><span style=\"font-family: Arial, sans-serif;\">Feitas \u00e0 m\u00e3o, as obras ou cole\u00e7\u00f5es esbo\u00e7am singularidade. S\u00e3o produzidas uma a uma e na intimidade dos ateli\u00eas particulares de cada artista. Elas [as pe\u00e7as] exprimem, ainda, delicadeza, dedica\u00e7\u00e3o e s\u00e3o uma express\u00e3o de afeto, pois em suas superf\u00edcies est\u00e1 o toque suave e preciso de quem as produz.<\/span><\/p>\n<p class=\"MsoNormal\" style=\"margin: 0cm; color: #222222; line-height: normal; font-size: 11pt; font-family: Calibri, sans-serif;\"><span style=\"font-family: Arial, sans-serif;\">\u00a0<\/span><\/p>\n<p class=\"MsoNormal\" style=\"margin: 0cm; color: #222222; text-indent: 35.4pt; line-height: normal; font-size: 11pt; font-family: Calibri, sans-serif;\"><span style=\"font-family: Arial, sans-serif;\">A Feira Itinerante de Cer\u00e2mica Autoral exprime, atrav\u00e9s das pe\u00e7as art\u00edsticas e utilit\u00e1rias expostas, o trabalho cuidadoso de pessoas que, com sua arte, compartilham momentos de calma, paci\u00eancia, pr\u00e1tica e introspec\u00e7\u00e3o.<\/span><\/p>\n<p class=\"MsoNormal\" style=\"margin: 0cm; color: #222222; line-height: normal; font-size: 11pt; font-family: Calibri, sans-serif;\"><span style=\"font-family: Arial, sans-serif;\">\u00a0<\/span><\/p>\n<p class=\"MsoNormal\" style=\"margin: 0cm; color: #222222; line-height: normal; font-size: 11pt; font-family: Calibri, sans-serif;\"><span style=\"font-family: Arial, sans-serif;\">\u00a0<\/span><\/p>\n<p class=\"MsoNormal\" style=\"margin: 0cm; color: #222222; text-align: center; line-height: normal; font-size: 11pt; font-family: Calibri, sans-serif;\" align=\"center\"><span style=\"font-family: Arial, sans-serif;\">Artistas ceramistas que participam da\u00a0<b>17\u00aa Edi\u00e7\u00e3o da Feira Itinerante de Cer\u00e2mica Autoral<\/b>: B\u00e1rbara Angelina \u2013 (<\/span><a style=\"color: blue;\" href=\"https:\/\/www.instagram.com\/studio.barbaraangelina\/\" target=\"_blank\" rel=\"noopener noreferrer\" data-saferedirecturl=\"https:\/\/www.google.com\/url?q=https:\/\/www.instagram.com\/studio.barbaraangelina\/&amp;source=gmail&amp;ust=1686173557702000&amp;usg=AOvVaw2hyTjUnTuIZDRFprmXeMkq\"><span style=\"font-family: Arial, sans-serif;\">@studio.barbaraangelina<\/span><\/a><span style=\"font-family: Arial, sans-serif;\">); Bianca Pouso \u2013 (<\/span><a style=\"color: blue;\" href=\"https:\/\/www.instagram.com\/emana_ceramica\/\" target=\"_blank\" rel=\"noopener noreferrer\" data-saferedirecturl=\"https:\/\/www.google.com\/url?q=https:\/\/www.instagram.com\/emana_ceramica\/&amp;source=gmail&amp;ust=1686173557702000&amp;usg=AOvVaw03P0HL7OaaFeNCPB2o_hhk\"><span style=\"font-family: Arial, sans-serif;\">@emana_ceramica<\/span><\/a><span style=\"font-family: Arial, sans-serif;\">); Cris Martim \u2013 (<\/span><a style=\"color: blue;\" href=\"https:\/\/www.instagram.com\/crismartim.ceramista\/\" target=\"_blank\" rel=\"noopener noreferrer\" data-saferedirecturl=\"https:\/\/www.google.com\/url?q=https:\/\/www.instagram.com\/crismartim.ceramista\/&amp;source=gmail&amp;ust=1686173557702000&amp;usg=AOvVaw0-MbrRmYLBJ8wfqL89Xp_D\"><span style=\"font-family: Arial, sans-serif;\">@crismartim.ceramista<\/span><\/a><span style=\"font-family: Arial, sans-serif;\">) ; Dani Carib\u00e9 \u2013 (<\/span><a style=\"color: blue;\" href=\"https:\/\/www.instagram.com\/danicaribe1\/\" target=\"_blank\" rel=\"noopener noreferrer\" data-saferedirecturl=\"https:\/\/www.google.com\/url?q=https:\/\/www.instagram.com\/danicaribe1\/&amp;source=gmail&amp;ust=1686173557702000&amp;usg=AOvVaw21UWGrBUW00ybMsvyvo9y5\"><span style=\"font-family: Arial, sans-serif;\">@danicaribe1<\/span><\/a><span style=\"font-family: Arial, sans-serif;\">); D\u00e9bora Amorim \u2013 (<\/span><a style=\"color: blue;\" href=\"https:\/\/www.instagram.com\/amor_im.ceramica\" target=\"_blank\" rel=\"noopener noreferrer\" data-saferedirecturl=\"https:\/\/www.google.com\/url?q=https:\/\/www.instagram.com\/amor_im.ceramica&amp;source=gmail&amp;ust=1686173557702000&amp;usg=AOvVaw0uoklN-5zhv3MkRxj38SS-\"><span style=\"font-family: Arial, sans-serif;\">@amor_im.ceramica<\/span><\/a><span style=\"font-family: Arial, sans-serif;\">); Emiliano Nunes \u2013 (<\/span><a style=\"color: blue;\" href=\"https:\/\/www.instagram.com\/emana_artesania\/\" target=\"_blank\" rel=\"noopener noreferrer\" data-saferedirecturl=\"https:\/\/www.google.com\/url?q=https:\/\/www.instagram.com\/emana_artesania\/&amp;source=gmail&amp;ust=1686173557702000&amp;usg=AOvVaw2gldk3dqhHE-JC661c0Cot\"><span style=\"font-family: Arial, sans-serif;\">@emana_artesania<\/span><\/a><span style=\"font-family: Arial, sans-serif;\">); F\u00e1bio Sobral \u2013 (<\/span><a style=\"color: blue;\" href=\"https:\/\/www.instagram.com\/cururu.ceramica\/\" target=\"_blank\" rel=\"noopener noreferrer\" data-saferedirecturl=\"https:\/\/www.google.com\/url?q=https:\/\/www.instagram.com\/cururu.ceramica\/&amp;source=gmail&amp;ust=1686173557702000&amp;usg=AOvVaw2cIwBGuHD6fctmiNCgW9vi\"><span style=\"font-family: Arial, sans-serif;\">@cururu.ceramica<\/span><\/a><span style=\"font-family: Arial, sans-serif;\">); Felipe Laraia \u2013 (<\/span><a style=\"color: blue;\" href=\"https:\/\/www.instagram.com\/seubarromeu\/\" target=\"_blank\" rel=\"noopener noreferrer\" data-saferedirecturl=\"https:\/\/www.google.com\/url?q=https:\/\/www.instagram.com\/seubarromeu\/&amp;source=gmail&amp;ust=1686173557702000&amp;usg=AOvVaw2kIhVigIqZm6iQaHrB4zU4\"><span style=\"font-family: Arial, sans-serif;\">@seubarromeu<\/span><\/a><span style=\"font-family: Arial, sans-serif;\">); Fernanda Vasconcelos \u2013 (<\/span><a style=\"color: blue;\" href=\"https:\/\/www.instagram.com\/vasconcelos.a.fernanda\/\" target=\"_blank\" rel=\"noopener noreferrer\" data-saferedirecturl=\"https:\/\/www.google.com\/url?q=https:\/\/www.instagram.com\/vasconcelos.a.fernanda\/&amp;source=gmail&amp;ust=1686173557702000&amp;usg=AOvVaw33-dxIGWwExqS22KfcMkHQ\"><span style=\"font-family: Arial, sans-serif;\">@vasconcelos.a.fernanda<\/span><\/a><span style=\"font-family: Arial, sans-serif;\">); Flavia Pinto \u2013 (<\/span><a style=\"color: blue;\" href=\"https:\/\/www.instagram.com\/flaspinto\/\" target=\"_blank\" rel=\"noopener noreferrer\" data-saferedirecturl=\"https:\/\/www.google.com\/url?q=https:\/\/www.instagram.com\/flaspinto\/&amp;source=gmail&amp;ust=1686173557702000&amp;usg=AOvVaw06_U35P_wq0E_f84Ld1Buu\"><span style=\"font-family: Arial, sans-serif;\">@flaspinto<\/span><\/a><span style=\"font-family: Arial, sans-serif;\">); Lilian Saban \u2013 (<\/span><a style=\"color: blue;\" href=\"https:\/\/www.instagram.com\/lilian.saban\/\" target=\"_blank\" rel=\"noopener noreferrer\" data-saferedirecturl=\"https:\/\/www.google.com\/url?q=https:\/\/www.instagram.com\/lilian.saban\/&amp;source=gmail&amp;ust=1686173557702000&amp;usg=AOvVaw3iC4_LNZvtFW0e3pP4gMep\"><span style=\"font-family: Arial, sans-serif;\">@lilian.saban<\/span><\/a><span style=\"font-family: Arial, sans-serif;\">); Luna Morena \u2013 (<\/span><a style=\"color: blue;\" href=\"https:\/\/instagram.com\/brilhodaluna.ceramicas\" target=\"_blank\" rel=\"noopener noreferrer\" data-saferedirecturl=\"https:\/\/www.google.com\/url?q=https:\/\/instagram.com\/brilhodaluna.ceramicas&amp;source=gmail&amp;ust=1686173557702000&amp;usg=AOvVaw3qlp6HNZduWIEg0RxNYMqw\"><span style=\"font-family: Arial, sans-serif;\">@brilhodaluna.ceramicas<\/span><\/a><span style=\"font-family: Arial, sans-serif;\">); e Tuca Maia \u2013 (<\/span><a style=\"color: blue;\" href=\"https:\/\/www.instagram.com\/maiatucamaria\/\" target=\"_blank\" rel=\"noopener noreferrer\" data-saferedirecturl=\"https:\/\/www.google.com\/url?q=https:\/\/www.instagram.com\/maiatucamaria\/&amp;source=gmail&amp;ust=1686173557702000&amp;usg=AOvVaw2hE8dH2Qm7yhKLr0nisf0B\"><span style=\"font-family: Arial, sans-serif;\">@maiatucamaria<\/span><\/a><span style=\"font-family: Arial, sans-serif;\">)<\/span><\/p>\n","protected":false},"excerpt":{"rendered":"<p class=\"MsoNormal\" style=\"margin: 0cm; color: #222222; text-align: center; line-height: normal; font-size: 11pt; font-family: Calibri, sans-serif;\" align=\"center\">\u00a0<\/p>\n<p class=\"MsoNormal\" style=\"margin: 0cm; color: #222222; line-height: normal; font-size: 11pt; font-family: Calibri, sans-serif;\"><i><span style=\"font-family: Arial, sans-serif;\">Exposi\u00e7\u00e3o de pe\u00e7as em cer\u00e2mica de alta temperatura para presentear, decorar o lar ou utiliz\u00e1-las \u00e0 mesa, e que prometem aquecer os cora\u00e7\u00f5es apaixonados<\/span><\/i><\/p>\n","protected":false},"author":3,"featured_media":0,"comment_status":"open","ping_status":"open","sticky":false,"template":"","format":"standard","meta":{"_monsterinsights_skip_tracking":false,"_monsterinsights_sitenote_active":false,"_monsterinsights_sitenote_note":"","_monsterinsights_sitenote_category":0,"footnotes":""},"categories":[33],"tags":[],"class_list":["post-890","post","type-post","status-publish","format-standard","hentry","category-joomla"],"_links":{"self":[{"href":"https:\/\/cidadecult.com.br\/index.php?rest_route=\/wp\/v2\/posts\/890","targetHints":{"allow":["GET"]}}],"collection":[{"href":"https:\/\/cidadecult.com.br\/index.php?rest_route=\/wp\/v2\/posts"}],"about":[{"href":"https:\/\/cidadecult.com.br\/index.php?rest_route=\/wp\/v2\/types\/post"}],"author":[{"embeddable":true,"href":"https:\/\/cidadecult.com.br\/index.php?rest_route=\/wp\/v2\/users\/3"}],"replies":[{"embeddable":true,"href":"https:\/\/cidadecult.com.br\/index.php?rest_route=%2Fwp%2Fv2%2Fcomments&post=890"}],"version-history":[{"count":0,"href":"https:\/\/cidadecult.com.br\/index.php?rest_route=\/wp\/v2\/posts\/890\/revisions"}],"wp:attachment":[{"href":"https:\/\/cidadecult.com.br\/index.php?rest_route=%2Fwp%2Fv2%2Fmedia&parent=890"}],"wp:term":[{"taxonomy":"category","embeddable":true,"href":"https:\/\/cidadecult.com.br\/index.php?rest_route=%2Fwp%2Fv2%2Fcategories&post=890"},{"taxonomy":"post_tag","embeddable":true,"href":"https:\/\/cidadecult.com.br\/index.php?rest_route=%2Fwp%2Fv2%2Ftags&post=890"}],"curies":[{"name":"wp","href":"https:\/\/api.w.org\/{rel}","templated":true}]}}