{"id":8890,"date":"2024-11-06T10:48:35","date_gmt":"2024-11-06T13:48:35","guid":{"rendered":"https:\/\/cidadecult.com.br\/?p=8890"},"modified":"2024-11-06T10:48:36","modified_gmt":"2024-11-06T13:48:36","slug":"celebracoes-do-dia-da-consciencia-negra-em-sao-paulo-uma-agenda-cultural-de-reflexao-e-valorizacao","status":"publish","type":"post","link":"https:\/\/cidadecult.com.br\/?p=8890","title":{"rendered":"Celebra\u00e7\u00f5es do Dia da Consci\u00eancia Negra em S\u00e3o Paulo: uma agenda cultural de reflex\u00e3o e valoriza\u00e7\u00e3o"},"content":{"rendered":"\n<p><em>\u00a0Foto: Fernando Fraz\u00e3o<\/em><\/p>\n\n\n\n<p><strong>Em novembro, S\u00e3o Paulo se prepara para receber uma programa\u00e7\u00e3o cultural intensa em homenagem ao Dia da Consci\u00eancia Negra, comemorado em 20 de novembro.<\/strong> O m\u00eas \u00e9 marcado por uma s\u00e9rie de eventos, desde exposi\u00e7\u00f5es e semin\u00e1rios at\u00e9 espet\u00e1culos e atividades de grande impacto, que refletem sobre <strong>a luta hist\u00f3rica dos povos negros e sua contribui\u00e7\u00e3o essencial para a forma\u00e7\u00e3o da sociedade brasileira.<\/strong><\/p>\n\n\n\n<p><strong>Atividades na capital paulista<\/strong><\/p>\n\n\n\n<p><strong>A cidade de S\u00e3o Paulo, que instituiu o feriado em 2004, se destaca com uma programa\u00e7\u00e3o cultural vasta e gratuita em diversos equipamentos p\u00fablicos de cultura.<\/strong> Ser\u00e3o <strong>mais de 60 eventos<\/strong> realizados pela prefeitura, entre os quais se destacam:<\/p>\n\n\n\n<ul class=\"wp-block-list\">\n<li><strong>Exposi\u00e7\u00f5es e museus<\/strong>: O <strong>Museu Afro Brasil, um dos maiores espa\u00e7os dedicados \u00e0 cultura negra<\/strong>, apresenta <strong>tr\u00eas exposi\u00e7\u00f5es<\/strong> imperd\u00edveis at\u00e9 o fim do ano:<strong> \u201cUma hist\u00f3ria do poder na \u00c1frica\u201d, \u201cPopular, populares\u201d e \u201cPensar e repensar, fazer e refazer\u201d.<\/strong> J\u00e1 a <strong>Pinacoteca<\/strong> celebra a <strong>arte t\u00eaxtil africana<\/strong> com a exposi\u00e7\u00e3o<strong> \u201cEntre a cabe\u00e7a e a terra\u201d, em cartaz at\u00e9 fevereiro de 2025.<\/strong><\/li>\n\n\n\n<li><strong>Centro Cultural Banco do Brasil (CCBB)<\/strong>: Com a ocupa\u00e7\u00e3o <strong>&#8220;Preta: honrando o passado e fazendo o futuro&#8221;<\/strong>,<strong> o CCBB traz uma s\u00e9rie de apresenta\u00e7\u00f5es, palestras e performances entre 1\u00ba e 25 de novembro, abordando a import\u00e2ncia da hist\u00f3ria negra na constru\u00e7\u00e3o do futuro.<\/strong><\/li>\n\n\n\n<li><strong>Expo internacional Dia da Consci\u00eancia Negra<\/strong>: De <strong>22 a 24 de novembro,<\/strong> o <strong>Pavilh\u00e3o 3 do Anhembi<\/strong> recebe a <strong>IV edi\u00e7\u00e3o da expo internacional,<\/strong> com <strong>exposi\u00e7\u00f5es <\/strong>e <strong>atividades <\/strong>que <strong>envolvem a arte, a cultura e a hist\u00f3ria dos negros no Brasil.<\/strong><\/li>\n<\/ul>\n\n\n\n<p><strong>Eventos e programa\u00e7\u00f5es especiais<\/strong><\/p>\n\n\n\n<p>A programa\u00e7\u00e3o vai <strong>al\u00e9m das exposi\u00e7\u00f5es<\/strong>, com <strong>atividades que envolvem a comunidade e incentivam o protagonismo negro:<\/strong><\/p>\n\n\n\n<ul class=\"wp-block-list\">\n<li><strong>1\u00aa Bienal do samba SP<\/strong>: Com apresenta\u00e7\u00f5es musicais, rodas de conversa e exposi\u00e7\u00f5es sobre o samba e a cultura negra, a Bienal \u00e9 uma \u00f3tima oportunidade para conhecer mais sobre esse patrim\u00f4nio cultural brasileiro. O evento acontece at\u00e9 1\u00ba de dezembro em tr\u00eas espa\u00e7os da cidade, incluindo o <strong>Centro Cultural S\u00e3o Paulo<\/strong> e a <strong>Universidade Zumbi dos Palmares<\/strong>.<\/li>\n\n\n\n<li><strong>Universidade Zumbi dos Palmares<\/strong>: Comemorando 20 anos de atua\u00e7\u00e3o, a universidade promove uma s\u00e9rie de eventos durante todo o m\u00eas de novembro, com destaque para a <strong>Virada da consci\u00eancia<\/strong>, que acontecer\u00e1 no dia 20. A programa\u00e7\u00e3o inclui o <strong>Trof\u00e9u Ra\u00e7a negra<\/strong>, o <strong>Congresso de educa\u00e7\u00e3o antirracista<\/strong> e muito mais.<\/li>\n<\/ul>\n\n\n\n<p><strong>Atividades na regi\u00e3o metropolitana<\/strong><\/p>\n\n\n\n<p><strong>As cidades da Grande S\u00e3o Paulo tamb\u00e9m oferecem eventos para celebrar o m\u00eas da Consci\u00eancia Negra, como:<\/strong><\/p>\n\n\n\n<ul class=\"wp-block-list\">\n<li><strong>Osasco<\/strong>: A cidade celebra a 20\u00aa edi\u00e7\u00e3o do Novembro Negro, com uma programa\u00e7\u00e3o que vai at\u00e9 o dia 29 de novembro, abordando temas como identidade e empoderamento negro<strong>.<\/strong><\/li>\n\n\n\n<li><strong>Guarulhos<\/strong>: A cidade promove atividades culturais e educativas, como a exposi\u00e7\u00e3o:<strong> Mulheres e homens que fizeram hist\u00f3ria<\/strong> e a <strong>Marcha da Consci\u00eancia Negra<\/strong> no dia 20, al\u00e9m de uma premia\u00e7\u00e3o para personalidades negras que se destacaram no munic\u00edpio.<\/li>\n<\/ul>\n\n\n\n<p><strong>Programa\u00e7\u00e3o para todos os p\u00fablicos<\/strong><\/p>\n\n\n\n<p><strong>De exposi\u00e7\u00f5es a shows, de semin\u00e1rios a festas liter\u00e1rias, as atividades oferecidas no Dia da Consci\u00eancia Negra s\u00e3o pensadas para todos os p\u00fablicos, com foco em promover o conhecimento e a valoriza\u00e7\u00e3o da cultura negra, al\u00e9m de estimular o debate sobre quest\u00f5es sociais e raciais.<\/strong> Para acompanhar a agenda completa, e saber mais basta <a href=\"https:\/\/issuu.com\/flipenha\/docs\/flipenha2024\">acessar o link. <\/a><\/p>\n\n\n\n<p><strong>Aproveite este m\u00eas de celebra\u00e7\u00e3o e reflex\u00e3o para vivenciar e apoiar as manifesta\u00e7\u00f5es culturais que ajudam a construir um Brasil mais igualit\u00e1rio e consciente de sua rica diversidade.<\/strong><\/p>\n","protected":false},"excerpt":{"rendered":"<p>\u00a0Foto: Fernando Fraz\u00e3o Em novembro, S\u00e3o Paulo se prepara para receber uma programa\u00e7\u00e3o cultural intensa em homenagem ao Dia da Consci\u00eancia Negra, comemorado em 20 de novembro. O m\u00eas \u00e9 marcado por uma s\u00e9rie de eventos, desde exposi\u00e7\u00f5es e semin\u00e1rios at\u00e9 espet\u00e1culos e atividades de grande impacto, que refletem sobre a luta hist\u00f3rica dos povos [&hellip;]<\/p>\n","protected":false},"author":1441,"featured_media":8891,"comment_status":"open","ping_status":"open","sticky":false,"template":"","format":"standard","meta":{"_monsterinsights_skip_tracking":false,"_monsterinsights_sitenote_active":false,"_monsterinsights_sitenote_note":"","_monsterinsights_sitenote_category":0,"footnotes":""},"categories":[54],"tags":[1213,403,3347],"class_list":["post-8890","post","type-post","status-publish","format-standard","has-post-thumbnail","hentry","category-brasil","tag-agendacultural","tag-cidadecult-2","tag-diadaconsciencianegra"],"_links":{"self":[{"href":"https:\/\/cidadecult.com.br\/index.php?rest_route=\/wp\/v2\/posts\/8890","targetHints":{"allow":["GET"]}}],"collection":[{"href":"https:\/\/cidadecult.com.br\/index.php?rest_route=\/wp\/v2\/posts"}],"about":[{"href":"https:\/\/cidadecult.com.br\/index.php?rest_route=\/wp\/v2\/types\/post"}],"author":[{"embeddable":true,"href":"https:\/\/cidadecult.com.br\/index.php?rest_route=\/wp\/v2\/users\/1441"}],"replies":[{"embeddable":true,"href":"https:\/\/cidadecult.com.br\/index.php?rest_route=%2Fwp%2Fv2%2Fcomments&post=8890"}],"version-history":[{"count":1,"href":"https:\/\/cidadecult.com.br\/index.php?rest_route=\/wp\/v2\/posts\/8890\/revisions"}],"predecessor-version":[{"id":8892,"href":"https:\/\/cidadecult.com.br\/index.php?rest_route=\/wp\/v2\/posts\/8890\/revisions\/8892"}],"wp:featuredmedia":[{"embeddable":true,"href":"https:\/\/cidadecult.com.br\/index.php?rest_route=\/wp\/v2\/media\/8891"}],"wp:attachment":[{"href":"https:\/\/cidadecult.com.br\/index.php?rest_route=%2Fwp%2Fv2%2Fmedia&parent=8890"}],"wp:term":[{"taxonomy":"category","embeddable":true,"href":"https:\/\/cidadecult.com.br\/index.php?rest_route=%2Fwp%2Fv2%2Fcategories&post=8890"},{"taxonomy":"post_tag","embeddable":true,"href":"https:\/\/cidadecult.com.br\/index.php?rest_route=%2Fwp%2Fv2%2Ftags&post=8890"}],"curies":[{"name":"wp","href":"https:\/\/api.w.org\/{rel}","templated":true}]}}