{"id":8830,"date":"2024-11-11T12:37:04","date_gmt":"2024-11-11T15:37:04","guid":{"rendered":"https:\/\/cidadecult.com.br\/?p=8830"},"modified":"2024-11-11T12:37:09","modified_gmt":"2024-11-11T15:37:09","slug":"21a-semana-nacional-de-ciencia-e-tecnologia-destaca-biomas-brasileiros-em-brasilia","status":"publish","type":"post","link":"https:\/\/cidadecult.com.br\/?p=8830","title":{"rendered":"21\u00aa Semana Nacional de Ci\u00eancia e Tecnologia destaca biomas brasileiros em Bras\u00edlia!"},"content":{"rendered":"\n<p><em>Foto: Jo\u00e9dson Alves<\/em><\/p>\n\n\n\n<p><strong>Come\u00e7a hoje (5) a 21\u00aa Semana Nacional de Ci\u00eancia e Tecnologia (SNCT), um dos maiores encontros de ci\u00eancia e inova\u00e7\u00e3o do pa\u00eds. At\u00e9 domingo, dia 10, o Museu Nacional da Rep\u00fablica, em Bras\u00edlia, ser\u00e1 palco de debates, oficinas e exposi\u00e7\u00f5es sobre a biodiversidade e as riquezas culturais dos biomas brasileiros. Com o tema \u201cBiomas do Brasil: diversidade, saberes e tecnologia sociais\u201d, o evento promete atrair visitantes de todas as idades para uma imers\u00e3o no universo cient\u00edfico e ecol\u00f3gico.<\/strong><\/p>\n\n\n\n<p><strong>Organizada pelo Minist\u00e9rio da Ci\u00eancia, Tecnologia e Inova\u00e7\u00e3o (MCTI), a SNCT destaca o papel crucial dos biomas: Amaz\u00f4nia, Cerrado, Caatinga, Mata Atl\u00e2ntica, Pantanal, Pampa e o Sistema Costeiro-Marinho na regula\u00e7\u00e3o do clima, na conserva\u00e7\u00e3o dos recursos h\u00eddricos e na sustentabilidade. <\/strong>A <strong>entrada \u00e9 gratuita <\/strong>e n\u00e3o \u00e9 necess\u00e1rio se inscrever previamente.<\/p>\n\n\n\n<p><strong>A programa\u00e7\u00e3o inclui estandes de importantes centros de pesquisa<\/strong>, como o Instituto Nacional de Pesquisas da Amaz\u00f4nia (INPA) e o Centro Nacional de Monitoramento e Alertas de Desastres Naturais (CEMADEN). <strong>Al\u00e9m disso, haver\u00e1 visitas guiadas, palestras sobre as mudan\u00e7as clim\u00e1ticas e atividades que ressaltam a conex\u00e3o entre tecnologia, ci\u00eancia e os saberes tradicionais das comunidades locais.<\/strong><\/p>\n\n\n\n<p><strong>Para quem busca conhecimento e divers\u00e3o, a SNCT \u00e9 um evento imperd\u00edvel. Escolas, fam\u00edlias e entusiastas podem aproveitar as atividades interativas e aprender mais sobre a biodiversidade \u00fanica do Brasil e as solu\u00e7\u00f5es inovadoras para a preserva\u00e7\u00e3o dos nossos biomas.<\/strong><\/p>\n\n\n\n<p><strong><a href=\"https:\/\/semanact.mcti.gov.br\/wp-content\/uploads\/2024\/10\/Programacao-Previa_21a-Semana-Nacional-de-Ciencia-Tecnologia-SNCT.pdf\">Saiba mais<\/a> e participe dessa celebra\u00e7\u00e3o da ci\u00eancia e da natureza no cora\u00e7\u00e3o de Bras\u00edlia!<\/strong>. <\/p>\n","protected":false},"excerpt":{"rendered":"<p>Foto: Jo\u00e9dson Alves Come\u00e7a hoje (5) a 21\u00aa Semana Nacional de Ci\u00eancia e Tecnologia (SNCT), um dos maiores encontros de ci\u00eancia e inova\u00e7\u00e3o do pa\u00eds. At\u00e9 domingo, dia 10, o Museu Nacional da Rep\u00fablica, em Bras\u00edlia, ser\u00e1 palco de debates, oficinas e exposi\u00e7\u00f5es sobre a biodiversidade e as riquezas culturais dos biomas brasileiros. Com o [&hellip;]<\/p>\n","protected":false},"author":1441,"featured_media":8831,"comment_status":"open","ping_status":"open","sticky":false,"template":"","format":"standard","meta":{"_monsterinsights_skip_tracking":false,"_monsterinsights_sitenote_active":false,"_monsterinsights_sitenote_note":"","_monsterinsights_sitenote_category":0,"footnotes":""},"categories":[41,17,34,3,2580],"tags":[],"class_list":["post-8830","post","type-post","status-publish","format-standard","has-post-thumbnail","hentry","category-agenda","category-bsb","category-destaque","category-entertainment","category-meio-ambiente"],"_links":{"self":[{"href":"https:\/\/cidadecult.com.br\/index.php?rest_route=\/wp\/v2\/posts\/8830","targetHints":{"allow":["GET"]}}],"collection":[{"href":"https:\/\/cidadecult.com.br\/index.php?rest_route=\/wp\/v2\/posts"}],"about":[{"href":"https:\/\/cidadecult.com.br\/index.php?rest_route=\/wp\/v2\/types\/post"}],"author":[{"embeddable":true,"href":"https:\/\/cidadecult.com.br\/index.php?rest_route=\/wp\/v2\/users\/1441"}],"replies":[{"embeddable":true,"href":"https:\/\/cidadecult.com.br\/index.php?rest_route=%2Fwp%2Fv2%2Fcomments&post=8830"}],"version-history":[{"count":1,"href":"https:\/\/cidadecult.com.br\/index.php?rest_route=\/wp\/v2\/posts\/8830\/revisions"}],"predecessor-version":[{"id":8832,"href":"https:\/\/cidadecult.com.br\/index.php?rest_route=\/wp\/v2\/posts\/8830\/revisions\/8832"}],"wp:featuredmedia":[{"embeddable":true,"href":"https:\/\/cidadecult.com.br\/index.php?rest_route=\/wp\/v2\/media\/8831"}],"wp:attachment":[{"href":"https:\/\/cidadecult.com.br\/index.php?rest_route=%2Fwp%2Fv2%2Fmedia&parent=8830"}],"wp:term":[{"taxonomy":"category","embeddable":true,"href":"https:\/\/cidadecult.com.br\/index.php?rest_route=%2Fwp%2Fv2%2Fcategories&post=8830"},{"taxonomy":"post_tag","embeddable":true,"href":"https:\/\/cidadecult.com.br\/index.php?rest_route=%2Fwp%2Fv2%2Ftags&post=8830"}],"curies":[{"name":"wp","href":"https:\/\/api.w.org\/{rel}","templated":true}]}}