{"id":8815,"date":"2024-11-04T10:58:53","date_gmt":"2024-11-04T13:58:53","guid":{"rendered":"https:\/\/cidadecult.com.br\/?p=8815"},"modified":"2024-11-04T10:59:33","modified_gmt":"2024-11-04T13:59:33","slug":"rio-de-janeiro-adota-protocolo-para-niveis-de-calor-extremo","status":"publish","type":"post","link":"https:\/\/cidadecult.com.br\/?p=8815","title":{"rendered":"Rio de Janeiro adota protocolo para n\u00edveis de calor extremo"},"content":{"rendered":"\n<p><em>Foto: Tomaz Silva<\/em><\/p>\n\n\n\n<p><strong>O Rio de Janeiro implementou um protocolo inovador para lidar com as altas temperaturas, dividindo os n\u00edveis de calor em cinco categorias. <\/strong>O <strong>N\u00edvel de Calor 1 (NC1)<\/strong> \u00e9 considerado normal, enquanto o <strong>N\u00edvel de Calor 5 (NC5)<\/strong> indica calor extremo, onde a prefeitura pode suspender atividades n\u00e3o essenciais, incluindo eventos ao ar livre com grande aglomera\u00e7\u00e3o.<\/p>\n\n\n\n<p>O novo protocolo faz parte do <strong>Plano ver\u00e3o 2024\/2025<\/strong>, que abrange o per\u00edodo de <strong>novembro a abril<\/strong>,<strong> caracterizado por chuvas e temperaturas elevadas<\/strong>. <strong>De acordo com o secret\u00e1rio municipal de Sa\u00fade, Daniel Soranz, o Rio \u00e9 a primeira capital a adotar um sistema estruturado para gerenciar as consequ\u00eancias do calor extremo, permitindo avisos antecipados com base nas previs\u00f5es meteorol\u00f3gicas.<\/strong><\/p>\n\n\n\n<p><strong>Embora o \u00faltimo ver\u00e3o tenha registrado uma temperatura recorde de 43,8\u00baC<\/strong>, as previs\u00f5es para esta temporada <strong>indicam temperaturas mais amenas,<\/strong> especialmente com o<strong> fim do fen\u00f4meno &#8220;El ni\u00f1o<\/strong>&#8220;. <strong>Entretanto, a expectativa \u00e9 de um aumento nas chuvas, elevando os riscos de deslizamentos e enchentes em \u00e1reas cr\u00edticas da cidade.<\/strong><\/p>\n\n\n\n<p><strong>A prefeitura est\u00e1 atenta a esses riscos e continua investindo em obras de conten\u00e7\u00e3o e limpeza das galerias pluviais, al\u00e9m de utilizar novos radares meteorol\u00f3gicos para melhorar as previs\u00f5es de tempestades. A popula\u00e7\u00e3o \u00e9 orientada a seguir os alertas emitidos e a priorizar a seguran\u00e7a em momentos de alerta.<\/strong><\/p>\n","protected":false},"excerpt":{"rendered":"<p>Foto: Tomaz Silva O Rio de Janeiro implementou um protocolo inovador para lidar com as altas temperaturas, dividindo os n\u00edveis de calor em cinco categorias. O N\u00edvel de Calor 1 (NC1) \u00e9 considerado normal, enquanto o N\u00edvel de Calor 5 (NC5) indica calor extremo, onde a prefeitura pode suspender atividades n\u00e3o essenciais, incluindo eventos ao [&hellip;]<\/p>\n","protected":false},"author":1441,"featured_media":8816,"comment_status":"open","ping_status":"open","sticky":false,"template":"","format":"standard","meta":{"_monsterinsights_skip_tracking":false,"_monsterinsights_sitenote_active":false,"_monsterinsights_sitenote_note":"","_monsterinsights_sitenote_category":0,"footnotes":""},"categories":[54],"tags":[439,3304,423,3306,3305,447,459],"class_list":["post-8815","post","type-post","status-publish","format-standard","has-post-thumbnail","hentry","category-brasil","tag-brasil-2","tag-calorextremo","tag-cidadecultpordentro-2","tag-fenomenoelnino","tag-planoverao25","tag-riodejaneiro-2","tag-saude-3"],"_links":{"self":[{"href":"https:\/\/cidadecult.com.br\/index.php?rest_route=\/wp\/v2\/posts\/8815","targetHints":{"allow":["GET"]}}],"collection":[{"href":"https:\/\/cidadecult.com.br\/index.php?rest_route=\/wp\/v2\/posts"}],"about":[{"href":"https:\/\/cidadecult.com.br\/index.php?rest_route=\/wp\/v2\/types\/post"}],"author":[{"embeddable":true,"href":"https:\/\/cidadecult.com.br\/index.php?rest_route=\/wp\/v2\/users\/1441"}],"replies":[{"embeddable":true,"href":"https:\/\/cidadecult.com.br\/index.php?rest_route=%2Fwp%2Fv2%2Fcomments&post=8815"}],"version-history":[{"count":1,"href":"https:\/\/cidadecult.com.br\/index.php?rest_route=\/wp\/v2\/posts\/8815\/revisions"}],"predecessor-version":[{"id":8817,"href":"https:\/\/cidadecult.com.br\/index.php?rest_route=\/wp\/v2\/posts\/8815\/revisions\/8817"}],"wp:featuredmedia":[{"embeddable":true,"href":"https:\/\/cidadecult.com.br\/index.php?rest_route=\/wp\/v2\/media\/8816"}],"wp:attachment":[{"href":"https:\/\/cidadecult.com.br\/index.php?rest_route=%2Fwp%2Fv2%2Fmedia&parent=8815"}],"wp:term":[{"taxonomy":"category","embeddable":true,"href":"https:\/\/cidadecult.com.br\/index.php?rest_route=%2Fwp%2Fv2%2Fcategories&post=8815"},{"taxonomy":"post_tag","embeddable":true,"href":"https:\/\/cidadecult.com.br\/index.php?rest_route=%2Fwp%2Fv2%2Ftags&post=8815"}],"curies":[{"name":"wp","href":"https:\/\/api.w.org\/{rel}","templated":true}]}}