{"id":8807,"date":"2024-11-11T12:21:17","date_gmt":"2024-11-11T15:21:17","guid":{"rendered":"https:\/\/cidadecult.com.br\/?p=8807"},"modified":"2024-11-11T12:21:14","modified_gmt":"2024-11-11T15:21:14","slug":"artistas-de-brasilia-lancam-clipe-produzido-por-estudantes-da-rede-publica","status":"publish","type":"post","link":"https:\/\/cidadecult.com.br\/?p=8807","title":{"rendered":"Artistas de Bras\u00edlia lan\u00e7am clipe produzido por estudantes da rede p\u00fablica!"},"content":{"rendered":"\n<p><em>\u00a0Foto: Joel Rodrigues<\/em><\/p>\n\n\n\n<p>O clipe da m\u00fasica <strong>&#8220;Cora\u00e7\u00e3o parou&#8221;<\/strong>, do duo brasiliense <strong>Margaridas<\/strong>, foi lan\u00e7ado e j\u00e1 est\u00e1 dispon\u00edvel para o p\u00fablico. O que torna essa produ\u00e7\u00e3o ainda mais especial \u00e9 que o v\u00eddeo foi realizado por estudantes do <strong>Centro Educacional 3 de Sobradinho<\/strong>, atrav\u00e9s do projeto &#8220;<strong>MTV nas escolas<\/strong>&#8220;, que recebe apoio do <strong>Fundo de Apoio \u00e0 Cultura (FAC)<\/strong>, da Secretaria de Cultura e Economia Criativa.<\/p>\n\n\n\n<p>Durante duas semanas, 16 alunos participaram de oficinas de produ\u00e7\u00e3o audiovisual, onde aprenderam sobre fotografia, filmagem e edi\u00e7\u00e3o. O resultado final foi o clipe, desenvolvido sob a orienta\u00e7\u00e3o do fot\u00f3grafo <strong>Cadu Andrade<\/strong> e do videomaker <strong>Louren\u00e7o Fabrino<\/strong>, conhecido como <strong>Luringa<\/strong>, que j\u00e1 trabalhou com artistas como Fresno e NX Zero.<\/p>\n\n\n\n<p>O idealizador do projeto, <strong>F\u00e1bio Barrera<\/strong>, comentou sobre a experi\u00eancia: \u201cO saldo foi bastante positivo e superou nossas expectativas. Os alunos se mostraram muito \u00e0 vontade, especialmente pela familiaridade com o celular.\u201d Ele ressaltou a import\u00e2ncia do projeto n\u00e3o apenas para os estudantes, mas tamb\u00e9m para fomentar o trabalho de artistas locais em ascens\u00e3o.<\/p>\n\n\n\n<p>As irm\u00e3s <strong>Maria Paula<\/strong> e <strong>Sabrina Soares<\/strong>, do duo Margaridas, elogiaram o resultado final. Maria Paula destacou: \u201cO clipe foi feito inteiramente por adolescentes que, em sua maioria, nunca haviam manuseado uma c\u00e2mera. Eles entregaram um trabalho incr\u00edvel.\u201d Ela tamb\u00e9m enfatizou como o projeto pode impactar positivamente o futuro dos jovens, oferecendo refer\u00eancias art\u00edsticas dentro do ambiente escolar.<\/p>\n\n\n\n<p>O secret\u00e1rio de Cultura e Economia Criativa, <strong>Claudio Abrantes<\/strong>, ressaltou a import\u00e2ncia de investimentos em cultura: \u201c\u00c9 gratificante ver os resultados das pol\u00edticas p\u00fablicas e programas que temos na Secretaria. O MTV nas Escolas demonstra que quanto mais investimos na forma\u00e7\u00e3o cultural da juventude, maior \u00e9 o retorno para a sociedade.\u201d<\/p>\n\n\n\n<p>Para os alunos, o impacto foi significativo. <strong>Camila Modicoviski<\/strong>, professora de Artes do CED 3, observou que a experi\u00eancia aumentou a autoestima dos estudantes. \u201cVer seu nome nos cr\u00e9ditos foi muito positivo para eles e muitos come\u00e7aram a considerar uma carreira no audiovisual\u201d, afirmou.<\/p>\n\n\n\n<p><strong>N\u00e3o perca a chance de assistir ao clipe de &#8220;Cora\u00e7\u00e3o parou&#8221; e prestigiar o talento dos jovens que est\u00e3o moldando o futuro do audiovisual em Bras\u00edlia!<\/strong><\/p>\n","protected":false},"excerpt":{"rendered":"<p>\u00a0Foto: Joel Rodrigues O clipe da m\u00fasica &#8220;Cora\u00e7\u00e3o parou&#8221;, do duo brasiliense Margaridas, foi lan\u00e7ado e j\u00e1 est\u00e1 dispon\u00edvel para o p\u00fablico. O que torna essa produ\u00e7\u00e3o ainda mais especial \u00e9 que o v\u00eddeo foi realizado por estudantes do Centro Educacional 3 de Sobradinho, atrav\u00e9s do projeto &#8220;MTV nas escolas&#8220;, que recebe apoio do Fundo [&hellip;]<\/p>\n","protected":false},"author":1441,"featured_media":8808,"comment_status":"open","ping_status":"open","sticky":false,"template":"","format":"standard","meta":{"_monsterinsights_skip_tracking":false,"_monsterinsights_sitenote_active":false,"_monsterinsights_sitenote_note":"","_monsterinsights_sitenote_category":0,"footnotes":""},"categories":[17,34,6],"tags":[3298,423,1803,3299,441],"class_list":["post-8807","post","type-post","status-publish","format-standard","has-post-thumbnail","hentry","category-bsb","category-destaque","category-music","tag-artistasdebrasilia","tag-cidadecultpordentro-2","tag-clipe","tag-coracaoparou","tag-sonacidadecult-2"],"_links":{"self":[{"href":"https:\/\/cidadecult.com.br\/index.php?rest_route=\/wp\/v2\/posts\/8807","targetHints":{"allow":["GET"]}}],"collection":[{"href":"https:\/\/cidadecult.com.br\/index.php?rest_route=\/wp\/v2\/posts"}],"about":[{"href":"https:\/\/cidadecult.com.br\/index.php?rest_route=\/wp\/v2\/types\/post"}],"author":[{"embeddable":true,"href":"https:\/\/cidadecult.com.br\/index.php?rest_route=\/wp\/v2\/users\/1441"}],"replies":[{"embeddable":true,"href":"https:\/\/cidadecult.com.br\/index.php?rest_route=%2Fwp%2Fv2%2Fcomments&post=8807"}],"version-history":[{"count":1,"href":"https:\/\/cidadecult.com.br\/index.php?rest_route=\/wp\/v2\/posts\/8807\/revisions"}],"predecessor-version":[{"id":8809,"href":"https:\/\/cidadecult.com.br\/index.php?rest_route=\/wp\/v2\/posts\/8807\/revisions\/8809"}],"wp:featuredmedia":[{"embeddable":true,"href":"https:\/\/cidadecult.com.br\/index.php?rest_route=\/wp\/v2\/media\/8808"}],"wp:attachment":[{"href":"https:\/\/cidadecult.com.br\/index.php?rest_route=%2Fwp%2Fv2%2Fmedia&parent=8807"}],"wp:term":[{"taxonomy":"category","embeddable":true,"href":"https:\/\/cidadecult.com.br\/index.php?rest_route=%2Fwp%2Fv2%2Fcategories&post=8807"},{"taxonomy":"post_tag","embeddable":true,"href":"https:\/\/cidadecult.com.br\/index.php?rest_route=%2Fwp%2Fv2%2Ftags&post=8807"}],"curies":[{"name":"wp","href":"https:\/\/api.w.org\/{rel}","templated":true}]}}