{"id":8771,"date":"2024-11-01T17:59:09","date_gmt":"2024-11-01T20:59:09","guid":{"rendered":"https:\/\/cidadecult.com.br\/?p=8771"},"modified":"2024-11-01T18:03:28","modified_gmt":"2024-11-01T21:03:28","slug":"oficina-de-ia-e-fabricacao-digital-para-empreendedores-um-novo-impulso-a-inovacao-no-biotic","status":"publish","type":"post","link":"https:\/\/cidadecult.com.br\/?p=8771","title":{"rendered":"Oficina de IA e fabrica\u00e7\u00e3o digital para empreendedores: um novo impulso \u00e0 inova\u00e7\u00e3o no Biotic"},"content":{"rendered":"\n<p><\/p>\n\n\n\n<p>O Biotic \u2013 Parque Tecnol\u00f3gico de Bras\u00edlia sediou a oficina \u201c sediou ontem a oficina &#8220;IA e Fabrica\u00e7\u00e3o Digital para Empreendedores\u201d, promovida pela startup Br.ino em parceria com o Sebrae e o pr\u00f3prio Biotic. A oficina, realizada no espa\u00e7o Maker do SebraeLab, reuniu 30 participantes que exploraram como a intelig\u00eancia artificial e as tecnologias de fabrica\u00e7\u00e3o digital podem transformar o universo dos neg\u00f3cios.<\/p>\n\n\n\n<p>Gabriel Pacheco, CFO da Br.ino e mentor da oficina, compartilhou: \u201cFoi uma excelente oportunidade para apresentar um pouco do que usamos e aprendemos em nossa startup. Ferramentas como IA e impressoras 3D possibilitam uma experimenta\u00e7\u00e3o \u00e1gil de ideias, e \u00e9 muito gratificante poder mostrar essas possibilidades a outros empreendedores do DF em parceria com o Sebrae.\u201d<\/p>\n\n\n\n<figure class=\"wp-block-image size-large\"><img loading=\"lazy\" decoding=\"async\" width=\"1024\" height=\"1024\" src=\"https:\/\/cidadecult.com.br\/wp-content\/uploads\/2024\/11\/brino-1024x1024.jpeg\" alt=\"\" class=\"wp-image-8772\" srcset=\"https:\/\/cidadecult.com.br\/wp-content\/uploads\/2024\/11\/brino-1024x1024.jpeg 1024w, https:\/\/cidadecult.com.br\/wp-content\/uploads\/2024\/11\/brino-300x300.jpeg 300w, https:\/\/cidadecult.com.br\/wp-content\/uploads\/2024\/11\/brino-150x150.jpeg 150w, https:\/\/cidadecult.com.br\/wp-content\/uploads\/2024\/11\/brino-768x768.jpeg 768w, https:\/\/cidadecult.com.br\/wp-content\/uploads\/2024\/11\/brino-1536x1536.jpeg 1536w, https:\/\/cidadecult.com.br\/wp-content\/uploads\/2024\/11\/brino-2048x2048.jpeg 2048w, https:\/\/cidadecult.com.br\/wp-content\/uploads\/2024\/11\/brino-75x75.jpeg 75w, https:\/\/cidadecult.com.br\/wp-content\/uploads\/2024\/11\/brino-750x750.jpeg 750w, https:\/\/cidadecult.com.br\/wp-content\/uploads\/2024\/11\/brino-1140x1140.jpeg 1140w\" sizes=\"auto, (max-width: 1024px) 100vw, 1024px\" \/><figcaption class=\"wp-element-caption\">Cr\u00e9dito Vitor Hugo\/Biotic<\/figcaption><\/figure>\n\n\n\n<p>Al\u00e9m do aprendizado t\u00e9cnico, o evento refor\u00e7ou a miss\u00e3o do Biotic de ser um catalisador para o desenvolvimento de tecnologias inovadoras. Gustavo Dias, presidente do parque, afirmou: \u201cO Biotic se orgulha de ser um facilitador e parceiro em iniciativas que incentivam a inova\u00e7\u00e3o e o empreendedorismo, ajudando a impulsionar o desenvolvimento econ\u00f4mico e tecnol\u00f3gico da nossa regi\u00e3o.\u201d<\/p>\n\n\n\n<figure class=\"wp-block-image size-large\"><img loading=\"lazy\" decoding=\"async\" width=\"1024\" height=\"1024\" src=\"https:\/\/cidadecult.com.br\/wp-content\/uploads\/2024\/11\/WhatsApp-Image-2024-11-01-at-17.57.40-1024x1024.jpeg\" alt=\"\" class=\"wp-image-8773\" srcset=\"https:\/\/cidadecult.com.br\/wp-content\/uploads\/2024\/11\/WhatsApp-Image-2024-11-01-at-17.57.40-1024x1024.jpeg 1024w, https:\/\/cidadecult.com.br\/wp-content\/uploads\/2024\/11\/WhatsApp-Image-2024-11-01-at-17.57.40-300x300.jpeg 300w, https:\/\/cidadecult.com.br\/wp-content\/uploads\/2024\/11\/WhatsApp-Image-2024-11-01-at-17.57.40-150x150.jpeg 150w, https:\/\/cidadecult.com.br\/wp-content\/uploads\/2024\/11\/WhatsApp-Image-2024-11-01-at-17.57.40-768x768.jpeg 768w, https:\/\/cidadecult.com.br\/wp-content\/uploads\/2024\/11\/WhatsApp-Image-2024-11-01-at-17.57.40-1536x1536.jpeg 1536w, https:\/\/cidadecult.com.br\/wp-content\/uploads\/2024\/11\/WhatsApp-Image-2024-11-01-at-17.57.40-2048x2048.jpeg 2048w, https:\/\/cidadecult.com.br\/wp-content\/uploads\/2024\/11\/WhatsApp-Image-2024-11-01-at-17.57.40-75x75.jpeg 75w, https:\/\/cidadecult.com.br\/wp-content\/uploads\/2024\/11\/WhatsApp-Image-2024-11-01-at-17.57.40-750x750.jpeg 750w, https:\/\/cidadecult.com.br\/wp-content\/uploads\/2024\/11\/WhatsApp-Image-2024-11-01-at-17.57.40-1140x1140.jpeg 1140w\" sizes=\"auto, (max-width: 1024px) 100vw, 1024px\" \/><\/figure>\n\n\n\n<p>Para quem se interessa em conhecer de perto essa atmosfera inovadora, o Biotic est\u00e1 aberto a visitas. Agende a sua preenchendo o formul\u00e1rio dispon\u00edvel <a href=\"https:\/\/docs.google.com\/forms\/d\/e\/1FAIpQLSc7zmlbnCVe6ScLiCi9GIeTbqR5adcCFlXbKRJYVIsnYN6cZA\/viewform\">aqui<\/a>.<\/p>\n","protected":false},"excerpt":{"rendered":"<p>O Biotic \u2013 Parque Tecnol\u00f3gico de Bras\u00edlia sediou a oficina \u201c sediou ontem a oficina &#8220;IA e Fabrica\u00e7\u00e3o Digital para Empreendedores\u201d, promovida pela startup Br.ino em parceria com o Sebrae e o pr\u00f3prio Biotic. A oficina, realizada no espa\u00e7o Maker do SebraeLab, reuniu 30 participantes que exploraram como a intelig\u00eancia artificial e as tecnologias de [&hellip;]<\/p>\n","protected":false},"author":5210,"featured_media":8773,"comment_status":"open","ping_status":"open","sticky":false,"template":"","format":"standard","meta":{"_monsterinsights_skip_tracking":false,"_monsterinsights_sitenote_active":false,"_monsterinsights_sitenote_note":"","_monsterinsights_sitenote_category":0,"footnotes":""},"categories":[17,16],"tags":[],"class_list":["post-8771","post","type-post","status-publish","format-standard","has-post-thumbnail","hentry","category-bsb","category-tech"],"_links":{"self":[{"href":"https:\/\/cidadecult.com.br\/index.php?rest_route=\/wp\/v2\/posts\/8771","targetHints":{"allow":["GET"]}}],"collection":[{"href":"https:\/\/cidadecult.com.br\/index.php?rest_route=\/wp\/v2\/posts"}],"about":[{"href":"https:\/\/cidadecult.com.br\/index.php?rest_route=\/wp\/v2\/types\/post"}],"author":[{"embeddable":true,"href":"https:\/\/cidadecult.com.br\/index.php?rest_route=\/wp\/v2\/users\/5210"}],"replies":[{"embeddable":true,"href":"https:\/\/cidadecult.com.br\/index.php?rest_route=%2Fwp%2Fv2%2Fcomments&post=8771"}],"version-history":[{"count":1,"href":"https:\/\/cidadecult.com.br\/index.php?rest_route=\/wp\/v2\/posts\/8771\/revisions"}],"predecessor-version":[{"id":8775,"href":"https:\/\/cidadecult.com.br\/index.php?rest_route=\/wp\/v2\/posts\/8771\/revisions\/8775"}],"wp:featuredmedia":[{"embeddable":true,"href":"https:\/\/cidadecult.com.br\/index.php?rest_route=\/wp\/v2\/media\/8773"}],"wp:attachment":[{"href":"https:\/\/cidadecult.com.br\/index.php?rest_route=%2Fwp%2Fv2%2Fmedia&parent=8771"}],"wp:term":[{"taxonomy":"category","embeddable":true,"href":"https:\/\/cidadecult.com.br\/index.php?rest_route=%2Fwp%2Fv2%2Fcategories&post=8771"},{"taxonomy":"post_tag","embeddable":true,"href":"https:\/\/cidadecult.com.br\/index.php?rest_route=%2Fwp%2Fv2%2Ftags&post=8771"}],"curies":[{"name":"wp","href":"https:\/\/api.w.org\/{rel}","templated":true}]}}