{"id":8755,"date":"2024-11-01T12:21:56","date_gmt":"2024-11-01T15:21:56","guid":{"rendered":"https:\/\/cidadecult.com.br\/?p=8755"},"modified":"2024-11-01T12:21:58","modified_gmt":"2024-11-01T15:21:58","slug":"festa-literaria-internacional-de-marica-flim-celebra-a-cultura-e-homenageia-ziraldo","status":"publish","type":"post","link":"https:\/\/cidadecult.com.br\/?p=8755","title":{"rendered":"Festa Liter\u00e1ria Internacional de Maric\u00e1 (FLIM) celebra a cultura e homenageia Ziraldo"},"content":{"rendered":"\n<p><em>Foto\/divulga\u00e7\u00e3o<\/em><\/p>\n\n\n\n<p>A <strong>9\u00aa Festa Liter\u00e1ria Internacional de Maric\u00e1 (FLIM)<\/strong> ter\u00e1 in\u00edcio nesta <strong>sexta-feira, 1\u00ba de novembro<\/strong>, e prossegue at\u00e9 o dia <strong>10 de novembro<\/strong> na orla do <strong>Parque Nanci<\/strong>, na cidade de Maric\u00e1, regi\u00e3o metropolitana do Rio de Janeiro. O evento homenageia o ic\u00f4nico cartunista <strong>Ziraldo<\/strong>, conhecido por suas contribui\u00e7\u00f5es \u00e0 literatura infantil e por personagens marcantes como o Menino Maluquinho.<\/p>\n\n\n\n<h4 class=\"wp-block-heading\">Programa\u00e7\u00e3o diversificada<\/h4>\n\n\n\n<p>Com o slogan <strong>&#8220;A nossa hist\u00f3ria a gente escreve aqui&#8221;<\/strong>, a<strong> FLIM<\/strong> promete uma programa\u00e7\u00e3o variada das <strong>9h \u00e0s 20h<\/strong>, incluindo palestras, debates, shows e diversas atividades para todas as idades. Entre os autores confirmados est\u00e3o renomados escritores como <strong>Itamar Vieira Junior<\/strong>, <strong>Teresa C\u00e1rdenas<\/strong>, <strong>Valter Hugo M\u00e3e<\/strong>, <strong>Concei\u00e7\u00e3o Evaristo<\/strong>, e <strong>Thalita Rebou\u00e7as<\/strong>. Al\u00e9m disso, a programa\u00e7\u00e3o conta com a participa\u00e7\u00e3o de artistas como <strong>Paulinho Moska<\/strong>, <strong>Lenine<\/strong>, e <strong>Vanessa da Mata<\/strong>, garantindo entretenimento de qualidade para todos os presentes.<\/p>\n\n\n\n<h4 class=\"wp-block-heading\">Debates e atividades para crian\u00e7as<\/h4>\n\n\n\n<p>Um dos destaques ser\u00e1 a <strong>arena de debates Papo Flim<\/strong>, onde autores, atores e m\u00fasicos discutir\u00e3o temas relevantes. No primeiro dia, o debate &#8220;Territ\u00f3rios de resist\u00eancia: hist\u00f3rias de luta e ancestralidade&#8221; contar\u00e1 com a participa\u00e7\u00e3o de <strong>Itamar Vieira Junior<\/strong>, autor do aclamado livro<strong> Torto Arado.<\/strong><\/p>\n\n\n\n<p>Para o p\u00fablico infantil, o espa\u00e7o <strong>Flimzinha<\/strong> homenagear\u00e1 Ziraldo com atividades l\u00fadicas e refer\u00eancias aos seus personagens. As crian\u00e7as poder\u00e3o se divertir com conta\u00e7\u00e3o de hist\u00f3rias, teatro, e apresenta\u00e7\u00f5es musicais, al\u00e9m de um parque interativo.<\/p>\n\n\n\n<h4 class=\"wp-block-heading\">Incentivo \u00e0 leitura<\/h4>\n\n\n\n<p>A FLIM tamb\u00e9m se destaca pelo programa <strong>Mumbuca Liter\u00e1ria<\/strong>, que oferece vouchers de compra de livros para cerca de <strong>30 mil alunos<\/strong> da rede municipal de ensino, incentivando a leitura e a forma\u00e7\u00e3o de um p\u00fablico leitor. Essa iniciativa \u00e9 um esfor\u00e7o para reduzir a desigualdade no acesso \u00e0 literatura.<\/p>\n\n\n\n<h4 class=\"wp-block-heading\">Impacto e expectativa<\/h4>\n\n\n\n<p>O secret\u00e1rio municipal de Educa\u00e7\u00e3o de Maric\u00e1, <strong>M\u00e1rcio Jardim<\/strong>, expressa confian\u00e7a em um aumento no n\u00famero de visitantes em compara\u00e7\u00e3o ao ano anterior, quando mais de <strong>120 mil pessoas<\/strong> compareceram ao evento. A localiza\u00e7\u00e3o do Parque Nanci, que facilita o acesso, deve contribuir para atrair um p\u00fablico ainda maior.<\/p>\n\n\n\n<h4 class=\"wp-block-heading\">Transporte acess\u00edvel<\/h4>\n\n\n\n<p>Para facilitar a chegada ao evento, a <strong>Empresa P\u00fablica de Transportes<\/strong> implementar\u00e1 uma opera\u00e7\u00e3o especial, com linhas de micro-\u00f4nibus que conectar\u00e3o os pontos de transporte ao Parque Nanci.<\/p>\n\n\n\n<h3 class=\"wp-block-heading\">Venha celebrar a literatura em Maric\u00e1!<\/h3>\n\n\n\n<p>A <strong>Festa Liter\u00e1ria Internacional de Maric\u00e1 <\/strong>\u00e9 uma oportunidade \u00fanica para celebrar a <strong>cultura liter\u00e1ria, <\/strong>promover o acesso \u00e0 leitura e participar de um evento que \u00e9 uma verdadeira festa para todas as idades. <strong>N\u00e3o perca essa chance de se inspirar e interagir com grandes nomes da literatura!.<\/strong> <\/p>\n","protected":false},"excerpt":{"rendered":"<p>Foto\/divulga\u00e7\u00e3o A 9\u00aa Festa Liter\u00e1ria Internacional de Maric\u00e1 (FLIM) ter\u00e1 in\u00edcio nesta sexta-feira, 1\u00ba de novembro, e prossegue at\u00e9 o dia 10 de novembro na orla do Parque Nanci, na cidade de Maric\u00e1, regi\u00e3o metropolitana do Rio de Janeiro. O evento homenageia o ic\u00f4nico cartunista Ziraldo, conhecido por suas contribui\u00e7\u00f5es \u00e0 literatura infantil e por [&hellip;]<\/p>\n","protected":false},"author":1441,"featured_media":8756,"comment_status":"open","ping_status":"open","sticky":false,"template":"","format":"standard","meta":{"_monsterinsights_skip_tracking":false,"_monsterinsights_sitenote_active":false,"_monsterinsights_sitenote_note":"","_monsterinsights_sitenote_category":0,"footnotes":""},"categories":[300],"tags":[423,3283,3285],"class_list":["post-8755","post","type-post","status-publish","format-standard","has-post-thumbnail","hentry","category-literatura","tag-cidadecultpordentro-2","tag-festaliterariainternacional","tag-homenageiaziraldo"],"_links":{"self":[{"href":"https:\/\/cidadecult.com.br\/index.php?rest_route=\/wp\/v2\/posts\/8755","targetHints":{"allow":["GET"]}}],"collection":[{"href":"https:\/\/cidadecult.com.br\/index.php?rest_route=\/wp\/v2\/posts"}],"about":[{"href":"https:\/\/cidadecult.com.br\/index.php?rest_route=\/wp\/v2\/types\/post"}],"author":[{"embeddable":true,"href":"https:\/\/cidadecult.com.br\/index.php?rest_route=\/wp\/v2\/users\/1441"}],"replies":[{"embeddable":true,"href":"https:\/\/cidadecult.com.br\/index.php?rest_route=%2Fwp%2Fv2%2Fcomments&post=8755"}],"version-history":[{"count":1,"href":"https:\/\/cidadecult.com.br\/index.php?rest_route=\/wp\/v2\/posts\/8755\/revisions"}],"predecessor-version":[{"id":8757,"href":"https:\/\/cidadecult.com.br\/index.php?rest_route=\/wp\/v2\/posts\/8755\/revisions\/8757"}],"wp:featuredmedia":[{"embeddable":true,"href":"https:\/\/cidadecult.com.br\/index.php?rest_route=\/wp\/v2\/media\/8756"}],"wp:attachment":[{"href":"https:\/\/cidadecult.com.br\/index.php?rest_route=%2Fwp%2Fv2%2Fmedia&parent=8755"}],"wp:term":[{"taxonomy":"category","embeddable":true,"href":"https:\/\/cidadecult.com.br\/index.php?rest_route=%2Fwp%2Fv2%2Fcategories&post=8755"},{"taxonomy":"post_tag","embeddable":true,"href":"https:\/\/cidadecult.com.br\/index.php?rest_route=%2Fwp%2Fv2%2Ftags&post=8755"}],"curies":[{"name":"wp","href":"https:\/\/api.w.org\/{rel}","templated":true}]}}