{"id":8677,"date":"2024-10-31T09:00:00","date_gmt":"2024-10-31T12:00:00","guid":{"rendered":"https:\/\/cidadecult.com.br\/?p=8677"},"modified":"2024-10-31T09:07:16","modified_gmt":"2024-10-31T12:07:16","slug":"3a-residencia-meu-lugar-ensaio-aberto-para-o-publico-no-complexo-cultural-de-samambaia","status":"publish","type":"post","link":"https:\/\/cidadecult.com.br\/?p=8677","title":{"rendered":"&#8220;3\u00aa Resid\u00eancia meu lugar&#8221; ensaio aberto para o p\u00fablico no Complexo Cultural de Samambaia!"},"content":{"rendered":"\n<p><em>Foto: Duda Rodrigues<\/em><\/p>\n\n\n\n<p>Amanh\u00e3, <strong>1\u00ba de novembro<\/strong>, o <strong>Complexo Cultural de Samambaia<\/strong> recebe o ensaio aberto da &#8220;<strong>3\u00aa Resid\u00eancia meu lugar<\/strong>&#8220;, um<strong> projeto de dan\u00e7a contempor\u00e2nea<\/strong> que se destaca por incentivar a cria\u00e7\u00e3o autoral de jovens artistas LGBTQIAPN+ no<strong> Distrito Federal<\/strong>. O evento, com in\u00edcio \u00e0s <strong>19h30<\/strong>, ter\u00e1 entrada gratuita, com ingressos j\u00e1 dispon\u00edveis no Sympla, e promete uma noite de express\u00e3o art\u00edstica e inova\u00e7\u00e3o criativa.<\/p>\n\n\n\n<h3 class=\"wp-block-heading\">Sobre o projeto<\/h3>\n\n\n\n<p>Idealizado pela multiartista <strong>Juana Miranda<\/strong> e desenvolvido com recursos da <strong>Lei Paulo Gustavo<\/strong>, o projeto incentiva a cria\u00e7\u00e3o autoral de int\u00e9rpretes da dan\u00e7a, oferecendo um espa\u00e7o de experimenta\u00e7\u00e3o e constru\u00e7\u00e3o de identidade art\u00edstica. Desde agosto de 2024, os artistas t\u00eam trabalhado intensamente no <strong>Centro de Dan\u00e7a de Bras\u00edlia<\/strong>, onde foram acompanhados por uma equipe t\u00e9cnica que contribuiu com trilha sonora, figurino e orienta\u00e7\u00e3o art\u00edstica.<\/p>\n\n\n\n<h3 class=\"wp-block-heading\">Os artistas e suas obras<\/h3>\n\n\n\n<p>O p\u00fablico poder\u00e1 conferir sete obras in\u00e9ditas, cada uma trazendo \u00e0 tona um tema distinto e explorando narrativas pessoais e universais. Entre as apresenta\u00e7\u00f5es:<\/p>\n\n\n\n<ul class=\"wp-block-list\">\n<li><strong>&#8220;Porque antes de eu ler j\u00e1 me liam&#8221;<\/strong> \u2013 J\u00e9ssica Rayane: Uma reflex\u00e3o sobre identidade e estere\u00f3tipos.<\/li>\n\n\n\n<li><strong>&#8220;Akai Ito&#8221;<\/strong> \u2013 Ray Marques e Mari Xavier: Uma hist\u00f3ria de amor e autoconhecimento.<\/li>\n\n\n\n<li><strong>&#8220;Arrombada&#8221;<\/strong> \u2013 Rapha Balduzzi: Um grito contra a opress\u00e3o bin\u00e1ria.<\/li>\n\n\n\n<li><strong>&#8220;TRANSFIGURAR&#8221;<\/strong> \u2013 Sintra Rodrigues: Dan\u00e7a vogue e adaptabilidade.<\/li>\n\n\n\n<li><strong>&#8220;CordAmar&#8221;<\/strong> \u2013 Aim\u00ea Rivero: Ensaio sobre perda e mem\u00f3ria.<\/li>\n\n\n\n<li><strong>&#8220;Corpo Espet\u00e1culo&#8221;<\/strong> \u2013 Daniele Macedo: Empoderamento feminino e trajet\u00f3ria de vida.<\/li>\n\n\n\n<li><strong>&#8220;GIRA&#8221;<\/strong> \u2013 Fernanda Muniz: Resgate de ritmos afro-brasileiros e ancestralidade.<\/li>\n<\/ul>\n\n\n\n<p>Cada performance \u00e9 marcada pela originalidade e pelo compromisso com a liberdade de express\u00e3o. A equipe, composta por <strong>Thiago Nau<\/strong> (trilha sonora), <strong>Bruno Ferraz<\/strong> e <strong>Lia Kamp<\/strong> (figurinos), al\u00e9m de mentores e profissionais experientes, colaborou para transformar ideias em espet\u00e1culos aut\u00eanticos e impactantes.<\/p>\n\n\n\n<h3 class=\"wp-block-heading\">Servi\u00e7o:<\/h3>\n\n\n\n<ul class=\"wp-block-list\">\n<li><strong>Data:<\/strong> Sexta-feira, 1\u00ba de novembro<\/li>\n\n\n\n<li><strong>Hor\u00e1rio:<\/strong> 19h30<\/li>\n\n\n\n<li><strong>Local:<\/strong> Complexo Cultural de Samambaia<\/li>\n\n\n\n<li><strong>Ingressos:<\/strong> Gratuitos, dispon\u00edveis pelo <a href=\"https:\/\/www.sympla.com.br\/evento\/ensaio-aberto-3-residencia-meu-lugar\/2691550\">Sympla<\/a><\/li>\n\n\n\n<li><strong>Classifica\u00e7\u00e3o:<\/strong> 16 anos<\/li>\n<\/ul>\n\n\n\n<p>Para mais informa\u00e7\u00f5es, acompanhe o <strong>@nucleodepesquisadacena<\/strong>. <strong>N\u00e3o perca a chance de vivenciar essa celebra\u00e7\u00e3o da dan\u00e7a e da diversidade art\u00edstica no cora\u00e7\u00e3o de Samambaia.<\/strong><\/p>\n","protected":false},"excerpt":{"rendered":"<p>Foto: Duda Rodrigues Amanh\u00e3, 1\u00ba de novembro, o Complexo Cultural de Samambaia recebe o ensaio aberto da &#8220;3\u00aa Resid\u00eancia meu lugar&#8220;, um projeto de dan\u00e7a contempor\u00e2nea que se destaca por incentivar a cria\u00e7\u00e3o autoral de jovens artistas LGBTQIAPN+ no Distrito Federal. O evento, com in\u00edcio \u00e0s 19h30, ter\u00e1 entrada gratuita, com ingressos j\u00e1 dispon\u00edveis no [&hellip;]<\/p>\n","protected":false},"author":1441,"featured_media":8679,"comment_status":"open","ping_status":"open","sticky":false,"template":"","format":"standard","meta":{"_monsterinsights_skip_tracking":false,"_monsterinsights_sitenote_active":false,"_monsterinsights_sitenote_note":"","_monsterinsights_sitenote_category":0,"footnotes":""},"categories":[41,2569,17],"tags":[2125],"class_list":["post-8677","post","type-post","status-publish","format-standard","has-post-thumbnail","hentry","category-agenda","category-arte","category-bsb","tag-3residenciameulugar"],"_links":{"self":[{"href":"https:\/\/cidadecult.com.br\/index.php?rest_route=\/wp\/v2\/posts\/8677","targetHints":{"allow":["GET"]}}],"collection":[{"href":"https:\/\/cidadecult.com.br\/index.php?rest_route=\/wp\/v2\/posts"}],"about":[{"href":"https:\/\/cidadecult.com.br\/index.php?rest_route=\/wp\/v2\/types\/post"}],"author":[{"embeddable":true,"href":"https:\/\/cidadecult.com.br\/index.php?rest_route=\/wp\/v2\/users\/1441"}],"replies":[{"embeddable":true,"href":"https:\/\/cidadecult.com.br\/index.php?rest_route=%2Fwp%2Fv2%2Fcomments&post=8677"}],"version-history":[{"count":1,"href":"https:\/\/cidadecult.com.br\/index.php?rest_route=\/wp\/v2\/posts\/8677\/revisions"}],"predecessor-version":[{"id":8678,"href":"https:\/\/cidadecult.com.br\/index.php?rest_route=\/wp\/v2\/posts\/8677\/revisions\/8678"}],"wp:featuredmedia":[{"embeddable":true,"href":"https:\/\/cidadecult.com.br\/index.php?rest_route=\/wp\/v2\/media\/8679"}],"wp:attachment":[{"href":"https:\/\/cidadecult.com.br\/index.php?rest_route=%2Fwp%2Fv2%2Fmedia&parent=8677"}],"wp:term":[{"taxonomy":"category","embeddable":true,"href":"https:\/\/cidadecult.com.br\/index.php?rest_route=%2Fwp%2Fv2%2Fcategories&post=8677"},{"taxonomy":"post_tag","embeddable":true,"href":"https:\/\/cidadecult.com.br\/index.php?rest_route=%2Fwp%2Fv2%2Ftags&post=8677"}],"curies":[{"name":"wp","href":"https:\/\/api.w.org\/{rel}","templated":true}]}}