{"id":8656,"date":"2024-10-30T11:23:28","date_gmt":"2024-10-30T14:23:28","guid":{"rendered":"https:\/\/cidadecult.com.br\/?p=8656"},"modified":"2024-10-30T11:23:30","modified_gmt":"2024-10-30T14:23:30","slug":"festival-estilo-brasil-uma-celebracao-da-musica-brasileira-em-brasilia","status":"publish","type":"post","link":"https:\/\/cidadecult.com.br\/?p=8656","title":{"rendered":"&#8220;Festival estilo Brasil&#8221; uma celebra\u00e7\u00e3o da m\u00fasica brasileira em Bras\u00edlia!"},"content":{"rendered":"\n<p><em>Foto\/divulga\u00e7\u00e3o<\/em><\/p>\n\n\n\n<p><strong>De 14 de novembro a 14 de dezembro, Bras\u00edlia ser\u00e1 o palco do &#8220;Festival estilo Brasil&#8221;, promovido pelo Banco do Brasil Estilo<\/strong>. Este evento promete uma s\u00e9rie de encontros musicais imperd\u00edveis, reunindo grandes nomes da m\u00fasica nacional e internacional, como <strong>Chico C\u00e9sar, Geraldo Azevedo, Ana Carolina, Xam\u00e3, Ivan Lins, Paulinho da Viola, Silva<\/strong>, entre outros.<\/p>\n\n\n\n<p><strong>Data:<\/strong> 14 de novembro a 14 de dezembro<br><strong>Local:<\/strong> Centro de Conven\u00e7\u00f5es Ulysses<br><strong>In\u00edcio:<\/strong> 14 de novembro, \u00e0s 21h<\/p>\n\n\n\n<h3 class=\"wp-block-heading\">Abertura com Chico C\u00e9sar e Geraldo Azevedo<\/h3>\n\n\n\n<p>A noite de abertura, no dia <strong>14 de novembro<\/strong>, contar\u00e1 com o emocionante show <strong>\u201cViolivoz\u201d<\/strong>, onde <strong>Chico C\u00e9sar<\/strong> e <strong>Geraldo Azevedo<\/strong> se apresentar\u00e3o juntos, revisitando suas obras mais consagradas. O espet\u00e1culo traz cl\u00e1ssicos como &#8220;Dia Branco&#8221;, &#8220;Mama \u00c1frica&#8221; e &#8220;Bicho de 7 Cabe\u00e7as&#8221;, al\u00e9m de can\u00e7\u00f5es in\u00e9ditas compostas especialmente para a turn\u00ea, como &#8220;Nem na Rodovi\u00e1ria&#8221; e &#8220;Tudo de Amor&#8221;.<\/p>\n\n\n\n<h3 class=\"wp-block-heading\">Show de Ant\u00f4nio Carlos e Jocafi<\/h3>\n\n\n\n<p>Antes de Chico e Geraldo, o duo <strong>Ant\u00f4nio Carlos e Jocafi<\/strong> dar\u00e1 in\u00edcio \u00e0 festa com o espet\u00e1culo <strong>\u201cAfro funk Brasil\u201d<\/strong>. Este show exalta a negritude e a brasilidade, conectando gera\u00e7\u00f5es com uma mistura de batidas aut\u00eanticas e can\u00e7\u00f5es que exploram a cultura afro-brasileira. Com participa\u00e7\u00e3o e dire\u00e7\u00e3o musical de <strong>Curumim<\/strong>, o repert\u00f3rio inclui cl\u00e1ssicos como \u201cXamego de In\u00e1\u201d e \u201cOgun Ni L\u00ea\u201d.<\/p>\n\n\n\n<h3 class=\"wp-block-heading\">Descontos exclusivos para clientes do banco do Brasil<\/h3>\n\n\n\n<p>Clientes do <strong>Banco do Brasil<\/strong> com cart\u00e3o <strong>Ourocard Visa<\/strong> t\u00eam 60% de desconto nos ingressos, acesso r\u00e1pido ao evento e a op\u00e7\u00e3o de parcelar as compras em at\u00e9 8 vezes sem juros. Cada cliente pode adquirir at\u00e9 quatro ingressos por CPF.<\/p>\n\n\n\n<h3 class=\"wp-block-heading\">Ingressos<\/h3>\n\n\n\n<ul class=\"wp-block-list\">\n<li><strong>Poltrona superior:<\/strong> R$ 110,00 (meia)<\/li>\n\n\n\n<li><strong>Poltrona especial:<\/strong> R$ 120,00 (meia)<\/li>\n\n\n\n<li><strong>Poltrona VIP:<\/strong> R$ 140,00 (meia)<\/li>\n\n\n\n<li><strong>Poltrona gold:<\/strong> R$ 180,00 (meia)<\/li>\n\n\n\n<li><strong>Poltrona premium:<\/strong> R$ 250,00 (meia)<\/li>\n\n\n\n<li><strong>Poltrona frent premium:<\/strong> R$ 350,00 (meia)<\/li>\n\n\n\n<li><strong>Espa\u00e7o bistr\u00f4:<\/strong> R$ 1.000,00 (mesa numerada para 4 pessoas)<\/li>\n\n\n\n<li><strong>Lounge sof\u00e1:<\/strong> R$ 1.400,00 (sof\u00e1 para 4 pessoas na primeira fila)<\/li>\n<\/ul>\n\n\n\n<p><strong>Vendas online:<\/strong> <a href=\"https:\/\/www.bilheteriadigital.com\/chico-cesar-e-geraldo-azevedo-14-de-novembro\">Bilheteria Digital<\/a><\/p>\n\n\n\n<h3 class=\"wp-block-heading\">Informa\u00e7\u00f5es adicionais<\/h3>\n\n\n\n<p>Para mais detalhes, entre em contato com <strong>Eduarda Ayres<\/strong> pelo telefone (61) 99815-2712 ou pelo e-mail <a href=\"mailto:imprensaconteudoomunicacao@gmail.com\">imprensaconteudoomunicacao@gmail.com<\/a>.<\/p>\n","protected":false},"excerpt":{"rendered":"<p>Foto\/divulga\u00e7\u00e3o De 14 de novembro a 14 de dezembro, Bras\u00edlia ser\u00e1 o palco do &#8220;Festival estilo Brasil&#8221;, promovido pelo Banco do Brasil Estilo. Este evento promete uma s\u00e9rie de encontros musicais imperd\u00edveis, reunindo grandes nomes da m\u00fasica nacional e internacional, como Chico C\u00e9sar, Geraldo Azevedo, Ana Carolina, Xam\u00e3, Ivan Lins, Paulinho da Viola, Silva, entre [&hellip;]<\/p>\n","protected":false},"author":1441,"featured_media":8659,"comment_status":"open","ping_status":"open","sticky":false,"template":"","format":"standard","meta":{"_monsterinsights_skip_tracking":false,"_monsterinsights_sitenote_active":false,"_monsterinsights_sitenote_note":"","_monsterinsights_sitenote_category":0,"footnotes":""},"categories":[41,17,35],"tags":[429,1632,2936,1480],"class_list":["post-8656","post","type-post","status-publish","format-standard","has-post-thumbnail","hentry","category-agenda","category-bsb","category-business-news365","tag-brasilia-3","tag-celebracao","tag-festivalestilobrasil","tag-musicabrasileira"],"_links":{"self":[{"href":"https:\/\/cidadecult.com.br\/index.php?rest_route=\/wp\/v2\/posts\/8656","targetHints":{"allow":["GET"]}}],"collection":[{"href":"https:\/\/cidadecult.com.br\/index.php?rest_route=\/wp\/v2\/posts"}],"about":[{"href":"https:\/\/cidadecult.com.br\/index.php?rest_route=\/wp\/v2\/types\/post"}],"author":[{"embeddable":true,"href":"https:\/\/cidadecult.com.br\/index.php?rest_route=\/wp\/v2\/users\/1441"}],"replies":[{"embeddable":true,"href":"https:\/\/cidadecult.com.br\/index.php?rest_route=%2Fwp%2Fv2%2Fcomments&post=8656"}],"version-history":[{"count":1,"href":"https:\/\/cidadecult.com.br\/index.php?rest_route=\/wp\/v2\/posts\/8656\/revisions"}],"predecessor-version":[{"id":8660,"href":"https:\/\/cidadecult.com.br\/index.php?rest_route=\/wp\/v2\/posts\/8656\/revisions\/8660"}],"wp:featuredmedia":[{"embeddable":true,"href":"https:\/\/cidadecult.com.br\/index.php?rest_route=\/wp\/v2\/media\/8659"}],"wp:attachment":[{"href":"https:\/\/cidadecult.com.br\/index.php?rest_route=%2Fwp%2Fv2%2Fmedia&parent=8656"}],"wp:term":[{"taxonomy":"category","embeddable":true,"href":"https:\/\/cidadecult.com.br\/index.php?rest_route=%2Fwp%2Fv2%2Fcategories&post=8656"},{"taxonomy":"post_tag","embeddable":true,"href":"https:\/\/cidadecult.com.br\/index.php?rest_route=%2Fwp%2Fv2%2Ftags&post=8656"}],"curies":[{"name":"wp","href":"https:\/\/api.w.org\/{rel}","templated":true}]}}