{"id":8653,"date":"2024-10-30T11:12:04","date_gmt":"2024-10-30T14:12:04","guid":{"rendered":"https:\/\/cidadecult.com.br\/?p=8653"},"modified":"2024-10-30T11:12:07","modified_gmt":"2024-10-30T14:12:07","slug":"pegada-de-ritmos-uma-celebracao-de-diversidade-cultural-no-df","status":"publish","type":"post","link":"https:\/\/cidadecult.com.br\/?p=8653","title":{"rendered":"Pegada de ritmos: uma celebra\u00e7\u00e3o de diversidade cultural no DF!"},"content":{"rendered":"\n<p><em>Foto: C\u00e2mara Clara<\/em><\/p>\n\n\n\n<p><strong>Prepare-se para uma imers\u00e3o nas mais diversas express\u00f5es art\u00edsticas do Distrito Federal!. O projeto &#8220;Pegada de ritmos&#8221;, idealizado pelo renomado mestre repentista Chico de Assis, traz uma caravana cultural repleta de m\u00fasica, poesia, teatro, cinema e oficinas, tudo em um s\u00f3 lugar.<\/strong><\/p>\n\n\n\n<p><strong>Um encontro de talentos<\/strong><\/p>\n\n\n\n<p>Com mais de 30 anos de atua\u00e7\u00e3o cultural, <strong>Chico de Assis <\/strong>est\u00e1 \u00e0 frente de uma programa\u00e7\u00e3o que destaca artistas de destaque da periferia do DF. Entre os convidados, est\u00e3o nomes como os rappers GOG, Mark\u00e3o Abor\u00edgine e Rapadura Xique-Chico, al\u00e9m de repentistas e declamadoras que prometem encantar o p\u00fablico com suas performances vibrantes. <strong>A proposta \u00e9 simples: utilizar a arte como um meio de transforma\u00e7\u00e3o social e empoderamento das minorias.<\/strong><\/p>\n\n\n\n<p><strong>M\u00fasica, poesia e cinema<\/strong><\/p>\n\n\n\n<p><strong>Na programa\u00e7\u00e3o, voc\u00ea encontrar\u00e1 uma mistura rica de ritmos: do rap ao forr\u00f3, passando pelo sertanejo e lambada<\/strong>. E n\u00e3o para por a\u00ed!. A iniciativa tamb\u00e9m promove oficinas de xilogravura, ministradas por Vald\u00e9rio Costa, e distribui 2 mil exemplares de poesia de cordel. A mostra audiovisual traz uma sele\u00e7\u00e3o especial de filmes que dialogam com as ra\u00edzes culturais da nossa regi\u00e3o, apresentados em escolas p\u00fablicas e abertos ao p\u00fablico.<\/p>\n\n\n\n<p><strong>Atra\u00e7\u00f5es imperd\u00edveis<\/strong><\/p>\n\n\n\n<p>Os eventos acontecem em locais ic\u00f4nicos do DF e j\u00e1 contam com apresenta\u00e7\u00f5es emocionantes, como as realizadas na <strong>Casa do Cantador<\/strong> e na <strong>Feira Livre da Cidade Estrutural<\/strong>. E a festa n\u00e3o acaba!. Confira a programa\u00e7\u00e3o que vem por a\u00ed:<\/p>\n\n\n\n<ul class=\"wp-block-list\">\n<li><strong>4 de novembro<\/strong>: <strong>Complexo Cultural Samambaia<\/strong>, 20h \u2014 Com Chico de Assis, Jo\u00e3o Santana, Mamulengo Presepada e Rap com Mark\u00e3o Abor\u00edgine.<\/li>\n\n\n\n<li><strong>10 de novembro<\/strong>: <strong>Feira Permanente da QNL de Taguatinga<\/strong>, 10h \u2014 Apresenta\u00e7\u00f5es com Chico de Assis, Jo\u00e3o Santana, Dupla Sertaneja Eliane e Alcimar, e Rap com Jap\u00e3o Viela 17.<\/li>\n\n\n\n<li><strong>16 de novembro<\/strong>: <strong>Espa\u00e7o Cultural P\u00e9 DiReitO da Vila Telebras\u00edlia<\/strong>, 20h \u2014 Com Chico de Assis, Jo\u00e3o Santana, e declamadoras L\u00edlia Diniz e Marg\u00f4 Oliveira, al\u00e9m do Rap com Rapadura.<\/li>\n<\/ul>\n\n\n\n<p><strong>Cultura para todos! <\/strong><\/p>\n\n\n\n<p>O <strong>Pegada de ritmos<\/strong> n\u00e3o \u00e9 apenas uma s\u00e9rie de apresenta\u00e7\u00f5es; \u00e9 um movimento que visa democratizar o acesso \u00e0 cultura, oferecendo uma alternativa rica e diversificada aos padr\u00f5es da ind\u00fastria do entretenimento. Em cada sess\u00e3o, voc\u00ea ser\u00e1 recebido com uma apresenta\u00e7\u00e3o de repentistas e um bate-papo que enriquece a experi\u00eancia cultural.<\/p>\n\n\n\n<p><strong>Venha fazer parte! <\/strong><\/p>\n\n\n\n<p>Se voc\u00ea valoriza a cultura local e deseja apoiar a arte em suas v\u00e1rias formas, n\u00e3o perca a oportunidade de participar do Pegada de Ritmos.<strong> Junte-se a n\u00f3s para celebrar a riqueza cultural do Distrito Federal!<\/strong><\/p>\n\n\n\n<p><strong>Informa\u00e7\u00f5es \u00e0 imprensa:<\/strong><br>Rodrigo Machado &#8211; (61) 9.8654.2569<br>Territ\u00f3rio Comunica\u00e7\u00e3o<br>@territorio.comunicacao &#8211; Facebook e Instagram<br><a href=\"https:\/\/bit.ly\/TerritorioComunicacao-Portfolio\">Conhe\u00e7a nosso portf\u00f3lio<\/a><\/p>\n","protected":false},"excerpt":{"rendered":"<p>Foto: C\u00e2mara Clara Prepare-se para uma imers\u00e3o nas mais diversas express\u00f5es art\u00edsticas do Distrito Federal!. O projeto &#8220;Pegada de ritmos&#8221;, idealizado pelo renomado mestre repentista Chico de Assis, traz uma caravana cultural repleta de m\u00fasica, poesia, teatro, cinema e oficinas, tudo em um s\u00f3 lugar. Um encontro de talentos Com mais de 30 anos de [&hellip;]<\/p>\n","protected":false},"author":1441,"featured_media":8654,"comment_status":"open","ping_status":"open","sticky":false,"template":"","format":"standard","meta":{"_monsterinsights_skip_tracking":false,"_monsterinsights_sitenote_active":false,"_monsterinsights_sitenote_note":"","_monsterinsights_sitenote_category":0,"footnotes":""},"categories":[41,2569,17,34,39],"tags":[1632,3220,3219],"class_list":["post-8653","post","type-post","status-publish","format-standard","has-post-thumbnail","hentry","category-agenda","category-arte","category-bsb","category-destaque","category-economics","tag-celebracao","tag-diversidadeculturalnodf","tag-pegadaderitmos"],"_links":{"self":[{"href":"https:\/\/cidadecult.com.br\/index.php?rest_route=\/wp\/v2\/posts\/8653","targetHints":{"allow":["GET"]}}],"collection":[{"href":"https:\/\/cidadecult.com.br\/index.php?rest_route=\/wp\/v2\/posts"}],"about":[{"href":"https:\/\/cidadecult.com.br\/index.php?rest_route=\/wp\/v2\/types\/post"}],"author":[{"embeddable":true,"href":"https:\/\/cidadecult.com.br\/index.php?rest_route=\/wp\/v2\/users\/1441"}],"replies":[{"embeddable":true,"href":"https:\/\/cidadecult.com.br\/index.php?rest_route=%2Fwp%2Fv2%2Fcomments&post=8653"}],"version-history":[{"count":1,"href":"https:\/\/cidadecult.com.br\/index.php?rest_route=\/wp\/v2\/posts\/8653\/revisions"}],"predecessor-version":[{"id":8655,"href":"https:\/\/cidadecult.com.br\/index.php?rest_route=\/wp\/v2\/posts\/8653\/revisions\/8655"}],"wp:featuredmedia":[{"embeddable":true,"href":"https:\/\/cidadecult.com.br\/index.php?rest_route=\/wp\/v2\/media\/8654"}],"wp:attachment":[{"href":"https:\/\/cidadecult.com.br\/index.php?rest_route=%2Fwp%2Fv2%2Fmedia&parent=8653"}],"wp:term":[{"taxonomy":"category","embeddable":true,"href":"https:\/\/cidadecult.com.br\/index.php?rest_route=%2Fwp%2Fv2%2Fcategories&post=8653"},{"taxonomy":"post_tag","embeddable":true,"href":"https:\/\/cidadecult.com.br\/index.php?rest_route=%2Fwp%2Fv2%2Ftags&post=8653"}],"curies":[{"name":"wp","href":"https:\/\/api.w.org\/{rel}","templated":true}]}}