{"id":8646,"date":"2024-10-30T10:48:13","date_gmt":"2024-10-30T13:48:13","guid":{"rendered":"https:\/\/cidadecult.com.br\/?p=8646"},"modified":"2024-10-30T10:48:15","modified_gmt":"2024-10-30T13:48:15","slug":"infusao-experience-carla-sarni-leva-sua-experiencia-ao-cenario-empresarial-de-brasilia","status":"publish","type":"post","link":"https:\/\/cidadecult.com.br\/?p=8646","title":{"rendered":"&#8220;Infus\u00e3o experience&#8221; Carla Sarni leva sua experi\u00eancia ao cen\u00e1rio empresarial de Bras\u00edlia!"},"content":{"rendered":"\n<p><em>Foto\/divulga\u00e7\u00e3o<\/em><\/p>\n\n\n\n<p><strong>\u00c9 com grande expectativa que Bras\u00edlia se prepara para receber a Carla Sarni, uma das figuras mais influentes do setor de sa\u00fade e fundadora do Grupo Salus. Nos dias 27 e 28 de novembro, ela ser\u00e1 uma das palestrantes principais do &#8220;Infus\u00e3o experience&#8221;, um evento que promete reunir empreendedores em busca de inspira\u00e7\u00e3o e inova\u00e7\u00e3o.<\/strong><\/p>\n\n\n\n<p><strong>Data:<\/strong> 27 e 28 de novembro<br><strong>Local:<\/strong> Audit\u00f3rio Ulysses Guimar\u00e3es<\/p>\n\n\n\n<p><strong>Sobre o &#8220;Infus\u00e3o experience&#8221;<\/strong><br>O &#8220;Infus\u00e3o experience&#8221; \u00e9 promovido pela <strong>BRL Educa\u00e7\u00e3o<\/strong>, uma institui\u00e7\u00e3o dedicada \u00e0 forma\u00e7\u00e3o de empres\u00e1rios e gestores, oferecendo programas que combinam teoria e pr\u00e1tica, al\u00e9m de oportunidades valiosas de &#8220;networking&#8221;.<\/p>\n\n\n\n<p><strong>Com um hist\u00f3rico not\u00e1vel, Carla Sarni n\u00e3o \u00e9 apenas uma cirurgi\u00e3-dentista, mas uma vision\u00e1ria que transformou a odontologia no Brasil.<\/strong> \u00c0 frente de <strong>11 empresas<\/strong> e uma rede de <strong>958 unidades,<\/strong> ela lidera uma equipe de mais de <strong>12 mil colaboradores <\/strong>e j\u00e1 atendeu mais de <strong>8 milh\u00f5es de clientes.<\/strong><\/p>\n\n\n\n<p>Durante sua participa\u00e7\u00e3o no evento, Carla compartilhar\u00e1 suas valiosas pr\u00e1ticas de gest\u00e3o e os segredos que a ajudaram a expandir sua rede de franquias.<strong> A palestra abordar\u00e1 sua trajet\u00f3ria nas empresas Sorridents, Mais Sorrisos, Olhar Certo, Amo Vacinas e GiOLaser, revelando os desafios e as estrat\u00e9gias que a solidificaram como uma das principais empres\u00e1rias do Brasil.<\/strong><\/p>\n\n\n\n<p><strong>&#8220;A presen\u00e7a de Carla no &#8220;Infus\u00e3o experience&#8221; \u00e9 uma oportunidade inestim\u00e1vel para todos os que desejam aprimorar suas habilidades empresariais. Sua trajet\u00f3ria \u00e9 um exemplo de crescimento sustent\u00e1vel e inova\u00e7\u00e3o no setor de sa\u00fade,&#8221;<\/strong> afirma <strong>Ravell Nava<\/strong>, co-fundador da BRL Educa\u00e7\u00e3o.<\/p>\n\n\n\n<h3 class=\"wp-block-heading\"><strong>Como participar<\/strong><\/h3>\n\n\n\n<p>Os interessados em aprender com a experi\u00eancia de Carla e outros l\u00edderes do setor podem garantir suas inscri\u00e7\u00f5es pelo <a href=\"https:\/\/www.bing.com\/ck\/a?!&amp;&amp;p=f3a26a9ea14fa9bf92ea35d0e028fcba9875da58297a4e8ed73742af97592a8eJmltdHM9MTczMDI0NjQwMA&amp;ptn=3&amp;ver=2&amp;hsh=4&amp;fclid=13d77726-e7a5-63c4-164c-6338e6a562ca&amp;psq=site+oficial+infusao+experience&amp;u=a1aHR0cHM6Ly9icmxlZHVjYWNhby5jb20uYnIvaW5mdXNhb2V4cGVyaWVuY2Uv&amp;ntb=1\">site oficial do evento<\/a>. <strong>N\u00e3o perca a chance de expandir seus horizontes e adquirir conhecimento pr\u00e1tico para aplicar em seu pr\u00f3prio neg\u00f3cio!<\/strong><\/p>\n\n\n\n<p><strong>Se voc\u00ea \u00e9 um empreendedor ou est\u00e1 buscando formas de alavancar seu neg\u00f3cio, este evento \u00e9 para voc\u00ea!<\/strong>. <\/p>\n","protected":false},"excerpt":{"rendered":"<p>Foto\/divulga\u00e7\u00e3o \u00c9 com grande expectativa que Bras\u00edlia se prepara para receber a Carla Sarni, uma das figuras mais influentes do setor de sa\u00fade e fundadora do Grupo Salus. Nos dias 27 e 28 de novembro, ela ser\u00e1 uma das palestrantes principais do &#8220;Infus\u00e3o experience&#8221;, um evento que promete reunir empreendedores em busca de inspira\u00e7\u00e3o e [&hellip;]<\/p>\n","protected":false},"author":1441,"featured_media":8647,"comment_status":"open","ping_status":"open","sticky":false,"template":"","format":"standard","meta":{"_monsterinsights_skip_tracking":false,"_monsterinsights_sitenote_active":false,"_monsterinsights_sitenote_note":"","_monsterinsights_sitenote_category":0,"footnotes":""},"categories":[41,17],"tags":[429,3218,3120,1786],"class_list":["post-8646","post","type-post","status-publish","format-standard","has-post-thumbnail","hentry","category-agenda","category-bsb","tag-brasilia-3","tag-carlasarni","tag-infusaoexperience","tag-novembro"],"_links":{"self":[{"href":"https:\/\/cidadecult.com.br\/index.php?rest_route=\/wp\/v2\/posts\/8646","targetHints":{"allow":["GET"]}}],"collection":[{"href":"https:\/\/cidadecult.com.br\/index.php?rest_route=\/wp\/v2\/posts"}],"about":[{"href":"https:\/\/cidadecult.com.br\/index.php?rest_route=\/wp\/v2\/types\/post"}],"author":[{"embeddable":true,"href":"https:\/\/cidadecult.com.br\/index.php?rest_route=\/wp\/v2\/users\/1441"}],"replies":[{"embeddable":true,"href":"https:\/\/cidadecult.com.br\/index.php?rest_route=%2Fwp%2Fv2%2Fcomments&post=8646"}],"version-history":[{"count":1,"href":"https:\/\/cidadecult.com.br\/index.php?rest_route=\/wp\/v2\/posts\/8646\/revisions"}],"predecessor-version":[{"id":8648,"href":"https:\/\/cidadecult.com.br\/index.php?rest_route=\/wp\/v2\/posts\/8646\/revisions\/8648"}],"wp:featuredmedia":[{"embeddable":true,"href":"https:\/\/cidadecult.com.br\/index.php?rest_route=\/wp\/v2\/media\/8647"}],"wp:attachment":[{"href":"https:\/\/cidadecult.com.br\/index.php?rest_route=%2Fwp%2Fv2%2Fmedia&parent=8646"}],"wp:term":[{"taxonomy":"category","embeddable":true,"href":"https:\/\/cidadecult.com.br\/index.php?rest_route=%2Fwp%2Fv2%2Fcategories&post=8646"},{"taxonomy":"post_tag","embeddable":true,"href":"https:\/\/cidadecult.com.br\/index.php?rest_route=%2Fwp%2Fv2%2Ftags&post=8646"}],"curies":[{"name":"wp","href":"https:\/\/api.w.org\/{rel}","templated":true}]}}