{"id":8597,"date":"2024-10-28T11:08:14","date_gmt":"2024-10-28T14:08:14","guid":{"rendered":"https:\/\/cidadecult.com.br\/?p=8597"},"modified":"2024-10-28T11:08:16","modified_gmt":"2024-10-28T14:08:16","slug":"lancamento-do-livro-obrigado-bahia-de-bruno-stuckert-na-plato-livraria","status":"publish","type":"post","link":"https:\/\/cidadecult.com.br\/?p=8597","title":{"rendered":"Lan\u00e7amento do livro &#8220;Obrigado, Bahia&#8221; de Bruno Stuckert na Plat\u00f4 Livraria"},"content":{"rendered":"\n<p><em>Foto\/divulga\u00e7\u00e3o<\/em><\/p>\n\n\n\n<p><strong>No dia 7 de novembro, a Bahia ser\u00e1 celebrada em Bras\u00edlia com o lan\u00e7amento do livro &#8220;Obrigado, Bahia&#8221; do fot\u00f3grafo brasiliense Bruno Stuckert, na Plat\u00f4 Livraria. A partir das 18h30, o evento inclui uma sess\u00e3o de aut\u00f3grafos e, em seguida, um bate-papo com o pr\u00f3prio Stuckert e o designer Raphael Baggas, que assinou a cria\u00e7\u00e3o da capa. A entrada \u00e9 gratuita e promete atrair admiradores da cultura baiana e da fotografia autoral.<\/strong><\/p>\n\n\n\n<p>A obra \u00e9 fruto de uma imers\u00e3o de<strong> Stuckert<\/strong> por mais de 5.000 km em estradas baianas, capturando em fotos impactantes o dia a dia, a cultura e a beleza natural de cidades como Salvador, Trancoso, Porto Seguro e Len\u00e7\u00f3is.<strong> Com um olhar sens\u00edvel<\/strong> <strong>&#8220;Obrigado, Bahia&#8221; <\/strong>oferece um registro \u00fanico das nuances da Bahia, <strong>explorando desde o sert\u00e3o at\u00e9 as praias paradis\u00edacas, <\/strong>e revelando <strong>a ess\u00eancia de um povo que preserva sua alegria e resili\u00eancia.<\/strong><\/p>\n\n\n\n<p><strong>Bruno Stuckert e o olhar po\u00e9tico sobre a Bahia<\/strong><br><strong>Stuckert,<\/strong> conhecido por seu<strong> estilo minimalista <\/strong>e sua<strong> trajet\u00f3ria no fotojornalismo<\/strong>, convida o p\u00fablico a mergulhar na simplicidade da vida baiana, valorizando cada detalhe e revelando a for\u00e7a cultural da regi\u00e3o. Em &#8220;Obrigado, Bahia&#8221; o fot\u00f3grafo prop\u00f5e uma jornada introspectiva, onde cada imagem<strong> \u00e9 um convite a descobrir as riquezas das tradi\u00e7\u00f5es baianas e a rela\u00e7\u00e3o do povo com seu territ\u00f3rio.<\/strong><\/p>\n\n\n\n<p><strong>Apoios culturais<\/strong><br><strong>O projeto tem o apoio de parceiros como o Hidden, conhecido por suas iniciativas culturais em locais inusitados de Bras\u00edlia e Salvador<\/strong>, e da ag\u00eancia Destino Sob Medida, especialista em roteiros que valorizam a ess\u00eancia dos destinos.<\/p>\n\n\n\n<p><strong>Servi\u00e7o<\/strong><\/p>\n\n\n\n<ul class=\"wp-block-list\">\n<li><strong>Data:<\/strong> 7 de novembro (quinta-feira)<\/li>\n\n\n\n<li><strong>Hor\u00e1rio:<\/strong> 18h30 \u2013 Sess\u00e3o de aut\u00f3grafos | 20h \u2013 Bate-papo com Bruno Stuckert e Raphael Baggas<\/li>\n\n\n\n<li><strong>Local:<\/strong> Plat\u00f4 Livraria \u2013 CLS 405, Bloco A Loja 12, Bras\u00edlia<\/li>\n\n\n\n<li><strong>Entrada:<\/strong> Gratuita<\/li>\n\n\n\n<li><strong>Informa\u00e7\u00f5es:<\/strong> @stuckert e @platolivraria<\/li>\n\n\n\n<li><strong>Venda do Livro:<\/strong> <a href=\"http:\/\/www.stuckert.com.br\">Site oficial de Bruno Stuckert<\/a> e na Plat\u00f4 Livraria<\/li>\n<\/ul>\n\n\n\n<p><strong>N\u00e3o perca a chance de garantir seu exemplar autografado e de participar de uma conversa inspiradora sobre a cultura e as paisagens dessa terra fascinante, esperamos por voc\u00ea!. <\/strong><\/p>\n","protected":false},"excerpt":{"rendered":"<p>Foto\/divulga\u00e7\u00e3o No dia 7 de novembro, a Bahia ser\u00e1 celebrada em Bras\u00edlia com o lan\u00e7amento do livro &#8220;Obrigado, Bahia&#8221; do fot\u00f3grafo brasiliense Bruno Stuckert, na Plat\u00f4 Livraria. A partir das 18h30, o evento inclui uma sess\u00e3o de aut\u00f3grafos e, em seguida, um bate-papo com o pr\u00f3prio Stuckert e o designer Raphael Baggas, que assinou a [&hellip;]<\/p>\n","protected":false},"author":1441,"featured_media":8598,"comment_status":"open","ping_status":"open","sticky":false,"template":"","format":"standard","meta":{"_monsterinsights_skip_tracking":false,"_monsterinsights_sitenote_active":false,"_monsterinsights_sitenote_note":"","_monsterinsights_sitenote_category":0,"footnotes":""},"categories":[41,2569,17,34,290,43],"tags":[3179,423,3182,3181,441,3180],"class_list":["post-8597","post","type-post","status-publish","format-standard","has-post-thumbnail","hentry","category-agenda","category-arte","category-bsb","category-destaque","category-educacao","category-releases","tag-bahiacelebradaembrasilia","tag-cidadecultpordentro-2","tag-nossobrasil","tag-obrigadobahia","tag-sonacidadecult-2","tag-superlancamento"],"_links":{"self":[{"href":"https:\/\/cidadecult.com.br\/index.php?rest_route=\/wp\/v2\/posts\/8597","targetHints":{"allow":["GET"]}}],"collection":[{"href":"https:\/\/cidadecult.com.br\/index.php?rest_route=\/wp\/v2\/posts"}],"about":[{"href":"https:\/\/cidadecult.com.br\/index.php?rest_route=\/wp\/v2\/types\/post"}],"author":[{"embeddable":true,"href":"https:\/\/cidadecult.com.br\/index.php?rest_route=\/wp\/v2\/users\/1441"}],"replies":[{"embeddable":true,"href":"https:\/\/cidadecult.com.br\/index.php?rest_route=%2Fwp%2Fv2%2Fcomments&post=8597"}],"version-history":[{"count":1,"href":"https:\/\/cidadecult.com.br\/index.php?rest_route=\/wp\/v2\/posts\/8597\/revisions"}],"predecessor-version":[{"id":8599,"href":"https:\/\/cidadecult.com.br\/index.php?rest_route=\/wp\/v2\/posts\/8597\/revisions\/8599"}],"wp:featuredmedia":[{"embeddable":true,"href":"https:\/\/cidadecult.com.br\/index.php?rest_route=\/wp\/v2\/media\/8598"}],"wp:attachment":[{"href":"https:\/\/cidadecult.com.br\/index.php?rest_route=%2Fwp%2Fv2%2Fmedia&parent=8597"}],"wp:term":[{"taxonomy":"category","embeddable":true,"href":"https:\/\/cidadecult.com.br\/index.php?rest_route=%2Fwp%2Fv2%2Fcategories&post=8597"},{"taxonomy":"post_tag","embeddable":true,"href":"https:\/\/cidadecult.com.br\/index.php?rest_route=%2Fwp%2Fv2%2Ftags&post=8597"}],"curies":[{"name":"wp","href":"https:\/\/api.w.org\/{rel}","templated":true}]}}