{"id":8565,"date":"2024-10-25T11:05:35","date_gmt":"2024-10-25T14:05:35","guid":{"rendered":"https:\/\/cidadecult.com.br\/?p=8565"},"modified":"2024-10-25T11:08:16","modified_gmt":"2024-10-25T14:08:16","slug":"monumento-cultural-itinerante-festival-de-musica-gratuito-em-samambaia","status":"publish","type":"post","link":"https:\/\/cidadecult.com.br\/?p=8565","title":{"rendered":"Monumento cultural itinerante: festival de m\u00fasica gratuito em Samambaia"},"content":{"rendered":"\n<p><em>Foto\/divulga\u00e7\u00e3o<\/em><\/p>\n\n\n\n<p><strong>Data:<\/strong> 26 de outubro de 2024<br><strong>Hor\u00e1rio:<\/strong> 14h \u00e0s 00h<br><strong>Local:<\/strong> Estacionamento da Subprefeitura \u2013 Expans\u00e3o \u2013 Samambaia Sul<br><strong>Entrada:<\/strong> Gratuita!<\/p>\n\n\n\n<p><strong>Amanh\u00e3, 26 de outubro, Samambaia ser\u00e1 o cen\u00e1rio do Momento Cultural Itinerante, um evento gratuito que promete reunir a comunidade em torno de m\u00fasica, arte e inclus\u00e3o.<\/strong> <strong>A programa\u00e7\u00e3o, que come\u00e7a \u00e0s 15h,<\/strong> \u00e9 uma iniciativa do <strong>Instituto Cultural e Social No Setor<\/strong>, com apoio da <strong>Secretaria de Cultura e Economia Criativa do DF (Secec)<\/strong>.<\/p>\n\n\n\n<h3 class=\"wp-block-heading\">Atra\u00e7\u00f5es musicais<\/h3>\n\n\n\n<p>O festival contar\u00e1 com um lineup diversificado, trazendo grandes nomes da m\u00fasica do Distrito Federal. Entre os artistas confirmados est\u00e3o:<\/p>\n\n\n\n<ul class=\"wp-block-list\">\n<li><strong>DJ H\u00e9rcules<\/strong><\/li>\n\n\n\n<li><strong>Ros\u00e2ngela Marx<\/strong><\/li>\n\n\n\n<li><strong>Forr\u00f3 du Cerrado<\/strong><\/li>\n\n\n\n<li><strong>Roni e Ricardo<\/strong><\/li>\n\n\n\n<li><strong>Jorge Recife<\/strong><\/li>\n\n\n\n<li><strong>Banda Imagem<\/strong><\/li>\n\n\n\n<li><strong>Luciano Lins<\/strong><\/li>\n\n\n\n<li><strong>Pagode do Itu<\/strong><\/li>\n\n\n\n<li><strong>Alisson e Ariel<\/strong> (que encerrar\u00e1 a noite com o melhor do sertanejo universit\u00e1rio)<\/li>\n<\/ul>\n\n\n\n<p>O evento ser\u00e1 conduzido pelo renomado apresentador e audiodescritor <strong>Cac\u00e1 Silva<\/strong>, que garantir\u00e1 a inclus\u00e3o de todos, especialmente das pessoas com defici\u00eancia visual, por meio de uma audiodescri\u00e7\u00e3o cuidadosa.<\/p>\n\n\n\n<h3 class=\"wp-block-heading\">Compromisso com a acessibilidade<\/h3>\n\n\n\n<p>O <strong>Momento Cultural Itinerante<\/strong> se destaca como um <strong>evento de acessibilidade<\/strong>. O presidente do<strong> Instituto cultural e social no setor<\/strong> ressalta: \u201cQueremos que todos, sem exce\u00e7\u00e3o, tenham acesso \u00e0 arte e \u00e0 cultura. Estamos garantindo isso com int\u00e9rpretes de Libras e espa\u00e7os adaptados para pessoas com mobilidade reduzida.\u201d<strong> O evento tamb\u00e9m busca descentralizar as atividades culturais, levando entretenimento e arte \u00e0s diversas regi\u00f5es do DF.<\/strong><\/p>\n\n\n\n<h3 class=\"wp-block-heading\">Venha participar!<\/h3>\n\n\n\n<p><strong>Este \u00e9 um convite para toda a comunidade de Samambaia e do Distrito Federal.<\/strong> O <strong>Momento Cultural Itinerante <\/strong>n\u00e3o \u00e9 apenas um festival de m\u00fasica; \u00e9 uma celebra\u00e7\u00e3o da cultura local e da diversidade. <\/p>\n\n\n\n<p><strong>Servi\u00e7o:<\/strong><\/p>\n\n\n\n<ul class=\"wp-block-list\">\n<li><strong>Data:<\/strong> 26 de outubro de 2024<\/li>\n\n\n\n<li><strong>Hor\u00e1rio:<\/strong> 14h \u00e0s 00h<\/li>\n\n\n\n<li><strong>Local:<\/strong> Estacionamento da Subprefeitura \u2013 Expans\u00e3o \u2013 Samambaia Sul<\/li>\n\n\n\n<li><strong>Entrada:<\/strong> Gratuita!<\/li>\n<\/ul>\n\n\n\n<p><strong>N\u00e3o perca a oportunidade de vivenciar essa experi\u00eancia \u00fanica!<\/strong><\/p>\n","protected":false},"excerpt":{"rendered":"<p>Foto\/divulga\u00e7\u00e3o Data: 26 de outubro de 2024Hor\u00e1rio: 14h \u00e0s 00hLocal: Estacionamento da Subprefeitura \u2013 Expans\u00e3o \u2013 Samambaia SulEntrada: Gratuita! Amanh\u00e3, 26 de outubro, Samambaia ser\u00e1 o cen\u00e1rio do Momento Cultural Itinerante, um evento gratuito que promete reunir a comunidade em torno de m\u00fasica, arte e inclus\u00e3o. A programa\u00e7\u00e3o, que come\u00e7a \u00e0s 15h, \u00e9 uma iniciativa [&hellip;]<\/p>\n","protected":false},"author":1441,"featured_media":8566,"comment_status":"open","ping_status":"open","sticky":false,"template":"","format":"standard","meta":{"_monsterinsights_skip_tracking":false,"_monsterinsights_sitenote_active":false,"_monsterinsights_sitenote_note":"","_monsterinsights_sitenote_category":0,"footnotes":""},"categories":[41,17,6],"tags":[536,3161,2225,441],"class_list":["post-8565","post","type-post","status-publish","format-standard","has-post-thumbnail","hentry","category-agenda","category-bsb","category-music","tag-gratuito","tag-monumentocultural","tag-samambaia","tag-sonacidadecult-2"],"_links":{"self":[{"href":"https:\/\/cidadecult.com.br\/index.php?rest_route=\/wp\/v2\/posts\/8565","targetHints":{"allow":["GET"]}}],"collection":[{"href":"https:\/\/cidadecult.com.br\/index.php?rest_route=\/wp\/v2\/posts"}],"about":[{"href":"https:\/\/cidadecult.com.br\/index.php?rest_route=\/wp\/v2\/types\/post"}],"author":[{"embeddable":true,"href":"https:\/\/cidadecult.com.br\/index.php?rest_route=\/wp\/v2\/users\/1441"}],"replies":[{"embeddable":true,"href":"https:\/\/cidadecult.com.br\/index.php?rest_route=%2Fwp%2Fv2%2Fcomments&post=8565"}],"version-history":[{"count":1,"href":"https:\/\/cidadecult.com.br\/index.php?rest_route=\/wp\/v2\/posts\/8565\/revisions"}],"predecessor-version":[{"id":8567,"href":"https:\/\/cidadecult.com.br\/index.php?rest_route=\/wp\/v2\/posts\/8565\/revisions\/8567"}],"wp:featuredmedia":[{"embeddable":true,"href":"https:\/\/cidadecult.com.br\/index.php?rest_route=\/wp\/v2\/media\/8566"}],"wp:attachment":[{"href":"https:\/\/cidadecult.com.br\/index.php?rest_route=%2Fwp%2Fv2%2Fmedia&parent=8565"}],"wp:term":[{"taxonomy":"category","embeddable":true,"href":"https:\/\/cidadecult.com.br\/index.php?rest_route=%2Fwp%2Fv2%2Fcategories&post=8565"},{"taxonomy":"post_tag","embeddable":true,"href":"https:\/\/cidadecult.com.br\/index.php?rest_route=%2Fwp%2Fv2%2Ftags&post=8565"}],"curies":[{"name":"wp","href":"https:\/\/api.w.org\/{rel}","templated":true}]}}