{"id":8535,"date":"2024-10-24T11:42:26","date_gmt":"2024-10-24T14:42:26","guid":{"rendered":"https:\/\/cidadecult.com.br\/?p=8535"},"modified":"2024-10-24T12:59:22","modified_gmt":"2024-10-24T15:59:22","slug":"casa-dos-quatro-arte-e-memoria-em-foco","status":"publish","type":"post","link":"https:\/\/cidadecult.com.br\/?p=8535","title":{"rendered":"&#8220;Casa dos quatro&#8221; arte e mem\u00f3ria em foco!"},"content":{"rendered":"\n<p><em>Foto\/divulga\u00e7\u00e3o<\/em><\/p>\n\n\n\n<p><strong>A &#8220;Casa dos quatro&#8221; convida voc\u00ea para um fim de semana repleto de reflex\u00e3o e cultura!<\/strong>. <strong>A partir de amanh\u00e3, de 25 a 27 de outubro, mergulhe na profundidade do teatro com o espet\u00e1culo &#8220;Camocim&#8221; e junte-se \u00e0 celebra\u00e7\u00e3o do Dia da democracia com m\u00fasica ao vivo de Arthur Sant\u2019Ana.<\/strong><\/p>\n\n\n\n<h4 class=\"wp-block-heading\"><strong>Espet\u00e1culo &#8220;Camocim&#8221;<\/strong><\/h4>\n\n\n\n<p><strong>Prepare-se para uma experi\u00eancia emocionante com &#8220;Camocim&#8221;, uma pe\u00e7a que explora a conex\u00e3o entre passado e presente<\/strong>. Com um t\u00edtulo que em tupi-guarani significa &#8220;pote&#8221; ou &#8220;buraco para enterrar defunto&#8221;, a obra aborda a finitude da vida atrav\u00e9s da rela\u00e7\u00e3o de uma m\u00e3e e sua filha. Elas embarcam em uma jornada para resgatar mem\u00f3rias e hist\u00f3rias de suas antepassadas, refletindo sobre as gera\u00e7\u00f5es que moldaram suas vidas.<\/p>\n\n\n\n<ul class=\"wp-block-list\">\n<li><strong>Elenco:<\/strong> Cristina Carvalhedo e Tatiana Carvalhedo<\/li>\n\n\n\n<li><strong>Dire\u00e7\u00e3o:<\/strong> Fernanda Jacob<\/li>\n\n\n\n<li><strong>Datas e hor\u00e1rios:<\/strong><\/li>\n\n\n\n<li><strong>Sexta e s\u00e1bado:<\/strong> 20h<\/li>\n\n\n\n<li><strong>Domingo:<\/strong> 19h<\/li>\n\n\n\n<li><strong>Ingressos:<\/strong> R$ 60 (inteira) e R$ 30 (meia-entrada). <a href=\"https:\/\/www.sympla.com.br\/evento\/camocim-temporada-casa-dos-4\/2696075\">Compre seu ingresso aqui!<\/a><\/li>\n<\/ul>\n\n\n\n<h4 class=\"wp-block-heading\"><strong>Dia da democracia com Arthur Sant\u2019Ana<\/strong><\/h4>\n\n\n\n<p><strong>Amanh\u00e3, dia 25<\/strong>, <strong>o<\/strong> <strong>Gri\u00f4 Caf\u00e9 Cultural<\/strong> celebra o &#8220;<strong>Dia da democracia<\/strong>&#8221; com uma apresenta\u00e7\u00e3o especial de <strong>Arthur Sant\u2019Ana<\/strong>. O cantor, que come\u00e7ou sua carreira aos 8 anos, trar\u00e1 um repert\u00f3rio emocionante de can\u00e7\u00f5es de artistas que enfrentaram censura e persegui\u00e7\u00e3o durante a Ditadura Militar.<\/p>\n\n\n\n<ul class=\"wp-block-list\">\n<li><strong>Hor\u00e1rio:<\/strong> A partir das 19h30<\/li>\n\n\n\n<li><strong>Ingressos:<\/strong> R$ 15 (couvert)<\/li>\n<\/ul>\n\n\n\n<h4 class=\"wp-block-heading\">&#8220;<strong>Gri\u00f4 caf\u00e9 cultural&#8221; um encontro de sabores e cultura<\/strong><\/h4>\n\n\n\n<p><strong>O &#8220;Gri\u00f4 caf\u00e9 cultural&#8221;, inaugurado em 4 de outubro, \u00e9 um espa\u00e7o que promove a cultura afrocentrada, oferecendo um card\u00e1pio delicioso e repleto de produtos locais.<\/strong> Os visitantes podem apreciar tamb\u00e9m uma exposi\u00e7\u00e3o da artista <strong>Cris Akanni<\/strong>, que retrata ancestralidade e conex\u00e3o.<\/p>\n\n\n\n<p><strong>Hor\u00e1rios de funcionamento:<\/strong><\/p>\n\n\n\n<ul class=\"wp-block-list\">\n<li>Quartas e quintas: 14h30 \u00e0s 20h<\/li>\n\n\n\n<li>Sextas e s\u00e1bados: 14h30 \u00e0s 22h<\/li>\n\n\n\n<li>Domingos: 9h30 \u00e0s 21h<\/li>\n<\/ul>\n\n\n\n<p><strong>Local: Espa\u00e7o Multicultural Casa dos Quatro<\/strong><\/p>\n\n\n\n<p><strong>Venha vivenciar momentos significativos e celebrar a arte, a mem\u00f3ria e a democracia!<\/strong><\/p>\n\n\n\n<p><strong>Servi\u00e7o:<\/strong><\/p>\n\n\n\n<ul class=\"wp-block-list\">\n<li><strong>Espet\u00e1culo &#8220;Camocim&#8221;:<\/strong> 25 a 27 de outubro, Teatro Ribondi<\/li>\n\n\n\n<li><strong>Dia da democracia com Arthur Sant\u2019Ana:<\/strong> 25 de outubro, Gri\u00f4 Caf\u00e9 Cultural<\/li>\n<\/ul>\n\n\n\n<p><strong>Para mais informa\u00e7\u00f5es, entre em contato com Ana Elisa Santana pelo telefone +55 61 98215-0302<\/strong> <strong>ou siga-nos nas <a href=\"https:\/\/www.instagram.com\/casadosquatro\/\">redes sociais<\/a>. <\/strong><\/p>\n","protected":false},"excerpt":{"rendered":"<p>Foto\/divulga\u00e7\u00e3o A &#8220;Casa dos quatro&#8221; convida voc\u00ea para um fim de semana repleto de reflex\u00e3o e cultura!. A partir de amanh\u00e3, de 25 a 27 de outubro, mergulhe na profundidade do teatro com o espet\u00e1culo &#8220;Camocim&#8221; e junte-se \u00e0 celebra\u00e7\u00e3o do Dia da democracia com m\u00fasica ao vivo de Arthur Sant\u2019Ana. Espet\u00e1culo &#8220;Camocim&#8221; Prepare-se para [&hellip;]<\/p>\n","protected":false},"author":1441,"featured_media":8536,"comment_status":"open","ping_status":"open","sticky":false,"template":"","format":"standard","meta":{"_monsterinsights_skip_tracking":false,"_monsterinsights_sitenote_active":false,"_monsterinsights_sitenote_note":"","_monsterinsights_sitenote_category":0,"footnotes":""},"categories":[41,2569,17,34],"tags":[3141,419,3142,423,3140,441],"class_list":["post-8535","post","type-post","status-publish","format-standard","has-post-thumbnail","hentry","category-agenda","category-arte","category-bsb","category-destaque","tag-arteememoria","tag-brasiliadf-2","tag-camocim","tag-cidadecultpordentro-2","tag-espacocasadosquatro","tag-sonacidadecult-2"],"_links":{"self":[{"href":"https:\/\/cidadecult.com.br\/index.php?rest_route=\/wp\/v2\/posts\/8535","targetHints":{"allow":["GET"]}}],"collection":[{"href":"https:\/\/cidadecult.com.br\/index.php?rest_route=\/wp\/v2\/posts"}],"about":[{"href":"https:\/\/cidadecult.com.br\/index.php?rest_route=\/wp\/v2\/types\/post"}],"author":[{"embeddable":true,"href":"https:\/\/cidadecult.com.br\/index.php?rest_route=\/wp\/v2\/users\/1441"}],"replies":[{"embeddable":true,"href":"https:\/\/cidadecult.com.br\/index.php?rest_route=%2Fwp%2Fv2%2Fcomments&post=8535"}],"version-history":[{"count":2,"href":"https:\/\/cidadecult.com.br\/index.php?rest_route=\/wp\/v2\/posts\/8535\/revisions"}],"predecessor-version":[{"id":8538,"href":"https:\/\/cidadecult.com.br\/index.php?rest_route=\/wp\/v2\/posts\/8535\/revisions\/8538"}],"wp:featuredmedia":[{"embeddable":true,"href":"https:\/\/cidadecult.com.br\/index.php?rest_route=\/wp\/v2\/media\/8536"}],"wp:attachment":[{"href":"https:\/\/cidadecult.com.br\/index.php?rest_route=%2Fwp%2Fv2%2Fmedia&parent=8535"}],"wp:term":[{"taxonomy":"category","embeddable":true,"href":"https:\/\/cidadecult.com.br\/index.php?rest_route=%2Fwp%2Fv2%2Fcategories&post=8535"},{"taxonomy":"post_tag","embeddable":true,"href":"https:\/\/cidadecult.com.br\/index.php?rest_route=%2Fwp%2Fv2%2Ftags&post=8535"}],"curies":[{"name":"wp","href":"https:\/\/api.w.org\/{rel}","templated":true}]}}