{"id":844,"date":"2023-04-26T10:53:14","date_gmt":"2023-04-26T13:53:14","guid":{"rendered":"https:\/\/cidadecult.com.br\/novo\/festival-familiarte-leva-educacao-artistica-a-brazlandia-e-estrutural\/"},"modified":"2023-04-26T10:53:14","modified_gmt":"2023-04-26T13:53:14","slug":"festival-familiarte-leva-educacao-artistica-a-brazlandia-e-estrutural","status":"publish","type":"post","link":"https:\/\/cidadecult.com.br\/?p=844","title":{"rendered":"Festival Familiarte leva educa\u00e7\u00e3o art\u00edstica \u00e0 Brazl\u00e2ndia e Estrutural"},"content":{"rendered":"<div style=\"color: #222222; font-family: Arial, Helvetica, sans-serif; font-size: small; background-image: initial; background-position: initial; background-size: initial; background-repeat: initial; background-attachment: initial; background-origin: initial; background-clip: initial; border: none; margin: 0px auto; border-radius: 0px; max-width: 600px;\">\n<div style=\"line-height: 0; font-size: 0px;\">\n<table style=\"background-image: initial; background-position: initial; background-size: initial; background-repeat: initial; background-attachment: initial; background-origin: initial; background-clip: initial; width: 600px; border-radius: 0px;\" border=\"0\" cellspacing=\"0\" cellpadding=\"0\" align=\"center\">\n<tbody>\n<tr>\n<td style=\"margin: 0px; direction: ltr; font-size: 0px; padding: 4px; text-align: center;\">\n<div style=\"text-align: left; direction: ltr; display: inline-block; vertical-align: top; width: 592px;\">\n<table border=\"0\" width=\"100%\" cellspacing=\"0\" cellpadding=\"0\">\n<tbody>\n<tr>\n<td style=\"margin: 0px; background-color: transparent; border: none; border-radius: 0px; vertical-align: top; padding: 4px;\">\n<table border=\"0\" width=\"100%\" cellspacing=\"0\" cellpadding=\"0\">\n<tbody>\n<tr>\n<td style=\"margin: 0px; font-size: 0px; padding: 0px 25px; word-break: break-word;\" align=\"left\">\n<div style=\"font-family: Arial, Helvetica, sans-serif; font-size: 14px; line-height: 20px; color: #000000;\">\n<p style=\"margin: 0px; text-align: center;\"><em>Arte terapia e libera\u00e7\u00e3o de sentimentos, conv\u00edvio familiar e divers\u00e3o para todas as idades s\u00e3o as atra\u00e7\u00f5es do Festival. Entrada franca<\/em><\/p>\n<\/div>\n<\/td>\n<\/tr>\n<\/tbody>\n<\/table>\n<\/td>\n<\/tr>\n<\/tbody>\n<\/table>\n<\/div>\n<\/td>\n<\/tr>\n<\/tbody>\n<\/table>\n<\/div>\n<\/div>\n<div style=\"color: #222222; font-family: Arial, Helvetica, sans-serif; font-size: small; background-image: initial; background-position: initial; background-size: initial; background-repeat: initial; background-attachment: initial; background-origin: initial; background-clip: initial; border: none; margin: 0px auto; border-radius: 0px; max-width: 600px;\">\n<div style=\"line-height: 0; font-size: 0px;\">\n<table style=\"background-image: initial; background-position: initial; background-size: initial; background-repeat: initial; background-attachment: initial; background-origin: initial; background-clip: initial; width: 600px; border-radius: 0px;\" border=\"0\" cellspacing=\"0\" cellpadding=\"0\" align=\"center\">\n<tbody>\n<tr>\n<td style=\"margin: 0px; direction: ltr; font-size: 0px; padding: 4px; text-align: center;\">\n<div style=\"text-align: left; direction: ltr; display: inline-block; vertical-align: top; width: 592px;\">\n<table border=\"0\" width=\"100%\" cellspacing=\"0\" cellpadding=\"0\">\n<tbody>\n<tr>\n<td style=\"margin: 0px; background-color: transparent; border: none; border-radius: 0px; vertical-align: top; padding: 4px;\">\n<table border=\"0\" width=\"100%\" cellspacing=\"0\" cellpadding=\"0\">\n<tbody>\n<tr>\n<td style=\"margin: 0px; font-size: 0px; padding: 0px 20px; word-break: break-word;\" align=\"center\">\n<table style=\"border-collapse: collapse; border-spacing: 0px;\" border=\"0\" cellspacing=\"0\" cellpadding=\"0\">\n<tbody>\n<tr>\n<td style=\"margin: 0px; width: 544px;\"><img decoding=\"async\" class=\"CToWUd a6T\" style=\"cursor: pointer; outline: none; border: none; border-radius: 0px; display: block; height: auto; width: 544px; font-size: 13px;\" tabindex=\"0\" title=\"\" src=\"https:\/\/ci4.googleusercontent.com\/proxy\/qChMgyXZwGrraZ5s76-Ea9QglwLxo423a8QSlOB8WdvU3n09CBZ4SxDdjW42ESo_MIwcIOPNkEYohbG36YaP_NK6IBD5llyXTGVy5rnOnalBFZZT3gUmko-cR2RSj6HNSbGG4MQ2JsO8S959l_zhlhVv2qTxMA68hIGAqjXpXqbUPMMryhZqO7HP4opK4RQZQWCjy0z3=s0-d-e1-ft#https:\/\/cseprs3.s3.amazonaws.com\/email-editor-files\/a549f5d7-1cae-4630-8596-08da39087ee7\/19114ed5-3406-48a8-9a1b-9f088e52c692.jpeg\" alt=\"\" width=\"544\" height=\"auto\" data-bit=\"iit\" \/><\/td>\n<\/tr>\n<\/tbody>\n<\/table>\n<\/td>\n<\/tr>\n<\/tbody>\n<\/table>\n<\/td>\n<\/tr>\n<\/tbody>\n<\/table>\n<\/div>\n<\/td>\n<\/tr>\n<\/tbody>\n<\/table>\n<\/div>\n<\/div>\n<div style=\"color: #222222; font-family: Arial, Helvetica, sans-serif; font-size: small; background-image: initial; background-position: initial; background-size: initial; background-repeat: initial; background-attachment: initial; background-origin: initial; background-clip: initial; border: none; margin: 0px auto; border-radius: 0px; max-width: 600px;\">\n<div style=\"line-height: 0; font-size: 0px;\">\n<table style=\"background-image: initial; background-position: initial; background-size: initial; background-repeat: initial; background-attachment: initial; background-origin: initial; background-clip: initial; width: 600px; border-radius: 0px;\" border=\"0\" cellspacing=\"0\" cellpadding=\"0\" align=\"center\">\n<tbody>\n<tr>\n<td style=\"margin: 0px; direction: ltr; font-size: 0px; padding: 4px; text-align: center;\">\n<div style=\"text-align: left; direction: ltr; display: inline-block; vertical-align: top; width: 592px;\">\n<table border=\"0\" width=\"100%\" cellspacing=\"0\" cellpadding=\"0\">\n<tbody>\n<tr>\n<td style=\"margin: 0px; background-color: transparent; border: none; border-radius: 0px; vertical-align: top; padding: 4px;\">\n<table border=\"0\" width=\"100%\" cellspacing=\"0\" cellpadding=\"0\">\n<tbody>\n<tr>\n<td style=\"margin: 0px; font-size: 0px; padding: 0px 25px; word-break: break-word;\" align=\"left\">\n<div style=\"font-family: Arial, Helvetica, sans-serif; font-size: 12px; line-height: 20px; color: #000000;\">\n<p style=\"margin: 0px; text-align: justify;\">O Festival Familiarte inicia, neste s\u00e1bado (29) e domingo (30), uma programa\u00e7\u00e3o que levar\u00e1 arte circense, mamulengos, conta\u00e7\u00e3o de hist\u00f3rias e apresenta\u00e7\u00f5es musicais para fam\u00edlias de Brazl\u00e2ndia e da Estrutural. Haver\u00e1 palco aberto para karaok\u00ea com m\u00fasicos ao vivo e encerramento com show da cantora brasiliense Dani Ribeiro. O Festival come\u00e7a por Brazl\u00e2ndia e se repete nos dias 5, 6 e 7 de maio para fam\u00edlias da Estrutural.<\/p>\n<p style=\"margin: 0px; text-align: justify;\">\u00a0<\/p>\n<p style=\"margin: 0px; text-align: justify;\">Os palha\u00e7os Mandioca Frita, Tapioca e a escritora Deborah Paiva fazem parte dessa trupe que alegrar\u00e1 o final de semana. Outras atividades l\u00fadicas ser\u00e3o desenvolvidas em duas oficinas de constru\u00e7\u00e3o de brinquedos, onde ser\u00e3o ensinadas t\u00e9cnicas para a confec\u00e7\u00e3o de bonecas de pano, de fantoche e de jogos pedag\u00f3gicos.<\/p>\n<p style=\"margin: 0px; text-align: justify;\">\u00a0<\/p>\n<p style=\"margin: 0px; text-align: justify;\">\u201cEm fun\u00e7\u00e3o de um automatismo cotidiano, as fam\u00edlias est\u00e3o cada vez mais dissolvidas pela busca por resultados e conquistas pessoais. O Festival ser\u00e1 um momento de integra\u00e7\u00e3o e de conv\u00edvio atrav\u00e9s da arte, criando oportunidade de aprendizagem e divers\u00e3o, para um p\u00fablico que n\u00e3o tem muito acesso \u00e0 cultura e ao entretenimento\u201d, justificou Eli Maselle, oficineira e coordenadora do Festival.<\/p>\n<p style=\"margin: 0px; text-align: justify;\">\u00a0<\/p>\n<p style=\"margin: 0px; text-align: justify;\">O Festival Familiarte \u2013 Educa\u00e7\u00e3o Art\u00edstica para as Fam\u00edlia est\u00e1 sendo realizado com recursos do Fundo de Apoio \u00e0 Cultura do Distrito Federal e apoio da Secretaria de Cultura e Economia criativa do DF, da Agenda Cultural Bras\u00edlia e do Ponto de Cultura Waldir Azevedo.<\/p>\n<p style=\"margin: 0px; text-align: justify;\">\u00a0<\/p>\n<p style=\"margin: 0px;\"><strong><u>SERVI\u00c7O:<\/u><\/strong><\/p>\n<p style=\"margin: 0px;\"><em>Festival Familiarte \u2013 Educa\u00e7\u00e3o Art\u00edstica para as Fam\u00edlia<\/em><\/p>\n<p style=\"margin: 0px;\">Quando e Onde:<\/p>\n<p style=\"margin: 0px;\">29 e 30\/04 (s\u00e1bado e domingo) \u2013 Brazl\u00e2ndia<\/p>\n<p style=\"margin: 0px;\">5, 6 e 7\/05 (sexta, s\u00e1bado e domingo) \u2013 Estrutural<\/p>\n<p style=\"margin: 0px;\">Programa\u00e7\u00e3o livre &#8211; Entrada Franca<\/p>\n<p style=\"margin: 0px;\">\u00a0<\/p>\n<p style=\"margin: 0px;\"><strong>Brazlandia<\/strong><\/p>\n<p style=\"margin: 0px;\">\u00a0<\/p>\n<p style=\"margin: 0px;\"><em>29 de abril \u2013 s\u00e1bado<\/em><\/p>\n<p style=\"margin: 0px;\">15h oficinas de constru\u00e7\u00e3o de brinquedos<\/p>\n<p style=\"margin: 0px;\">16h conta\u00e7\u00e3o de hist\u00f3ria com a escritora Deborah Paiva<\/p>\n<p style=\"margin: 0px;\">16h30 apresenta\u00e7\u00e3o de circo com os palha\u00e7os Tapioca e Mandioca Frita<\/p>\n<p style=\"margin: 0px;\">17h20 Karaoke<\/p>\n<p style=\"margin: 0px;\">17h50 Apresenta\u00e7\u00e3o da Cantora Dani Ribeiro<\/p>\n<p style=\"margin: 0px;\">\u00a0<\/p>\n<p style=\"margin: 0px;\"><em>30 de abril \u2013 domingo<\/em><\/p>\n<p style=\"margin: 0px;\">15h oficinas de constru\u00e7\u00e3o de brinquedos<\/p>\n<p style=\"margin: 0px;\">16h conta\u00e7\u00e3o de hist\u00f3ria com a escritora Deborah Paiva<\/p>\n<p style=\"margin: 0px;\">16h30 Apresenta\u00e7\u00e3o de circo com os palha\u00e7os Tapioca e Mandioca Frita<\/p>\n<p style=\"margin: 0px;\">17h20 Vereda dos Mamulengos<\/p>\n<p style=\"margin: 0px;\">\u00a0<\/p>\n<p style=\"margin: 0px;\"><strong>Estrutural<\/strong><\/p>\n<p style=\"margin: 0px;\">\u00a0<\/p>\n<p style=\"margin: 0px;\"><em>5 de maio &#8211; sexta feira<\/em><\/p>\n<p style=\"margin: 0px;\">15h Oficinas de constru\u00e7\u00e3o de brinquedos<\/p>\n<p style=\"margin: 0px;\">16h Apresenta\u00e7\u00e3o Vereda dos Mamulengos<\/p>\n<p style=\"margin: 0px;\">\u00a0<\/p>\n<p style=\"margin: 0px;\"><em>6 de maio \u2013 s\u00e1bado<\/em><\/p>\n<p style=\"margin: 0px;\">15h oficinas de constru\u00e7\u00e3o de brinquedos<\/p>\n<p style=\"margin: 0px;\">16h conta\u00e7\u00e3o de hist\u00f3ria com a escritora Deborah Paiva<\/p>\n<p style=\"margin: 0px;\">16h30 apresenta\u00e7\u00e3o de circo com os palha\u00e7os Tapioca e Mandioca Frita<\/p>\n<p style=\"margin: 0px;\">17h20 Karaoke<\/p>\n<p style=\"margin: 0px;\">17h50 Apresenta\u00e7\u00e3o da Cantora Dani Ribeiro<\/p>\n<p style=\"margin: 0px;\">\u00a0<\/p>\n<p style=\"margin: 0px;\"><em>7 de maio \u2013 domingo<\/em><\/p>\n<p style=\"margin: 0px;\">15h oficinas de constru\u00e7\u00e3o brinquedos<\/p>\n<p style=\"margin: 0px;\">16h conta\u00e7\u00e3o de hist\u00f3ria com a escritora Deborah Paiva<\/p>\n<p style=\"margin: 0px;\">16h30 Apresenta\u00e7\u00e3o de circo com os palha\u00e7os Tapioca e Mandioca Frita<\/p>\n<\/div>\n<\/td>\n<\/tr>\n<\/tbody>\n<\/table>\n<\/td>\n<\/tr>\n<\/tbody>\n<\/table>\n<\/div>\n<\/td>\n<\/tr>\n<\/tbody>\n<\/table>\n<\/div>\n<\/div>\n","protected":false},"excerpt":{"rendered":"<div style=\"color: #222222; font-family: Arial, Helvetica, sans-serif; font-size: small; background-image: initial; background-position: initial; background-size: initial; background-repeat: initial; background-attachment: initial; background-origin: initial; background-clip: initial; border: none; margin: 0px auto; border-radius: 0px; max-width: 600px;\">\n<div style=\"line-height: 0; font-size: 0px;\">\n<table style=\"background-image: initial; background-position: initial; background-size: initial; background-repeat: initial; background-attachment: initial; background-origin: initial; background-clip: initial; width: 600px; border-radius: 0px;\" border=\"0\" cellspacing=\"0\" cellpadding=\"0\" align=\"center\">\n<tbody>\n<tr>\n<td style=\"margin: 0px; direction: ltr; font-size: 0px; padding: 4px; text-align: center;\">\n<div style=\"text-align: left; direction: ltr; display: inline-block; vertical-align: top; width: 592px;\">\n<table border=\"0\" width=\"100%\" cellspacing=\"0\" cellpadding=\"0\">\n<tbody>\n<tr>\n<td style=\"margin: 0px; background-color: transparent; border: none; border-radius: 0px; vertical-align: top; padding: 4px;\">\n<table border=\"0\" width=\"100%\" cellspacing=\"0\" cellpadding=\"0\">\n<tbody>\n<tr>\n<td style=\"margin: 0px; font-size: 0px; padding: 0px 25px; word-break: break-word;\" align=\"left\">\n<div style=\"font-family: Arial, Helvetica, sans-serif; font-size: 14px; line-height: 20px; color: #000000;\">\n<p style=\"margin: 0px; text-align: center;\"><em>Arte terapia e libera\u00e7\u00e3o de sentimentos, conv\u00edvio familiar e divers\u00e3o para todas as idades s\u00e3o as atra\u00e7\u00f5es do Festival. Entrada franca<\/em><\/p>\n","protected":false},"author":3,"featured_media":0,"comment_status":"open","ping_status":"open","sticky":false,"template":"","format":"standard","meta":{"_monsterinsights_skip_tracking":false,"_monsterinsights_sitenote_active":false,"_monsterinsights_sitenote_note":"","_monsterinsights_sitenote_category":0,"footnotes":""},"categories":[34],"tags":[],"class_list":["post-844","post","type-post","status-publish","format-standard","hentry","category-destaque"],"_links":{"self":[{"href":"https:\/\/cidadecult.com.br\/index.php?rest_route=\/wp\/v2\/posts\/844","targetHints":{"allow":["GET"]}}],"collection":[{"href":"https:\/\/cidadecult.com.br\/index.php?rest_route=\/wp\/v2\/posts"}],"about":[{"href":"https:\/\/cidadecult.com.br\/index.php?rest_route=\/wp\/v2\/types\/post"}],"author":[{"embeddable":true,"href":"https:\/\/cidadecult.com.br\/index.php?rest_route=\/wp\/v2\/users\/3"}],"replies":[{"embeddable":true,"href":"https:\/\/cidadecult.com.br\/index.php?rest_route=%2Fwp%2Fv2%2Fcomments&post=844"}],"version-history":[{"count":0,"href":"https:\/\/cidadecult.com.br\/index.php?rest_route=\/wp\/v2\/posts\/844\/revisions"}],"wp:attachment":[{"href":"https:\/\/cidadecult.com.br\/index.php?rest_route=%2Fwp%2Fv2%2Fmedia&parent=844"}],"wp:term":[{"taxonomy":"category","embeddable":true,"href":"https:\/\/cidadecult.com.br\/index.php?rest_route=%2Fwp%2Fv2%2Fcategories&post=844"},{"taxonomy":"post_tag","embeddable":true,"href":"https:\/\/cidadecult.com.br\/index.php?rest_route=%2Fwp%2Fv2%2Ftags&post=844"}],"curies":[{"name":"wp","href":"https:\/\/api.w.org\/{rel}","templated":true}]}}