{"id":843,"date":"2023-04-25T19:15:52","date_gmt":"2023-04-25T22:15:52","guid":{"rendered":"https:\/\/cidadecult.com.br\/novo\/galeria-a-pilastra-guara-ii-recebe-primeira-mostra-individual-do-artista-plastico-igu-krieger\/"},"modified":"2023-04-25T19:15:52","modified_gmt":"2023-04-25T22:15:52","slug":"galeria-a-pilastra-guara-ii-recebe-primeira-mostra-individual-do-artista-plastico-igu-krieger","status":"publish","type":"post","link":"https:\/\/cidadecult.com.br\/?p=843","title":{"rendered":"Galeria A Pilastra (Guar\u00e1 II) recebe primeira mostra individual do artista pl\u00e1stico Igu Krieger"},"content":{"rendered":"<p class=\"MsoNormal\" style=\"margin: 0cm; text-align: center; line-height: normal; font-size: 11pt; font-family: Arial, sans-serif;\" align=\"center\"><b><span style=\"font-size: 19pt;\">Aterrar o Ch\u00e3o, Recolher Horizontes<\/span><\/b><\/p>\n<p class=\"MsoNormal\" style=\"margin: 0cm; text-align: center; line-height: normal; font-size: 11pt; font-family: Arial, sans-serif;\" align=\"center\">\u00a0<\/p>\n<p class=\"MsoNormal\" style=\"margin: 0cm; text-align: center; line-height: 22px; font-size: 11pt; font-family: Arial, sans-serif;\" align=\"center\"><i>Com refer\u00eancia do neoconcretismo, o artista explora diferentes suportes para tencionar suas viv\u00eancias e mem\u00f3rias.<\/i><\/p>\n<p class=\"MsoNormal\" style=\"margin: 0cm; line-height: normal; font-size: 11pt; font-family: Arial, sans-serif;\">\u00a0<\/p>\n<p class=\"MsoNormal\" style=\"margin: 0cm; text-indent: 36pt; line-height: normal; font-size: 11pt; font-family: Arial, sans-serif;\">Utilizando materiais como tecido, vidro e metal, Igu Krieger desenvolveu, para a exposi\u00e7\u00e3o, uma linguagem de experimenta\u00e7\u00f5es e cria\u00e7\u00f5es que levam em conta a imers\u00e3o do p\u00fablico com sua obra. Tensionando entremeios subjetivos de antes e depois, interno e externo, passado, presente e futuro, aqui e agora, o artista vai ocupar a galeria com trabalhos, em sua maioria, in\u00e9ditos. A Galeria A Pilastra abre suas portas para visita\u00e7\u00e3o do p\u00fablico \u00e0 exposi\u00e7\u00e3o na noite do dia 3 de maio, quarta-feira, a partir das 19h, com a presen\u00e7a do artista e da curadora.<\/p>\n<p class=\"MsoNormal\" style=\"margin: 0cm; line-height: normal; font-size: 11pt; font-family: Arial, sans-serif;\">\u00a0<\/p>\n<p class=\"MsoNormal\" style=\"margin: 0cm; text-indent: 36pt; line-height: normal; font-size: 11pt; font-family: Arial, sans-serif;\">Curada por Monique Andrade, Aterrar o Ch\u00e3o, Recolher Horizontes traz \u00e0 tona mem\u00f3rias e viv\u00eancias do promissor artista brasiliense em sua primeira mostra individual. De suas viv\u00eancias, Igu traz a lida e est\u00e9tica como camel\u00f4, andarilho e a vida em meio \u00e0 Bras\u00edlia urban\u00edstica. Das mem\u00f3rias, os tortuosos anos de um \u2018ex-desgoverno\u2019 de sucateamento em \u00e1reas sens\u00edveis.<\/p>\n<p class=\"MsoNormal\" style=\"margin: 0cm; line-height: normal; font-size: 11pt; font-family: Arial, sans-serif;\">\u00a0<\/p>\n<p class=\"MsoNormal\" style=\"margin: 0cm; text-indent: 36pt; line-height: normal; font-size: 11pt; font-family: Arial, sans-serif;\">Os trabalhos concebidos para a exposi\u00e7\u00e3o, que conta com fomento do FAC &#8211; Fundo de Apoio \u00e0 Cultura do Distrito Federal, ir\u00e3o transformar o espa\u00e7o expositivo d\u2019A Pilastra em uma instala\u00e7\u00e3o imersiva. Ao entrar na galeria, o p\u00fablico \u00e9 convidado pelo artista, que \u00e9 pesquisador das rela\u00e7\u00f5es visuais com saberes tradicionais e arte decolonial, a refletir quest\u00f5es de ocupa\u00e7\u00e3o e viv\u00eancias a partir da experi\u00eancia expositiva.<\/p>\n<p class=\"MsoNormal\" style=\"margin: 0cm; line-height: normal; font-size: 11pt; font-family: Arial, sans-serif;\">\u00a0<\/p>\n<p class=\"MsoNormal\" style=\"margin: 0cm; line-height: normal; font-size: 11pt; font-family: Arial, sans-serif;\">\u00a0<\/p>\n<p class=\"MsoNormal\" style=\"margin: 0cm; line-height: normal; font-size: 11pt; font-family: Arial, sans-serif;\"><b>Sobre o artista:<\/b><\/p>\n<p class=\"MsoNormal\" style=\"margin: 0cm; line-height: normal; font-size: 11pt; font-family: Arial, sans-serif;\">\u00a0<\/p>\n<p class=\"MsoNormal\" style=\"margin: 0cm; text-align: justify; line-height: normal; font-size: 11pt; font-family: Arial, sans-serif;\">Igu Krieger \u00e9 bacharel em Artes Pl\u00e1sticas pela Universidade de Bras\u00edlia\/UnB. Trabalha em m\u00faltiplas linguagens e suportes, com foco em pintura, instala\u00e7\u00e3o e performance. \u00c9 arte-educador e pesquisador em rela\u00e7\u00f5es visuais com os saberes tradicionais; arte decolonial e da Am\u00e9rica do Sul. Nascido em Bras\u00edlia-DF, o artista \u00e9 aprendiz de raizeiro e camel\u00f4, pois teve como fonte de renda a venda de produtos nas ruas, bares e restaurantes da cidade de 2018 a 2021. Como camel\u00f4, investiga a est\u00e9tica que envolve seu trabalho e de outros camel\u00f4s como roupas e tecidos. Sua pesquisa po\u00e9tica est\u00e1 para al\u00e9m da est\u00e9tica enquanto concep\u00e7\u00e3o de imagem, explorando sensa\u00e7\u00f5es, o tempo, fluxo e rela\u00e7\u00f5es com o trabalho. Como aprendiz de raizeiro, investiga elementos naturais e suas pot\u00eancias medicinais e de cura.<\/p>\n<p class=\"MsoNormal\" style=\"margin: 0cm; line-height: normal; font-size: 11pt; font-family: Arial, sans-serif;\">\u00a0<\/p>\n<p class=\"MsoNormal\" style=\"margin: 0cm; line-height: normal; font-size: 11pt; font-family: Arial, sans-serif;\"><b>Sobre a curadora:<\/b><\/p>\n<p class=\"MsoNormal\" style=\"margin: 0cm; line-height: normal; font-size: 11pt; font-family: Arial, sans-serif;\">\u00a0<\/p>\n<p class=\"MsoNormal\" style=\"margin: 0cm; text-align: justify; line-height: normal; font-size: 11pt; font-family: Arial, sans-serif;\">Monique Andrade \u00e9 natural de Ceil\u00e2ndia, graduanda em Teoria, Cr\u00edtica e Hist\u00f3ria da Arte pela Universidade de Bras\u00edlia, onde, volta seu interesse para as \u00e1reas de curadoria e produ\u00e7\u00e3o cultural. Com trabalhos pautados em mem\u00f3rias e processos criativos, desenvolve pesquisas independentes em paralelo a sua atua\u00e7\u00e3o no campo e mercado das artes. Entre 2019 e 2022, fez parte da equipe do espa\u00e7o de arte e galeria A Pilastra, sendo premiada pela Lei Aldir Blanc em 2020 e 2021. Foi assistente de produ\u00e7\u00e3o da exposi\u00e7\u00e3o \u201cKw\u00e1 Yep\u00e9 Turus\u00fa Yuriri Assojaba Tupinamb\u00e1\u201d (Essa \u00c9 a Grande Volta do Manto Tupinamb\u00e1), eleita uma das melhores exposi\u00e7\u00f5es do ano de 2021, pela Revista Select. Foi curadora na exposi\u00e7\u00e3o \u201cSobre Tempos que Descansam\u201d, da artista Alexandra Martins (2022).<\/p>\n<p class=\"MsoNormal\" style=\"margin: 0cm; line-height: normal; font-size: 11pt; font-family: Arial, sans-serif;\">\u00a0<\/p>\n<p class=\"MsoNormal\" style=\"margin: 0cm; line-height: normal; font-size: 11pt; font-family: Arial, sans-serif;\">\u00a0<\/p>\n<p class=\"MsoNormal\" style=\"margin: 0cm; line-height: normal; font-size: 11pt; font-family: Arial, sans-serif;\"><b>Sobre a galeria:<\/b><\/p>\n<p class=\"MsoNormal\" style=\"margin: 0cm; line-height: normal; font-size: 11pt; font-family: Arial, sans-serif;\">\u00a0<\/p>\n<p class=\"MsoNormal\" style=\"margin: 0cm; text-align: justify; line-height: normal; font-size: 11pt; font-family: Arial, sans-serif;\">Nascida em 2017 como Galeria de Arte hoje a atua\u00e7\u00e3o da Pilastra ultrapassa esse lugar. Al\u00e9m de espa\u00e7o expositivo \u00e9 tamb\u00e9m dedicada \u00e0 m\u00fasica, ao cinema, ao teatro e \u00e0 literatura. E mais, A Pilastra abre suas portas para pesquisa e inova\u00e7\u00e3o, no campo das artes, forma\u00e7\u00e3o profissional de artistas e agentes para o mercado de trabalho, al\u00e9m de promover arte-educa\u00e7\u00e3o, por entend\u00ea-la um fator transformador social e do territ\u00f3rio.<\/p>\n<p class=\"MsoNormal\" style=\"margin: 0cm; text-align: justify; line-height: normal; font-size: 11pt; font-family: Arial, sans-serif;\">\u00a0<\/p>\n<p class=\"MsoNormal\" style=\"margin: 0cm; text-align: justify; line-height: normal; font-size: 11pt; font-family: Arial, sans-serif;\">A Pilastra se define e se desdobra em galeria de arte, espa\u00e7o cultural, produtora cultural e editora independente. Para o desenvolvimento de atividades nesses campos, conta com uma equipe fixa de 16 volunt\u00e1rios t\u00e9cnicos, que atuam desde gest\u00e3o de comunica\u00e7\u00e3o, at\u00e9 produ\u00e7\u00e3o e capta\u00e7\u00e3o, seis artistas e outros colaboradores eventuais.<\/p>\n<p class=\"MsoNormal\" style=\"margin: 0cm; text-align: justify; line-height: normal; font-size: 11pt; font-family: Arial, sans-serif;\">\u00a0<\/p>\n<p class=\"MsoNormal\" style=\"margin: 0cm; text-align: justify; line-height: normal; font-size: 11pt; font-family: Arial, sans-serif;\">Com amplia\u00e7\u00e3o de seu escopo de atua\u00e7\u00e3o, hoje A Pilastra ocupa um ambiente t\u00e9rreo que compreende sala de exposi\u00e7\u00e3o, dep\u00f3sito de reserva t\u00e9cnica, espa\u00e7o para cursos e oficinas e \u00e1rea externa coberta. O local \u00e9 bem localizado e de f\u00e1cil acesso, na QE 40, Polo de Modas (final da rua 21), Guar\u00e1 II, com amplo estacionamento pr\u00f3ximo.<\/p>\n<p class=\"MsoNormal\" style=\"margin: 0cm; text-align: justify; line-height: normal; font-size: 11pt; font-family: Arial, sans-serif;\">\u00a0<\/p>\n<p class=\"MsoNormal\" style=\"margin: 0cm; text-align: justify; line-height: normal; font-size: 11pt; font-family: Arial, sans-serif;\">\u00a0<\/p>\n<p class=\"MsoNormal\" style=\"margin: 0cm; text-align: center; line-height: normal; font-size: 11pt; font-family: Arial, sans-serif;\" align=\"center\"><b><span style=\"font-size: 14pt;\">Fotos de divulga\u00e7\u00e3o:\u00a0<\/span><\/b><a style=\"color: #1155cc;\" href=\"https:\/\/bit.ly\/AterraroChaoRecolherHorizontes\" target=\"_blank\" rel=\"noopener noreferrer\" data-saferedirecturl=\"https:\/\/www.google.com\/url?q=https:\/\/bit.ly\/AterraroChaoRecolherHorizontes&amp;source=gmail&amp;ust=1682536846841000&amp;usg=AOvVaw34oBLt6RSp7ze7Jz9KEWJO\"><span style=\"font-size: 14pt; color: blue;\">https:\/\/bit.ly\/<wbr \/>AterraroChaoRecolherHorizontes<\/span><\/a><\/p>\n<p class=\"MsoNormal\" style=\"margin: 0cm; text-align: justify; line-height: normal; font-size: 11pt; font-family: Arial, sans-serif;\">\u00a0<\/p>\n<p class=\"MsoNormal\" style=\"margin: 0cm; text-align: justify; line-height: normal; font-size: 11pt; font-family: Arial, sans-serif;\">\u00a0<\/p>\n<p class=\"MsoNormal\" style=\"margin: 0cm; text-align: justify; line-height: normal; font-size: 11pt; font-family: Arial, sans-serif;\"><b>Servi\u00e7o:<\/b><\/p>\n<p class=\"MsoNormal\" style=\"margin: 0cm; text-align: justify; line-height: normal; font-size: 11pt; font-family: Arial, sans-serif;\">Exposi\u00e7\u00e3o: Aterrar o Ch\u00e3o, Recolher Horizontes<\/p>\n<p class=\"MsoNormal\" style=\"margin: 0cm; text-align: justify; line-height: normal; font-size: 11pt; font-family: Arial, sans-serif;\">Individual do artista Igu Krieger<\/p>\n<p class=\"MsoNormal\" style=\"margin: 0cm; text-align: justify; line-height: normal; font-size: 11pt; font-family: Arial, sans-serif;\">Curadoria: Monique Andrade<\/p>\n<p class=\"MsoNormal\" style=\"margin: 0cm; text-align: justify; line-height: normal; font-size: 11pt; font-family: Arial, sans-serif;\">Local: Galeria A Pilastra<\/p>\n<p class=\"MsoNormal\" style=\"margin: 0cm; text-align: justify; line-height: normal; font-size: 11pt; font-family: Arial, sans-serif;\">Endere\u00e7o: QE 40, Polo de Modas (final da rua 21), Guar\u00e1 II<\/p>\n<p class=\"MsoNormal\" style=\"margin: 0cm; text-align: justify; line-height: normal; font-size: 11pt; font-family: Arial, sans-serif;\">Abertura: 03 de maio, quarta-feira, \u00e0s 19h<\/p>\n<p class=\"MsoNormal\" style=\"margin: 0cm; text-align: justify; line-height: normal; font-size: 11pt; font-family: Arial, sans-serif;\">Visita\u00e7\u00e3o: de quarta a s\u00e1bado, das 15h \u00e0s 20h, at\u00e9 17 de julho<\/p>\n<p class=\"MsoNormal\" style=\"margin: 0cm; text-align: justify; line-height: normal; font-size: 11pt; font-family: Arial, sans-serif;\">Entrada franca e livre para todos os p\u00fablicos<\/p>\n<p class=\"MsoNormal\" style=\"margin: 0cm; text-align: justify; line-height: normal; font-size: 11pt; font-family: Arial, sans-serif;\">Informa\u00e7\u00f5es: (61) 9.8636-1774<\/p>\n<p class=\"MsoNormal\" style=\"margin: 0cm; text-align: justify; line-height: normal; font-size: 11pt; font-family: Arial, sans-serif;\">Realiza\u00e7\u00e3o: A Pilastra<\/p>\n<p class=\"MsoNormal\" style=\"margin: 0cm; text-align: justify; line-height: normal; font-size: 11pt; font-family: Arial, sans-serif;\">Patroc\u00ednio: FAC &#8211; Fundo de Apoio a Cultura do Distrito Federal<\/p>\n<div>\n<div dir=\"ltr\" data-smartmail=\"gmail_signature\">\n<div dir=\"ltr\">\n<div dir=\"ltr\">\n<div dir=\"ltr\">\n<div dir=\"ltr\">\n<div dir=\"ltr\">\n<div dir=\"ltr\">\n<div dir=\"ltr\">\n<div dir=\"ltr\">\n<div dir=\"ltr\">\n<div dir=\"ltr\">\n<div dir=\"ltr\">\n<div style=\"font-size: small;\">\u00a0<\/div>\n<\/div>\n<\/div>\n<\/div>\n<\/div>\n<\/div>\n<\/div>\n<\/div>\n<\/div>\n<\/div>\n<\/div>\n<\/div>\n<\/div>\n<\/div>\n","protected":false},"excerpt":{"rendered":"<p class=\"MsoNormal\" style=\"margin: 0cm; text-align: center; line-height: normal; font-size: 11pt; font-family: Arial, sans-serif;\" align=\"center\"><b><span style=\"font-size: 19pt;\">Aterrar o Ch\u00e3o, Recolher Horizontes<\/span><\/b><\/p>\n","protected":false},"author":3,"featured_media":0,"comment_status":"open","ping_status":"open","sticky":false,"template":"","format":"standard","meta":{"_monsterinsights_skip_tracking":false,"_monsterinsights_sitenote_active":false,"_monsterinsights_sitenote_note":"","_monsterinsights_sitenote_category":0,"footnotes":""},"categories":[34],"tags":[],"class_list":["post-843","post","type-post","status-publish","format-standard","hentry","category-destaque"],"_links":{"self":[{"href":"https:\/\/cidadecult.com.br\/index.php?rest_route=\/wp\/v2\/posts\/843","targetHints":{"allow":["GET"]}}],"collection":[{"href":"https:\/\/cidadecult.com.br\/index.php?rest_route=\/wp\/v2\/posts"}],"about":[{"href":"https:\/\/cidadecult.com.br\/index.php?rest_route=\/wp\/v2\/types\/post"}],"author":[{"embeddable":true,"href":"https:\/\/cidadecult.com.br\/index.php?rest_route=\/wp\/v2\/users\/3"}],"replies":[{"embeddable":true,"href":"https:\/\/cidadecult.com.br\/index.php?rest_route=%2Fwp%2Fv2%2Fcomments&post=843"}],"version-history":[{"count":0,"href":"https:\/\/cidadecult.com.br\/index.php?rest_route=\/wp\/v2\/posts\/843\/revisions"}],"wp:attachment":[{"href":"https:\/\/cidadecult.com.br\/index.php?rest_route=%2Fwp%2Fv2%2Fmedia&parent=843"}],"wp:term":[{"taxonomy":"category","embeddable":true,"href":"https:\/\/cidadecult.com.br\/index.php?rest_route=%2Fwp%2Fv2%2Fcategories&post=843"},{"taxonomy":"post_tag","embeddable":true,"href":"https:\/\/cidadecult.com.br\/index.php?rest_route=%2Fwp%2Fv2%2Ftags&post=843"}],"curies":[{"name":"wp","href":"https:\/\/api.w.org\/{rel}","templated":true}]}}