{"id":8383,"date":"2024-10-18T12:14:31","date_gmt":"2024-10-18T15:14:31","guid":{"rendered":"https:\/\/cidadecult.com.br\/?p=8383"},"modified":"2024-10-18T12:19:12","modified_gmt":"2024-10-18T15:19:12","slug":"veanha-celebrar-a-cultura-nordestina-com-cantorias-e-versos","status":"publish","type":"post","link":"https:\/\/cidadecult.com.br\/?p=8383","title":{"rendered":"Veanha celebrar a cultura nordestina com cantorias e versos!"},"content":{"rendered":"\n<p><em>Foto\/divulga\u00e7\u00e3o<\/em><\/p>\n\n\n\n<p>A cultura nordestina vai invadir o cora\u00e7\u00e3o do Distrito Federal com o projeto &#8220;<strong>Cantorias e versos<\/strong>&#8220;. Se voc\u00ea \u00e9 f\u00e3 de m\u00fasica, poesia e das tradi\u00e7\u00f5es que encantam, n\u00e3o pode ficar de fora dessa festa!. Esse projeto maravilhoso traz <strong>apresenta\u00e7\u00f5es gratuitas<\/strong> e <strong>oficinas inclusivas<\/strong>, destacando o Repente, a Literatura de Cordel e a poesia cabocla. Com o apoio do Fundo de Apoio \u00e0 Cultura do DF, a a\u00e7\u00e3o re\u00fane artistas renomados e promete valorizar a rica cultura popular nordestina!. <\/p>\n\n\n\n<h3 class=\"wp-block-heading\"><strong>Confira a programa\u00e7\u00e3o:<\/strong><\/h3>\n\n\n\n<ul class=\"wp-block-list\">\n<li><strong>CEE 01 do Guar\u00e1<\/strong><br><strong>Data:<\/strong> 17 de outubro<br><strong>Hor\u00e1rios:<\/strong> 08h30 e 16h30<br><strong>Line-up:<\/strong> Ramalho de Oliveira, Jo\u00e3o Santana e a incr\u00edvel Meriele!<\/li>\n\n\n\n<li><strong>Feira do produtor de Vicente Pires<\/strong><br><strong>Data:<\/strong> 20 de outubro<br><strong>Hor\u00e1rio:<\/strong> 08h<br><strong>Line-up:<\/strong> Ramalho de Oliveira e Chico de Assis.<\/li>\n\n\n\n<li><strong>Feira do Guar\u00e1<\/strong><br><strong>Data:<\/strong> 20 de outubro<br><strong>Hor\u00e1rio:<\/strong> 12h<br><strong>Line-up:<\/strong> Ramalho de Oliveira, Jo\u00e3o Santana e Meriele.<\/li>\n\n\n\n<li><strong>Feira do mercado sul de Taguatinga<\/strong><br><strong>Data:<\/strong> 23 de outubro<br><strong>Hor\u00e1rio:<\/strong> 11h<br><strong>Line-up:<\/strong> Ramalho de Oliveira, Jo\u00e3o Santana e Meriele.<\/li>\n<\/ul>\n\n\n\n<h3 class=\"wp-block-heading\"><strong>Oficinas imperd\u00edveis!<\/strong><\/h3>\n\n\n\n<p>E n\u00e3o para por a\u00ed!. O projeto tamb\u00e9m oferecer\u00e1 <strong>duas oficinas de poesia popular<\/strong>, incluindo uma que ser\u00e1 transmitida ao vivo pelo canal da <strong>Associa\u00e7\u00e3o dos Cantadores Repentistas (Acrespo)<\/strong> no YouTube. E para fechar com chave de ouro, um <strong>livreto de Literatura de Cordel<\/strong> ser\u00e1 criado por um mestre cordelista!. <\/p>\n\n\n\n<h3 class=\"wp-block-heading\"><strong>Por que participar?<\/strong><\/h3>\n\n\n\n<p>O <strong>Repente<\/strong>, uma tradi\u00e7\u00e3o que vem do sert\u00e3o nordestino, faz parte da alma do DF desde a constru\u00e7\u00e3o de Bras\u00edlia. Agora, voc\u00ea tem a chance de vivenciar essa rica heran\u00e7a cultural em um ambiente acolhedor e vibrante!. <\/p>\n\n\n\n<p><strong>N\u00e3o fique de fora dessa celebra\u00e7\u00e3o!<\/strong>. Venha viver a poesia e a m\u00fasica nordestina de forma acess\u00edvel e emocionante. <\/p>\n","protected":false},"excerpt":{"rendered":"<p>Foto\/divulga\u00e7\u00e3o A cultura nordestina vai invadir o cora\u00e7\u00e3o do Distrito Federal com o projeto &#8220;Cantorias e versos&#8220;. Se voc\u00ea \u00e9 f\u00e3 de m\u00fasica, poesia e das tradi\u00e7\u00f5es que encantam, n\u00e3o pode ficar de fora dessa festa!. Esse projeto maravilhoso traz apresenta\u00e7\u00f5es gratuitas e oficinas inclusivas, destacando o Repente, a Literatura de Cordel e a poesia [&hellip;]<\/p>\n","protected":false},"author":1441,"featured_media":8384,"comment_status":"open","ping_status":"open","sticky":false,"template":"","format":"standard","meta":{"_monsterinsights_skip_tracking":false,"_monsterinsights_sitenote_active":false,"_monsterinsights_sitenote_note":"","_monsterinsights_sitenote_category":0,"footnotes":""},"categories":[41,2569,54,34,3],"tags":[3081,403,423,1017,441],"class_list":["post-8383","post","type-post","status-publish","format-standard","has-post-thumbnail","hentry","category-agenda","category-arte","category-brasil","category-destaque","category-entertainment","tag-cantoriaeversos","tag-cidadecult-2","tag-cidadecultpordentro-2","tag-facdf","tag-sonacidadecult-2"],"_links":{"self":[{"href":"https:\/\/cidadecult.com.br\/index.php?rest_route=\/wp\/v2\/posts\/8383","targetHints":{"allow":["GET"]}}],"collection":[{"href":"https:\/\/cidadecult.com.br\/index.php?rest_route=\/wp\/v2\/posts"}],"about":[{"href":"https:\/\/cidadecult.com.br\/index.php?rest_route=\/wp\/v2\/types\/post"}],"author":[{"embeddable":true,"href":"https:\/\/cidadecult.com.br\/index.php?rest_route=\/wp\/v2\/users\/1441"}],"replies":[{"embeddable":true,"href":"https:\/\/cidadecult.com.br\/index.php?rest_route=%2Fwp%2Fv2%2Fcomments&post=8383"}],"version-history":[{"count":1,"href":"https:\/\/cidadecult.com.br\/index.php?rest_route=\/wp\/v2\/posts\/8383\/revisions"}],"predecessor-version":[{"id":8385,"href":"https:\/\/cidadecult.com.br\/index.php?rest_route=\/wp\/v2\/posts\/8383\/revisions\/8385"}],"wp:featuredmedia":[{"embeddable":true,"href":"https:\/\/cidadecult.com.br\/index.php?rest_route=\/wp\/v2\/media\/8384"}],"wp:attachment":[{"href":"https:\/\/cidadecult.com.br\/index.php?rest_route=%2Fwp%2Fv2%2Fmedia&parent=8383"}],"wp:term":[{"taxonomy":"category","embeddable":true,"href":"https:\/\/cidadecult.com.br\/index.php?rest_route=%2Fwp%2Fv2%2Fcategories&post=8383"},{"taxonomy":"post_tag","embeddable":true,"href":"https:\/\/cidadecult.com.br\/index.php?rest_route=%2Fwp%2Fv2%2Ftags&post=8383"}],"curies":[{"name":"wp","href":"https:\/\/api.w.org\/{rel}","templated":true}]}}