{"id":8373,"date":"2024-10-18T10:37:48","date_gmt":"2024-10-18T13:37:48","guid":{"rendered":"https:\/\/cidadecult.com.br\/?p=8373"},"modified":"2024-10-18T10:57:45","modified_gmt":"2024-10-18T13:57:45","slug":"venha-viver-a-magia-do-circo-na-caravana-circo-escola","status":"publish","type":"post","link":"https:\/\/cidadecult.com.br\/?p=8373","title":{"rendered":"Venha viver a magia do circo na &#8220;Caravana circo escola&#8221; !"},"content":{"rendered":"\n<p><em>Foto\/divulga\u00e7\u00e3o<\/em><\/p>\n\n\n\n<p>Prepare-se para uma experi\u00eancia m\u00e1gica!. A &#8220;<strong>Caravana circo escola<\/strong>&#8221; desembarca em <strong>S\u00e3o Sebasti\u00e3o<\/strong> e <strong>Parano\u00e1<\/strong>, oferecendo <strong>oficinas gratuitas<\/strong> para todos os apaixonados pela arte circense!. <\/p>\n\n\n\n<p>Este projeto incr\u00edvel, apoiado pelo <strong>Fundo de Apoio \u00e0 Cultura do DF (FAC\/DF)<\/strong>, vai levar <strong>nove oficinas<\/strong> e <strong>quatro cursos<\/strong> diretamente para as escolas e comunidades dessas regi\u00f5es. <strong>E tem mais: uma oficina online que permite a participa\u00e7\u00e3o de todos!. <\/strong><\/p>\n\n\n\n<p>\ud83d\udd17 <strong>Inscreva-se agora:<\/strong> <a href=\"http:\/\/www.caravanacirconaescola.com.br\">www.caravanacirconaescola.com.br<\/a><\/p>\n\n\n\n<h3 class=\"wp-block-heading\"><strong>Atividades imperd\u00edveis:<\/strong><\/h3>\n\n\n\n<ul class=\"wp-block-list\">\n<li><strong>Curso palha\u00e7aria cl\u00e1ssica e contempor\u00e2nea<\/strong><\/li>\n\n\n\n<li><strong>Com:<\/strong> Denis Camargo<\/li>\n\n\n\n<li><strong>Quando:<\/strong> De 22 de outubro a 15 de novembro, \u00e0s ter\u00e7as e sextas, das 19h \u00e0s 21h30<\/li>\n\n\n\n<li><strong>Carga hor\u00e1ria:<\/strong> 20h (8 encontros de 2h30min)<\/li>\n\n\n\n<li><strong>Oficina sensibiliza\u00e7\u00e3o teatral<\/strong><\/li>\n\n\n\n<li><strong>Com:<\/strong> Tina Carvalho<\/li>\n\n\n\n<li><strong>Quando:<\/strong> De 21 a 30 de outubro, \u00e0s segundas e quartas, das 19h \u00e0s 22h<\/li>\n\n\n\n<li><strong>Carga hor\u00e1ria:<\/strong> 12h<\/li>\n<\/ul>\n\n\n\n<h3 class=\"wp-block-heading\"><strong>Conhe\u00e7a os professores:<\/strong><\/h3>\n\n\n\n<ul class=\"wp-block-list\">\n<li><strong>Denis Camargo:<\/strong> Um especialista em Artes, palha\u00e7o e diretor teatral que traz uma bagagem rica de experi\u00eancias!<\/li>\n\n\n\n<li><strong>Tina Carvalho:<\/strong> Com 19 anos de trajet\u00f3ria, \u00e9 uma atriz e arte educadora apaixonada por transformar vidas atrav\u00e9s do circo e do teatro.<\/li>\n<\/ul>\n\n\n\n<p>Arthur Marques, idealizador do projeto, afirma: \u201cTrazemos este projeto para que todos tenham acesso \u00e0 arte circense!. As aulas ser\u00e3o documentadas e disponibilizadas online, um legado que nasceu durante a pandemia.\u201d<\/p>\n\n\n\n<p><strong>Acompanhe tudo pelo Instagram:<\/strong> <a href=\"https:\/\/www.instagram.com\/caravanacircoescola\/?hl=en#\">@caravanacircoescola<\/a><\/p>\n\n\n\n<p>\ud83d\uddd3\ufe0f <strong>Servi\u00e7o: <\/strong><\/p>\n\n\n\n<ul class=\"wp-block-list\">\n<li><strong>Projeto:<\/strong> Caravana Circo Escola<\/li>\n\n\n\n<li><strong>Inscri\u00e7\u00f5es:<\/strong> <a href=\"http:\/\/www.caravanacirconaescola.com.br\">www.caravanacirconaescola.com.br<\/a><\/li>\n\n\n\n<li><strong>Atividades:<\/strong> Gratuitas e abertas a todos, com ou sem experi\u00eancia!. <\/li>\n<\/ul>\n\n\n\n<p><strong>N\u00e3o fique de fora dessa festa!. Venha se divertir e aprender com a gente!<\/strong>. \ud83c\udf89<\/p>\n","protected":false},"excerpt":{"rendered":"<p>Foto\/divulga\u00e7\u00e3o Prepare-se para uma experi\u00eancia m\u00e1gica!. A &#8220;Caravana circo escola&#8221; desembarca em S\u00e3o Sebasti\u00e3o e Parano\u00e1, oferecendo oficinas gratuitas para todos os apaixonados pela arte circense!. Este projeto incr\u00edvel, apoiado pelo Fundo de Apoio \u00e0 Cultura do DF (FAC\/DF), vai levar nove oficinas e quatro cursos diretamente para as escolas e comunidades dessas regi\u00f5es. E [&hellip;]<\/p>\n","protected":false},"author":1441,"featured_media":8374,"comment_status":"open","ping_status":"open","sticky":false,"template":"","format":"standard","meta":{"_monsterinsights_skip_tracking":false,"_monsterinsights_sitenote_active":false,"_monsterinsights_sitenote_note":"","_monsterinsights_sitenote_category":0,"footnotes":""},"categories":[41,2569,54,34,2553],"tags":[403,423,491,1017,3076,3079,2767],"class_list":["post-8373","post","type-post","status-publish","format-standard","has-post-thumbnail","hentry","category-agenda","category-arte","category-brasil","category-destaque","category-oportunidade","tag-cidadecult-2","tag-cidadecultpordentro-2","tag-df-2","tag-facdf","tag-magiadocirconacaravana","tag-online","tag-outubro"],"_links":{"self":[{"href":"https:\/\/cidadecult.com.br\/index.php?rest_route=\/wp\/v2\/posts\/8373","targetHints":{"allow":["GET"]}}],"collection":[{"href":"https:\/\/cidadecult.com.br\/index.php?rest_route=\/wp\/v2\/posts"}],"about":[{"href":"https:\/\/cidadecult.com.br\/index.php?rest_route=\/wp\/v2\/types\/post"}],"author":[{"embeddable":true,"href":"https:\/\/cidadecult.com.br\/index.php?rest_route=\/wp\/v2\/users\/1441"}],"replies":[{"embeddable":true,"href":"https:\/\/cidadecult.com.br\/index.php?rest_route=%2Fwp%2Fv2%2Fcomments&post=8373"}],"version-history":[{"count":1,"href":"https:\/\/cidadecult.com.br\/index.php?rest_route=\/wp\/v2\/posts\/8373\/revisions"}],"predecessor-version":[{"id":8375,"href":"https:\/\/cidadecult.com.br\/index.php?rest_route=\/wp\/v2\/posts\/8373\/revisions\/8375"}],"wp:featuredmedia":[{"embeddable":true,"href":"https:\/\/cidadecult.com.br\/index.php?rest_route=\/wp\/v2\/media\/8374"}],"wp:attachment":[{"href":"https:\/\/cidadecult.com.br\/index.php?rest_route=%2Fwp%2Fv2%2Fmedia&parent=8373"}],"wp:term":[{"taxonomy":"category","embeddable":true,"href":"https:\/\/cidadecult.com.br\/index.php?rest_route=%2Fwp%2Fv2%2Fcategories&post=8373"},{"taxonomy":"post_tag","embeddable":true,"href":"https:\/\/cidadecult.com.br\/index.php?rest_route=%2Fwp%2Fv2%2Ftags&post=8373"}],"curies":[{"name":"wp","href":"https:\/\/api.w.org\/{rel}","templated":true}]}}