{"id":8345,"date":"2024-10-17T12:05:48","date_gmt":"2024-10-17T15:05:48","guid":{"rendered":"https:\/\/cidadecult.com.br\/?p=8345"},"modified":"2024-10-17T12:06:27","modified_gmt":"2024-10-17T15:06:27","slug":"venha-brincar-com-a-danca-junina-na-2a-edicao-da-fabrica-de-brincantes","status":"publish","type":"post","link":"https:\/\/cidadecult.com.br\/?p=8345","title":{"rendered":"Venha brincar com a dan\u00e7a junina na 2\u00aa edi\u00e7\u00e3o da f\u00e1brica de brincantes!"},"content":{"rendered":"\n<p><em>Foto\/divulga\u00e7\u00e3o<\/em><\/p>\n\n\n\n<p>A tradi\u00e7\u00e3o junina ganha vida na <strong>2\u00aa edi\u00e7\u00e3o da F\u00e1brica de brincantes<\/strong>, uma iniciativa incr\u00edvel da <strong>Transi\u00e7\u00f5es Cia. de dan\u00e7a e artes<\/strong>!. Nos dias <strong>19, 20, 26 e 27 de outubro<\/strong>, o <strong>Centro de dan\u00e7a do DF<\/strong> se transforma em um verdadeiro espa\u00e7o de aprendizado e celebra\u00e7\u00e3o da cultura popular.<\/p>\n\n\n\n<h3 class=\"wp-block-heading\">Por que participar?<\/h3>\n\n\n\n<p>Imagine-se imerso em um ambiente vibrante, cercado por artistas apaixonados e aprendendo com grandes nomes da dan\u00e7a junina. A <strong>F\u00e1brica de brincantes<\/strong> busca aprimorar talentos e promover a inclus\u00e3o e a acessibilidade na dan\u00e7a, tornando essa arte ainda mais acess\u00edvel a todos!<\/p>\n\n\n\n<h3 class=\"wp-block-heading\"> Programa\u00e7\u00e3o imperd\u00edvel:<\/h3>\n\n\n\n<ul class=\"wp-block-list\">\n<li><strong>19\/10<\/strong>: <strong>Condicionamento f\u00edsico e jogos l\u00fadicos<\/strong> com <strong>Felipe Dias<\/strong>, para aquecer e energizar os dan\u00e7arinos!<\/li>\n\n\n\n<li><strong>20\/10<\/strong>: <strong>Mar\u00edlia Abreu<\/strong> traz sua expertise em uma oficina que explora o <strong>olhar c\u00eanico no fazer junino<\/strong>.<\/li>\n\n\n\n<li><strong>26\/10<\/strong>: Alisson Lima, diretamente de Pernambuco, apresenta as ra\u00edzes do <strong>frevo, xaxado, coco e cavalo marinho<\/strong>.<\/li>\n\n\n\n<li><strong>27\/10<\/strong>: <strong>Lehandro Lira<\/strong> fecha com chave de ouro uma oficina de <strong>prepara\u00e7\u00e3o coreogr\u00e1fica para damas juninas<\/strong>.<\/li>\n<\/ul>\n\n\n\n<h3 class=\"wp-block-heading\">Inclus\u00e3o e acessibilidade<\/h3>\n\n\n\n<p>A 2\u00aa F\u00e1brica de Brincantes tamb\u00e9m se destaca pela sua preocupa\u00e7\u00e3o com a inclus\u00e3o. Haver\u00e1 uma palestra sobre <strong>&#8220;Inclus\u00e3o e acessibilidade na dan\u00e7a&#8221;<\/strong>, com renomados especialistas. O espa\u00e7o conta com infraestrutura adaptada para garantir que todos tenham uma experi\u00eancia incr\u00edvel.<\/p>\n\n\n\n<h3 class=\"wp-block-heading\">Informa\u00e7\u00f5es: <\/h3>\n\n\n\n<p><strong>As inscri\u00e7\u00f5es j\u00e1 est\u00e3o encerradas<\/strong>,<strong> mas voc\u00ea pode acompanhar tudo pelo Instagram: <\/strong><a href=\"https:\/\/www.instagram.com\/fabricadebrincantes\">@fabricadebrincantes<\/a>. <strong>Fique ligado nas atualiza\u00e7\u00f5es e prepare-se para uma experi\u00eancia transformadora!. <\/strong><\/p>\n\n\n\n<h3 class=\"wp-block-heading\">Servi\u00e7o:<\/h3>\n\n\n\n<ul class=\"wp-block-list\">\n<li><strong>Evento<\/strong>: 2\u00aa edi\u00e7\u00e3o da F\u00e1brica de Brincantes<\/li>\n\n\n\n<li><strong>Quando<\/strong>:<\/li>\n\n\n\n<li>19\/10 \u2013 Condicionamento f\u00edsico e jogos l\u00fadicos<\/li>\n\n\n\n<li>20\/10 \u2013 O olhar c\u00eanico no fazer junino<\/li>\n\n\n\n<li>26\/10 \u2013 Vertentes do frevo, xaxado, coco e cavalo marinho<\/li>\n\n\n\n<li>27\/10 \u2013 Prepara\u00e7\u00e3o coreogr\u00e1fica para damas juninas<\/li>\n\n\n\n<li><strong>Onde<\/strong>: Centro de dan\u00e7a do DF \u2013 Setor de autarquias norte quadra 01<\/li>\n\n\n\n<li><strong>Classifica\u00e7\u00e3o<\/strong>: Livre<\/li>\n<\/ul>\n\n\n\n<p><strong>Contato<\/strong>: @fabricadebrincantes<br><strong>Assessoria de Imprensa<\/strong>: Elen Carol (Entre Tons e Letras)<br><strong>Foto<\/strong>: Samuel Calado<\/p>\n\n\n\n<p><strong>N\u00e3o perca a chance de fazer parte dessa celebra\u00e7\u00e3o da cultura junina!. Junte-se a n\u00f3s e descubra a riqueza e a beleza dessa arte!. <\/strong><\/p>\n","protected":false},"excerpt":{"rendered":"<p>Foto\/divulga\u00e7\u00e3o A tradi\u00e7\u00e3o junina ganha vida na 2\u00aa edi\u00e7\u00e3o da F\u00e1brica de brincantes, uma iniciativa incr\u00edvel da Transi\u00e7\u00f5es Cia. de dan\u00e7a e artes!. Nos dias 19, 20, 26 e 27 de outubro, o Centro de dan\u00e7a do DF se transforma em um verdadeiro espa\u00e7o de aprendizado e celebra\u00e7\u00e3o da cultura popular. Por que participar? Imagine-se [&hellip;]<\/p>\n","protected":false},"author":1441,"featured_media":8346,"comment_status":"open","ping_status":"open","sticky":false,"template":"","format":"standard","meta":{"_monsterinsights_skip_tracking":false,"_monsterinsights_sitenote_active":false,"_monsterinsights_sitenote_note":"","_monsterinsights_sitenote_category":0,"footnotes":""},"categories":[41,2569,17],"tags":[3061,3063],"class_list":["post-8345","post","type-post","status-publish","format-standard","has-post-thumbnail","hentry","category-agenda","category-arte","category-bsb","tag-dancajunina","tag-fabricadebrincantes"],"_links":{"self":[{"href":"https:\/\/cidadecult.com.br\/index.php?rest_route=\/wp\/v2\/posts\/8345","targetHints":{"allow":["GET"]}}],"collection":[{"href":"https:\/\/cidadecult.com.br\/index.php?rest_route=\/wp\/v2\/posts"}],"about":[{"href":"https:\/\/cidadecult.com.br\/index.php?rest_route=\/wp\/v2\/types\/post"}],"author":[{"embeddable":true,"href":"https:\/\/cidadecult.com.br\/index.php?rest_route=\/wp\/v2\/users\/1441"}],"replies":[{"embeddable":true,"href":"https:\/\/cidadecult.com.br\/index.php?rest_route=%2Fwp%2Fv2%2Fcomments&post=8345"}],"version-history":[{"count":1,"href":"https:\/\/cidadecult.com.br\/index.php?rest_route=\/wp\/v2\/posts\/8345\/revisions"}],"predecessor-version":[{"id":8347,"href":"https:\/\/cidadecult.com.br\/index.php?rest_route=\/wp\/v2\/posts\/8345\/revisions\/8347"}],"wp:featuredmedia":[{"embeddable":true,"href":"https:\/\/cidadecult.com.br\/index.php?rest_route=\/wp\/v2\/media\/8346"}],"wp:attachment":[{"href":"https:\/\/cidadecult.com.br\/index.php?rest_route=%2Fwp%2Fv2%2Fmedia&parent=8345"}],"wp:term":[{"taxonomy":"category","embeddable":true,"href":"https:\/\/cidadecult.com.br\/index.php?rest_route=%2Fwp%2Fv2%2Fcategories&post=8345"},{"taxonomy":"post_tag","embeddable":true,"href":"https:\/\/cidadecult.com.br\/index.php?rest_route=%2Fwp%2Fv2%2Ftags&post=8345"}],"curies":[{"name":"wp","href":"https:\/\/api.w.org\/{rel}","templated":true}]}}