{"id":8211,"date":"2024-10-11T11:28:52","date_gmt":"2024-10-11T14:28:52","guid":{"rendered":"https:\/\/cidadecult.com.br\/?p=8211"},"modified":"2024-10-11T11:29:39","modified_gmt":"2024-10-11T14:29:39","slug":"dia-das-criancas-no-horta-parrilla-prato-infantil-gratis-e-festival-de-primavera","status":"publish","type":"post","link":"https:\/\/cidadecult.com.br\/?p=8211","title":{"rendered":"Dia das crian\u00e7as no Horta Parrilla: prato infantil gr\u00e1tis e festival de primavera"},"content":{"rendered":"\n<p><em>Foto\/divulga\u00e7\u00e3o<\/em><\/p>\n\n\n\n<p>O <strong>Horta Parrilla<\/strong>, na 202 Sul, est\u00e1 preparando um dia especial para celebrar o <strong>Dia das crian\u00e7as<\/strong>!. No pr\u00f3ximo <strong>s\u00e1bado, 12 de outubro<\/strong>, o restaurante oferece uma oportunidade imperd\u00edvel: crian\u00e7as de <strong>1 a 10 anos<\/strong> ganham um <strong>prato infantil gratuito<\/strong>. \u00c9 a chance perfeita para reunir a fam\u00edlia e aproveitar uma refei\u00e7\u00e3o em um ambiente acolhedor e delicioso.<\/p>\n\n\n\n<p>Enquanto as crian\u00e7as se divertem, os adultos podem saborear o <strong>Festival de primavera<\/strong> da casa. Por <strong>R$ 69,90<\/strong>, o menu inclui entrada, prato principal e sobremesa, com op\u00e7\u00f5es irresist\u00edveis, como o <strong>baby beef ao molho de jabuticaba<\/strong> e o <strong>risoto de gorgonzola e nozes<\/strong>. Para finalizar, as sobremesas trazem o frescor da esta\u00e7\u00e3o, como o queridinho <strong>sorvete de queijo com goiabada<\/strong>, um cl\u00e1ssico que remete \u00e0 inf\u00e2ncia.<\/p>\n\n\n\n<p><strong>Servi\u00e7o<\/strong><br>\ud83d\udccd <strong>Horta Parrilla<\/strong><br>Endere\u00e7o: CLS 202 Sul Bloco C Loja 04 &#8211; Asa Sul<br>Hor\u00e1rio: Ter\u00e7a a s\u00e1bado, das 11h30 \u00e0s 15h30, e das 19h \u00e0s 23h; domingo, das 12h \u00e0s 16h<br>\ud83d\udcde Telefone: (61) 99558-2842<br>\ud83d\udcf8 Instagram: <a href=\"https:\/\/www.instagram.com\/hortabsb\/\">@hortabsb<\/a><\/p>\n\n\n\n<p><strong>N\u00e3o deixe de aproveitar essa oportunidade!<\/strong><\/p>\n\n\n\n<p><\/p>\n","protected":false},"excerpt":{"rendered":"<p>Foto\/divulga\u00e7\u00e3o O Horta Parrilla, na 202 Sul, est\u00e1 preparando um dia especial para celebrar o Dia das crian\u00e7as!. No pr\u00f3ximo s\u00e1bado, 12 de outubro, o restaurante oferece uma oportunidade imperd\u00edvel: crian\u00e7as de 1 a 10 anos ganham um prato infantil gratuito. \u00c9 a chance perfeita para reunir a fam\u00edlia e aproveitar uma refei\u00e7\u00e3o em um [&hellip;]<\/p>\n","protected":false},"author":1441,"featured_media":8212,"comment_status":"open","ping_status":"open","sticky":false,"template":"","format":"standard","meta":{"_monsterinsights_skip_tracking":false,"_monsterinsights_sitenote_active":false,"_monsterinsights_sitenote_note":"","_monsterinsights_sitenote_category":0,"footnotes":""},"categories":[41,17,10],"tags":[2989,2845],"class_list":["post-8211","post","type-post","status-publish","format-standard","has-post-thumbnail","hentry","category-agenda","category-bsb","category-food","tag-diasdascriancas","tag-festivalprimavera"],"_links":{"self":[{"href":"https:\/\/cidadecult.com.br\/index.php?rest_route=\/wp\/v2\/posts\/8211","targetHints":{"allow":["GET"]}}],"collection":[{"href":"https:\/\/cidadecult.com.br\/index.php?rest_route=\/wp\/v2\/posts"}],"about":[{"href":"https:\/\/cidadecult.com.br\/index.php?rest_route=\/wp\/v2\/types\/post"}],"author":[{"embeddable":true,"href":"https:\/\/cidadecult.com.br\/index.php?rest_route=\/wp\/v2\/users\/1441"}],"replies":[{"embeddable":true,"href":"https:\/\/cidadecult.com.br\/index.php?rest_route=%2Fwp%2Fv2%2Fcomments&post=8211"}],"version-history":[{"count":1,"href":"https:\/\/cidadecult.com.br\/index.php?rest_route=\/wp\/v2\/posts\/8211\/revisions"}],"predecessor-version":[{"id":8213,"href":"https:\/\/cidadecult.com.br\/index.php?rest_route=\/wp\/v2\/posts\/8211\/revisions\/8213"}],"wp:featuredmedia":[{"embeddable":true,"href":"https:\/\/cidadecult.com.br\/index.php?rest_route=\/wp\/v2\/media\/8212"}],"wp:attachment":[{"href":"https:\/\/cidadecult.com.br\/index.php?rest_route=%2Fwp%2Fv2%2Fmedia&parent=8211"}],"wp:term":[{"taxonomy":"category","embeddable":true,"href":"https:\/\/cidadecult.com.br\/index.php?rest_route=%2Fwp%2Fv2%2Fcategories&post=8211"},{"taxonomy":"post_tag","embeddable":true,"href":"https:\/\/cidadecult.com.br\/index.php?rest_route=%2Fwp%2Fv2%2Ftags&post=8211"}],"curies":[{"name":"wp","href":"https:\/\/api.w.org\/{rel}","templated":true}]}}