{"id":8153,"date":"2024-10-08T12:23:02","date_gmt":"2024-10-08T15:23:02","guid":{"rendered":"https:\/\/cidadecult.com.br\/?p=8153"},"modified":"2024-10-08T12:23:04","modified_gmt":"2024-10-08T15:23:04","slug":"painel-da-507-sul-nova-pintura-em-grafite-celebrando-brasilia","status":"publish","type":"post","link":"https:\/\/cidadecult.com.br\/?p=8153","title":{"rendered":"Painel da 507 sul: nova pintura em grafite celebrando Bras\u00edlia!"},"content":{"rendered":"\n<p><em>Foto: Matheus H. Souza<\/em><\/p>\n\n\n\n<p>O <strong>mural ic\u00f4nico da 507 Sul<\/strong>, localizado no<strong> Espa\u00e7o Cultural do Turismo e Artesanato<\/strong>, est\u00e1 ganhando uma nova vida!. Ap\u00f3s tr\u00eas anos de exposi\u00e7\u00e3o ao sol, as obras de arte, que homenageiam personalidades fundamentais para a constru\u00e7\u00e3o de Bras\u00edlia, est\u00e3o passando por uma repagina\u00e7\u00e3o feita por talentosos artistas locais.<\/p>\n\n\n\n<p><strong>Inova\u00e7\u00e3o e cultura<\/strong><br>A repagina\u00e7\u00e3o, realizada por artistas como <strong>Renan Torquatto <\/strong>e <strong>Marcos Breubs<\/strong>, traz novos tra\u00e7os, elementos e cores para os grafites, mantendo a ess\u00eancia de celebrar nossos pioneiros. <strong>Renan est\u00e1 criando uma obra em homenagem ao arquiteto Oscar Niemeyer, enquanto Marcos finaliza um painel que retrata Juscelino Kubitschek, idealizador da nova capital.<\/strong> O mural promete refletir a est\u00e9tica \u00fanica da arquitetura de Bras\u00edlia e a hist\u00f3ria rica que nos conecta.<\/p>\n\n\n\n<p><strong>Um espa\u00e7o para todos<\/strong><br><strong>A proposta \u00e9 que a revitaliza\u00e7\u00e3o do painel transforme a<\/strong> <strong>W3 Sul <\/strong>em <strong>um corredor tur\u00edstico e cultural ainda mais atraente, proporcionando uma experi\u00eancia incr\u00edvel para moradores e visitantes.<\/strong> <strong>O secret\u00e1rio de Turismo,<\/strong> <strong>Cristiano Ara\u00fajo<\/strong>, <strong>destaca que este mural \u00e9 um verdadeiro patrim\u00f4nio cultural, valorizado por ser feito por artistas locais.<\/strong><\/p>\n\n\n\n<p><strong>Preservando nossa hist\u00f3ria<\/strong><br>Para garantir a beleza e a relev\u00e2ncia do mural, a reforma ser\u00e1 realizada a cada dois anos. Assim, poderemos manter viva a hist\u00f3ria de Bras\u00edlia e celebrar nossas ra\u00edzes culturais.<\/p>\n\n\n\n<p><strong>Venha conhecer!<\/strong><br><strong>N\u00e3o perca a oportunidade de conferir essa nova fase do painel da 507 Sul!. Passe pelo espa\u00e7o, aprecie a arte e compartilhe essa experi\u00eancia com seus amigos. Bras\u00edlia merece esse destaque e voc\u00ea tamb\u00e9m!<\/strong><\/p>\n\n\n\n<p><\/p>\n","protected":false},"excerpt":{"rendered":"<p>Foto: Matheus H. Souza O mural ic\u00f4nico da 507 Sul, localizado no Espa\u00e7o Cultural do Turismo e Artesanato, est\u00e1 ganhando uma nova vida!. Ap\u00f3s tr\u00eas anos de exposi\u00e7\u00e3o ao sol, as obras de arte, que homenageiam personalidades fundamentais para a constru\u00e7\u00e3o de Bras\u00edlia, est\u00e3o passando por uma repagina\u00e7\u00e3o feita por talentosos artistas locais. Inova\u00e7\u00e3o e [&hellip;]<\/p>\n","protected":false},"author":1441,"featured_media":8155,"comment_status":"open","ping_status":"open","sticky":false,"template":"","format":"standard","meta":{"_monsterinsights_skip_tracking":false,"_monsterinsights_sitenote_active":false,"_monsterinsights_sitenote_note":"","_monsterinsights_sitenote_category":0,"footnotes":""},"categories":[2569,17,34,281,43],"tags":[405,429,423,2963,441],"class_list":["post-8153","post","type-post","status-publish","format-standard","has-post-thumbnail","hentry","category-arte","category-bsb","category-destaque","category-exposicao","category-releases","tag-arte-2","tag-brasilia-3","tag-cidadecultpordentro-2","tag-painelda507sul","tag-sonacidadecult-2"],"_links":{"self":[{"href":"https:\/\/cidadecult.com.br\/index.php?rest_route=\/wp\/v2\/posts\/8153","targetHints":{"allow":["GET"]}}],"collection":[{"href":"https:\/\/cidadecult.com.br\/index.php?rest_route=\/wp\/v2\/posts"}],"about":[{"href":"https:\/\/cidadecult.com.br\/index.php?rest_route=\/wp\/v2\/types\/post"}],"author":[{"embeddable":true,"href":"https:\/\/cidadecult.com.br\/index.php?rest_route=\/wp\/v2\/users\/1441"}],"replies":[{"embeddable":true,"href":"https:\/\/cidadecult.com.br\/index.php?rest_route=%2Fwp%2Fv2%2Fcomments&post=8153"}],"version-history":[{"count":1,"href":"https:\/\/cidadecult.com.br\/index.php?rest_route=\/wp\/v2\/posts\/8153\/revisions"}],"predecessor-version":[{"id":8156,"href":"https:\/\/cidadecult.com.br\/index.php?rest_route=\/wp\/v2\/posts\/8153\/revisions\/8156"}],"wp:featuredmedia":[{"embeddable":true,"href":"https:\/\/cidadecult.com.br\/index.php?rest_route=\/wp\/v2\/media\/8155"}],"wp:attachment":[{"href":"https:\/\/cidadecult.com.br\/index.php?rest_route=%2Fwp%2Fv2%2Fmedia&parent=8153"}],"wp:term":[{"taxonomy":"category","embeddable":true,"href":"https:\/\/cidadecult.com.br\/index.php?rest_route=%2Fwp%2Fv2%2Fcategories&post=8153"},{"taxonomy":"post_tag","embeddable":true,"href":"https:\/\/cidadecult.com.br\/index.php?rest_route=%2Fwp%2Fv2%2Ftags&post=8153"}],"curies":[{"name":"wp","href":"https:\/\/api.w.org\/{rel}","templated":true}]}}