{"id":8105,"date":"2024-10-06T09:00:00","date_gmt":"2024-10-06T12:00:00","guid":{"rendered":"https:\/\/cidadecult.com.br\/?p=8105"},"modified":"2024-10-05T09:51:43","modified_gmt":"2024-10-05T12:51:43","slug":"brasil-e-dinamarca-se-unem-pela-sustentabilidade","status":"publish","type":"post","link":"https:\/\/cidadecult.com.br\/?p=8105","title":{"rendered":"Brasil e Dinamarca se unem pela sustentabilidade!"},"content":{"rendered":"\n<p><em>\u00a0Foto: Ricardo Stuckert<\/em><\/p>\n\n\n\n<p><strong>Ontem, sexta-feira (4), Bras\u00edlia foi palco de um encontro que promete fortalecer ainda mais os la\u00e7os entre Brasil e Dinamarca. <\/strong>A rainha da Dinamarca, <strong>Mary Donaldson<\/strong>, visitou a <strong>Embrapa Cerrados<\/strong>, onde conheceu de perto as incr\u00edveis tecnologias que integram <strong>agropecu\u00e1ria <\/strong>e <strong>sustentabilidade<\/strong>. A presidente da Embrapa, S<strong>ilvia Massuruh\u00e1,<\/strong> <strong>destacou a miss\u00e3o de aumentar a produtividade agr\u00edcola, preservando nossos recursos naturais. <\/strong><\/p>\n\n\n\n<p>A Dinamarca, reconhecida por seu compromisso com o meio ambiente, quer aprofundar essa parceria, conforme apontou a embaixadora Eva Bisgaard Pedersen: &#8220;O trabalho da Embrapa \u00e9 revolucion\u00e1rio e muito inspirador.&#8221;<\/p>\n\n\n\n<p>Al\u00e9m disso, a rainha se reuniu com o presidente Lula no Pal\u00e1cio do Planalto, onde discutiram temas essenciais, como a preserva\u00e7\u00e3o ambiental, igualdade de g\u00eanero e sa\u00fade. <strong>Durante o encontro, Lula convidou a Dinamarca a integrar a Alian\u00e7a Contra a Fome e agradeceu pela devolu\u00e7\u00e3o do hist\u00f3rico Manto Tupinamb\u00e1, uma pe\u00e7a de valor espiritual inestim\u00e1vel para os povos ind\u00edgenas. <\/strong><\/p>\n\n\n\n<p><strong>Essa uni\u00e3o entre Brasil e Dinamarca demonstra que a coopera\u00e7\u00e3o internacional \u00e9 essencial para enfrentar desafios globais como as mudan\u00e7as clim\u00e1ticas e a fome<\/strong>. Vamos ficar de olho nas pr\u00f3ximas iniciativas que surgir\u00e3o dessa parceria!. <\/p>\n","protected":false},"excerpt":{"rendered":"<p>\u00a0Foto: Ricardo Stuckert Ontem, sexta-feira (4), Bras\u00edlia foi palco de um encontro que promete fortalecer ainda mais os la\u00e7os entre Brasil e Dinamarca. A rainha da Dinamarca, Mary Donaldson, visitou a Embrapa Cerrados, onde conheceu de perto as incr\u00edveis tecnologias que integram agropecu\u00e1ria e sustentabilidade. A presidente da Embrapa, Silvia Massuruh\u00e1, destacou a miss\u00e3o de [&hellip;]<\/p>\n","protected":false},"author":1441,"featured_media":8106,"comment_status":"open","ping_status":"open","sticky":false,"template":"","format":"standard","meta":{"_monsterinsights_skip_tracking":false,"_monsterinsights_sitenote_active":false,"_monsterinsights_sitenote_note":"","_monsterinsights_sitenote_category":0,"footnotes":""},"categories":[54],"tags":[439,2938,2940,859],"class_list":["post-8105","post","type-post","status-publish","format-standard","has-post-thumbnail","hentry","category-brasil","tag-brasil-2","tag-brasiledinamarca","tag-dinamarca","tag-sustentabilidade-2"],"_links":{"self":[{"href":"https:\/\/cidadecult.com.br\/index.php?rest_route=\/wp\/v2\/posts\/8105","targetHints":{"allow":["GET"]}}],"collection":[{"href":"https:\/\/cidadecult.com.br\/index.php?rest_route=\/wp\/v2\/posts"}],"about":[{"href":"https:\/\/cidadecult.com.br\/index.php?rest_route=\/wp\/v2\/types\/post"}],"author":[{"embeddable":true,"href":"https:\/\/cidadecult.com.br\/index.php?rest_route=\/wp\/v2\/users\/1441"}],"replies":[{"embeddable":true,"href":"https:\/\/cidadecult.com.br\/index.php?rest_route=%2Fwp%2Fv2%2Fcomments&post=8105"}],"version-history":[{"count":1,"href":"https:\/\/cidadecult.com.br\/index.php?rest_route=\/wp\/v2\/posts\/8105\/revisions"}],"predecessor-version":[{"id":8107,"href":"https:\/\/cidadecult.com.br\/index.php?rest_route=\/wp\/v2\/posts\/8105\/revisions\/8107"}],"wp:featuredmedia":[{"embeddable":true,"href":"https:\/\/cidadecult.com.br\/index.php?rest_route=\/wp\/v2\/media\/8106"}],"wp:attachment":[{"href":"https:\/\/cidadecult.com.br\/index.php?rest_route=%2Fwp%2Fv2%2Fmedia&parent=8105"}],"wp:term":[{"taxonomy":"category","embeddable":true,"href":"https:\/\/cidadecult.com.br\/index.php?rest_route=%2Fwp%2Fv2%2Fcategories&post=8105"},{"taxonomy":"post_tag","embeddable":true,"href":"https:\/\/cidadecult.com.br\/index.php?rest_route=%2Fwp%2Fv2%2Ftags&post=8105"}],"curies":[{"name":"wp","href":"https:\/\/api.w.org\/{rel}","templated":true}]}}