{"id":8095,"date":"2024-10-04T13:02:03","date_gmt":"2024-10-04T16:02:03","guid":{"rendered":"https:\/\/cidadecult.com.br\/?p=8095"},"modified":"2024-10-04T13:02:06","modified_gmt":"2024-10-04T16:02:06","slug":"conecta-tripe-historias-que-inspiram","status":"publish","type":"post","link":"https:\/\/cidadecult.com.br\/?p=8095","title":{"rendered":"Conecta Trip\u00e9: hist\u00f3rias que inspiram"},"content":{"rendered":"\n<p><em>Foto\/divulga\u00e7\u00e3o<\/em><\/p>\n\n\n\n<p>O &#8220;<strong>Grupo Trip\u00e9<\/strong>&#8221; d\u00e1 in\u00edcio a uma jornada emocionante com o projeto <strong>CONECTA TRIP\u00c9<\/strong>, onde artistas c\u00eanicos do <strong>Distrito Federal <\/strong>compartilham suas hist\u00f3rias de vida e carreira!. Em oito epis\u00f3dios incr\u00edveis, voc\u00ea ser\u00e1 levado a um mergulho profundo nas experi\u00eancias de talentos que t\u00eam mais de 50 anos de trajet\u00f3ria nas artes.<\/p>\n\n\n\n<p><strong>Sobre o projeto:<\/strong><br>O <strong>CONECTA TRIP\u00c9<\/strong> n\u00e3o \u00e9 apenas uma s\u00e9rie, mas um verdadeiro tributo \u00e0 riqueza cultural do DF. Em um momento em que as vozes de artistas mais experientes precisam ser valorizadas e ouvidas, o projeto traz \u00e0 tona as viv\u00eancias de figuras ic\u00f4nicas da cena teatral, oferecendo uma plataforma digital acess\u00edvel a todos.<\/p>\n\n\n\n<p><strong>Epis\u00f3dios imperd\u00edveis:<\/strong><br>Prepare-se para conhecer esses artistas inspiradores em datas espec\u00edficas:<\/p>\n\n\n\n<ul class=\"wp-block-list\">\n<li><strong>21\/10<\/strong>: Cristiane Sobral<\/li>\n\n\n\n<li><strong>28\/10<\/strong>: Humberto Pedrancini<\/li>\n\n\n\n<li><strong>04\/11<\/strong>: Ana Fl\u00e1via Garcia<\/li>\n\n\n\n<li><strong>11\/11<\/strong>: M\u00e1rcia Duarte<\/li>\n\n\n\n<li><strong>18\/11<\/strong>: Preto Rezende<\/li>\n\n\n\n<li><strong>25\/11<\/strong>: Mar\u00edlia Abreu<\/li>\n\n\n\n<li><strong>02\/12<\/strong>: Miltinho Alves<\/li>\n\n\n\n<li><strong>09\/12<\/strong>: Chico Sant\u2019Anna<\/li>\n<\/ul>\n\n\n\n<p><strong>Oficina e palestra exclusivas:<\/strong><br>Al\u00e9m dos epis\u00f3dios, o <strong>CONECTA TRIP\u00c9<\/strong> oferecer\u00e1 uma oficina de <strong>Gest\u00e3o Pessoal de Redes Sociais<\/strong> para artistas e agentes culturais com mais de 50 anos, ajudando-os a navegar no mundo digital. Tamb\u00e9m haver\u00e1 uma palestra com o renomado dramaturgo <strong>Fernando de Carvalho<\/strong>, abordando as possibilidades e desafios do teatro na era da internet.<\/p>\n\n\n\n<p><strong>Fique por dentro!<\/strong><br>As inscri\u00e7\u00f5es para a oficina e a palestra ser\u00e3o anunciadas em breve no Instagram do @grupotripe.<\/p>\n\n\n\n<p><strong>N\u00e3o fique de fora dessa celebra\u00e7\u00e3o! Acompanhe o Grupo Trip\u00e9 e descubra as hist\u00f3rias que moldaram e continuam a enriquecer a cena cultural do DF.<\/strong><\/p>\n\n\n\n<p>\ud83d\udd17 <strong>Conecte-se, inspire-se e compartilhe!<\/strong> Vamos juntos valorizar nossas ra\u00edzes culturais!<\/p>\n","protected":false},"excerpt":{"rendered":"<p>Foto\/divulga\u00e7\u00e3o O &#8220;Grupo Trip\u00e9&#8221; d\u00e1 in\u00edcio a uma jornada emocionante com o projeto CONECTA TRIP\u00c9, onde artistas c\u00eanicos do Distrito Federal compartilham suas hist\u00f3rias de vida e carreira!. Em oito epis\u00f3dios incr\u00edveis, voc\u00ea ser\u00e1 levado a um mergulho profundo nas experi\u00eancias de talentos que t\u00eam mais de 50 anos de trajet\u00f3ria nas artes. Sobre o [&hellip;]<\/p>\n","protected":false},"author":1441,"featured_media":8096,"comment_status":"open","ping_status":"open","sticky":false,"template":"","format":"standard","meta":{"_monsterinsights_skip_tracking":false,"_monsterinsights_sitenote_active":false,"_monsterinsights_sitenote_note":"","_monsterinsights_sitenote_category":0,"footnotes":""},"categories":[1],"tags":[],"class_list":["post-8095","post","type-post","status-publish","format-standard","has-post-thumbnail","hentry","category-sem-categoria"],"_links":{"self":[{"href":"https:\/\/cidadecult.com.br\/index.php?rest_route=\/wp\/v2\/posts\/8095","targetHints":{"allow":["GET"]}}],"collection":[{"href":"https:\/\/cidadecult.com.br\/index.php?rest_route=\/wp\/v2\/posts"}],"about":[{"href":"https:\/\/cidadecult.com.br\/index.php?rest_route=\/wp\/v2\/types\/post"}],"author":[{"embeddable":true,"href":"https:\/\/cidadecult.com.br\/index.php?rest_route=\/wp\/v2\/users\/1441"}],"replies":[{"embeddable":true,"href":"https:\/\/cidadecult.com.br\/index.php?rest_route=%2Fwp%2Fv2%2Fcomments&post=8095"}],"version-history":[{"count":1,"href":"https:\/\/cidadecult.com.br\/index.php?rest_route=\/wp\/v2\/posts\/8095\/revisions"}],"predecessor-version":[{"id":8097,"href":"https:\/\/cidadecult.com.br\/index.php?rest_route=\/wp\/v2\/posts\/8095\/revisions\/8097"}],"wp:featuredmedia":[{"embeddable":true,"href":"https:\/\/cidadecult.com.br\/index.php?rest_route=\/wp\/v2\/media\/8096"}],"wp:attachment":[{"href":"https:\/\/cidadecult.com.br\/index.php?rest_route=%2Fwp%2Fv2%2Fmedia&parent=8095"}],"wp:term":[{"taxonomy":"category","embeddable":true,"href":"https:\/\/cidadecult.com.br\/index.php?rest_route=%2Fwp%2Fv2%2Fcategories&post=8095"},{"taxonomy":"post_tag","embeddable":true,"href":"https:\/\/cidadecult.com.br\/index.php?rest_route=%2Fwp%2Fv2%2Ftags&post=8095"}],"curies":[{"name":"wp","href":"https:\/\/api.w.org\/{rel}","templated":true}]}}