{"id":8080,"date":"2024-10-04T11:25:10","date_gmt":"2024-10-04T14:25:10","guid":{"rendered":"https:\/\/cidadecult.com.br\/?p=8080"},"modified":"2024-10-04T11:27:22","modified_gmt":"2024-10-04T14:27:22","slug":"oficina-de-ilustracao-sensorial-no-ceedv-arte-e-inclusao","status":"publish","type":"post","link":"https:\/\/cidadecult.com.br\/?p=8080","title":{"rendered":"Oficina de ilustra\u00e7\u00e3o sensorial no CEEDV: arte e inclus\u00e3o!"},"content":{"rendered":"\n<p><em>Foto\/divulga\u00e7\u00e3o<\/em><\/p>\n\n\n\n<p>A iniciativa <strong>\u201cOs olhos da alma\u201d<\/strong>, idealizada pela<strong> fot\u00f3grafa<\/strong> e <strong>arte-educadora Ivone de Almeida Lopes<\/strong>, est\u00e1 com uma programa\u00e7\u00e3o imperd\u00edvel no <strong>Centro de Ensino Especial de Deficientes Visuais (CEEDV)<\/strong> at\u00e9 o dia <strong>11 de outubro de 2024<\/strong>!. Esta s\u00e9rie de <strong>oficinas gratuitas<\/strong> visa promover a <strong>acessibilidade<\/strong> e proporcionar<strong> viv\u00eancias art\u00edsticas inclusivas para todos os p\u00fablicos. <\/strong><\/p>\n\n\n\n<p><strong>Sobre a oficina<\/strong><br>Comandada pelo artista<strong> Ian Harun Nascimento<\/strong>, a <strong>Oficina de Ilustra\u00e7\u00e3o Sensorial<\/strong> oferece uma experi\u00eancia \u00fanica de cria\u00e7\u00e3o art\u00edstica, explorando a ilustra\u00e7\u00e3o como uma forma de express\u00e3o sensorial. Ian, que possui defici\u00eancia visual, destaca que a proposta envolve o uso de texturas t\u00e1teis e objetos que podem ser colados no papel, permitindo que todos possam sentir e apreciar a arte de maneira inovadora.<\/p>\n\n\n\n<p><strong>Experi\u00eancia pr\u00e1tica e criativa<br>Ser\u00e3o 10 horas de oficinas que estimulam a<\/strong> <strong>percep\u00e7\u00e3o sensorial<\/strong>, <strong>a criatividade e a intera\u00e7\u00e3o entre os participantes. <\/strong>Ian garante que as aulas ser\u00e3o pr\u00e1ticas e participativas, com foco na <strong>explora\u00e7\u00e3o sensorial <\/strong>e na <strong>discuss\u00e3o em grupo<\/strong>. Uma oportunidade incr\u00edvel para vivenciar a arte de forma inclusiva!. <\/p>\n\n\n\n<p><strong>Sobre o projeto<\/strong><br>\u201cOs olhos da alma\u201d prop\u00f5e uma reflex\u00e3o sobre como enxergamos o mundo ao nosso redor e valoriza o olhar de pessoas diversas. Como<strong> Ivone Lopes <\/strong>afirma, <strong>o projeto busca trazer essa compreens\u00e3o para o cotidiano e celebrar as experi\u00eancias \u00fanicas que cada indiv\u00edduo tem para compartilhar.<\/strong><\/p>\n\n\n\n<p><strong>Servi\u00e7o:<\/strong><\/p>\n\n\n\n<ul class=\"wp-block-list\">\n<li><strong>O qu\u00ea:<\/strong> Oficina de Ilustra\u00e7\u00e3o Sensorial<\/li>\n\n\n\n<li><strong>Quando:<\/strong> At\u00e9 11 de outubro de 2024<\/li>\n\n\n\n<li><strong>Onde:<\/strong> Centro de Ensino Especial de Deficientes Visuais (612 Sul \u2013 CEEDV)<\/li>\n\n\n\n<li><strong>Custo:<\/strong> Gratuito<\/li>\n\n\n\n<li><strong>P\u00fablico:<\/strong> Livre para todos<\/li>\n<\/ul>\n\n\n\n<p>\ud83d\udc49 <strong>N\u00e3o fique de fora!<\/strong>. Venha participar e se conectar com a arte de uma maneira \u00fanica e inclusiva. Para mais informa\u00e7\u00f5es, acesse nosso site e fique por dentro de todas as novidades. <\/p>\n","protected":false},"excerpt":{"rendered":"<p>Foto\/divulga\u00e7\u00e3o A iniciativa \u201cOs olhos da alma\u201d, idealizada pela fot\u00f3grafa e arte-educadora Ivone de Almeida Lopes, est\u00e1 com uma programa\u00e7\u00e3o imperd\u00edvel no Centro de Ensino Especial de Deficientes Visuais (CEEDV) at\u00e9 o dia 11 de outubro de 2024!. Esta s\u00e9rie de oficinas gratuitas visa promover a acessibilidade e proporcionar viv\u00eancias art\u00edsticas inclusivas para todos os [&hellip;]<\/p>\n","protected":false},"author":1441,"featured_media":8081,"comment_status":"open","ping_status":"open","sticky":false,"template":"","format":"standard","meta":{"_monsterinsights_skip_tracking":false,"_monsterinsights_sitenote_active":false,"_monsterinsights_sitenote_note":"","_monsterinsights_sitenote_category":0,"footnotes":""},"categories":[2569,17,34],"tags":[2929,403,2928],"class_list":["post-8080","post","type-post","status-publish","format-standard","has-post-thumbnail","hentry","category-arte","category-bsb","category-destaque","tag-ceedv","tag-cidadecult-2","tag-oficinadeilustracaosensorial"],"_links":{"self":[{"href":"https:\/\/cidadecult.com.br\/index.php?rest_route=\/wp\/v2\/posts\/8080","targetHints":{"allow":["GET"]}}],"collection":[{"href":"https:\/\/cidadecult.com.br\/index.php?rest_route=\/wp\/v2\/posts"}],"about":[{"href":"https:\/\/cidadecult.com.br\/index.php?rest_route=\/wp\/v2\/types\/post"}],"author":[{"embeddable":true,"href":"https:\/\/cidadecult.com.br\/index.php?rest_route=\/wp\/v2\/users\/1441"}],"replies":[{"embeddable":true,"href":"https:\/\/cidadecult.com.br\/index.php?rest_route=%2Fwp%2Fv2%2Fcomments&post=8080"}],"version-history":[{"count":1,"href":"https:\/\/cidadecult.com.br\/index.php?rest_route=\/wp\/v2\/posts\/8080\/revisions"}],"predecessor-version":[{"id":8082,"href":"https:\/\/cidadecult.com.br\/index.php?rest_route=\/wp\/v2\/posts\/8080\/revisions\/8082"}],"wp:featuredmedia":[{"embeddable":true,"href":"https:\/\/cidadecult.com.br\/index.php?rest_route=\/wp\/v2\/media\/8081"}],"wp:attachment":[{"href":"https:\/\/cidadecult.com.br\/index.php?rest_route=%2Fwp%2Fv2%2Fmedia&parent=8080"}],"wp:term":[{"taxonomy":"category","embeddable":true,"href":"https:\/\/cidadecult.com.br\/index.php?rest_route=%2Fwp%2Fv2%2Fcategories&post=8080"},{"taxonomy":"post_tag","embeddable":true,"href":"https:\/\/cidadecult.com.br\/index.php?rest_route=%2Fwp%2Fv2%2Ftags&post=8080"}],"curies":[{"name":"wp","href":"https:\/\/api.w.org\/{rel}","templated":true}]}}