{"id":7950,"date":"2024-09-27T12:53:06","date_gmt":"2024-09-27T15:53:06","guid":{"rendered":"https:\/\/cidadecult.com.br\/?p=7950"},"modified":"2024-09-27T12:53:08","modified_gmt":"2024-09-27T15:53:08","slug":"capacitacao-para-restauracao-ecologica-do-cerrado-uma-iniciativa-que-faz-diferenca","status":"publish","type":"post","link":"https:\/\/cidadecult.com.br\/?p=7950","title":{"rendered":"Capacita\u00e7\u00e3o para restaura\u00e7\u00e3o ecol\u00f3gica do Cerrado: uma iniciativa que faz diferen\u00e7a"},"content":{"rendered":"\n<p><em>Foto\/divulga\u00e7\u00e3o<\/em><\/p>\n\n\n\n<p><strong>Agentes, t\u00e9cnicos e analistas ambientais participam de forma\u00e7\u00e3o sobre esp\u00e9cies nativas para contribuir com a recupera\u00e7\u00e3o das \u00e1reas degradadas e o mapeamento de trilhas nas Unidades de Conserva\u00e7\u00e3o.<\/strong><\/p>\n\n\n\n<p><strong>O Instituto Bras\u00edlia Ambiental, em parceria com a Rede de Sementes do Cerrado (RSC), promoveu uma capacita\u00e7\u00e3o que une conhecimento e a\u00e7\u00e3o em prol do nosso bioma<\/strong>. Durante esta semana, profissionais da \u00e1rea ambiental aprenderam sobre identifica\u00e7\u00e3o, coleta e beneficiamento de sementes nativas do Cerrado, com o objetivo de restaurar ecossistemas e proteger a biodiversidade.<\/p>\n\n\n\n<p>Essa capacita\u00e7\u00e3o faz parte do projeto <strong>Reconex\u00e3o Cerrado<\/strong>, que j\u00e1 teve uma oficina de plantas medicinais aberta \u00e0 comunidade e prev\u00ea mais cursos ao longo do ano. \u201cCapacitar esses servidores \u00e9 fundamental para a prote\u00e7\u00e3o e regenera\u00e7\u00e3o das \u00e1reas degradadas nas Unidades de Conserva\u00e7\u00e3o (UCs)\u201d, destaca Webert Oliveira Ferreira, analista em pol\u00edticas p\u00fablicas do Instituto.<\/p>\n\n\n\n<p>Nos tr\u00eas dias de forma\u00e7\u00e3o, que inclu\u00edram aulas te\u00f3ricas e pr\u00e1ticas, os participantes tiveram a oportunidade de aprender diretamente com especialistas da Embrapa e realizar sa\u00eddas de campo no Monumento Natural Dom Bosco. O curso tamb\u00e9m abrangeu o tratamento de sementes no laborat\u00f3rio de Termobiologia da Universidade de Bras\u00edlia (UnB), uma parte crucial para entender o processo de restaura\u00e7\u00e3o.<\/p>\n\n\n\n<p>Marcela Versiani, superintendente de Unidades de Conserva\u00e7\u00e3o, enfatiza a import\u00e2ncia dessas capacita\u00e7\u00f5es: \u201cCom o conhecimento adquirido, podemos implementar programas de manejo mais assertivos para a recupera\u00e7\u00e3o das \u00e1reas degradadas e promover uma rela\u00e7\u00e3o mais saud\u00e1vel entre a popula\u00e7\u00e3o e o meio ambiente.\u201d<\/p>\n\n\n\n<p>A iniciativa ainda visa integrar os participantes em um grupo de trabalho focado na regenera\u00e7\u00e3o de \u00e1reas degradadas, atrav\u00e9s da semeadura direta e do mapeamento das trilhas ecol\u00f3gicas nas UCs.<\/p>\n\n\n\n<p>Em <strong>outubro<\/strong>, haver\u00e1 uma nova edi\u00e7\u00e3o do curso sobre plantas medicinais, que ser\u00e1 divulgada no<a href=\"https:\/\/www.bing.com\/ck\/a?!&amp;&amp;p=cee676ca37661c94JmltdHM9MTcyNzM5NTIwMCZpZ3VpZD0xM2Q3NzcyNi1lN2E1LTYzYzQtMTY0Yy02MzM4ZTZhNTYyY2EmaW5zaWQ9NTIwMg&amp;ptn=3&amp;ver=2&amp;hsh=3&amp;fclid=13d77726-e7a5-63c4-164c-6338e6a562ca&amp;psq=site+brasilia+ambiental&amp;u=a1aHR0cHM6Ly93d3cuaWJyYW0uZGYuZ292LmJyLw&amp;ntb=1\"> site do Bras\u00edlia Ambiental<\/a> e contar\u00e1 com vagas para a comunidade. <strong>N\u00e3o perca a chance de se envolver e aprender mais sobre as riquezas do nosso Cerrado!<\/strong><\/p>\n\n\n\n<p><strong>Vamos juntos valorizar e preservar a biodiversidade! <\/strong><\/p>\n","protected":false},"excerpt":{"rendered":"<p>Foto\/divulga\u00e7\u00e3o Agentes, t\u00e9cnicos e analistas ambientais participam de forma\u00e7\u00e3o sobre esp\u00e9cies nativas para contribuir com a recupera\u00e7\u00e3o das \u00e1reas degradadas e o mapeamento de trilhas nas Unidades de Conserva\u00e7\u00e3o. O Instituto Bras\u00edlia Ambiental, em parceria com a Rede de Sementes do Cerrado (RSC), promoveu uma capacita\u00e7\u00e3o que une conhecimento e a\u00e7\u00e3o em prol do nosso [&hellip;]<\/p>\n","protected":false},"author":1441,"featured_media":7951,"comment_status":"open","ping_status":"open","sticky":false,"template":"","format":"standard","meta":{"_monsterinsights_skip_tracking":false,"_monsterinsights_sitenote_active":false,"_monsterinsights_sitenote_note":"","_monsterinsights_sitenote_category":0,"footnotes":""},"categories":[17,34,2580],"tags":[1290,403,423,2869,2843],"class_list":["post-7950","post","type-post","status-publish","format-standard","has-post-thumbnail","hentry","category-bsb","category-destaque","category-meio-ambiente","tag-cerrado","tag-cidadecult-2","tag-cidadecultpordentro-2","tag-conservacao","tag-institutobrasiliaambiental"],"_links":{"self":[{"href":"https:\/\/cidadecult.com.br\/index.php?rest_route=\/wp\/v2\/posts\/7950","targetHints":{"allow":["GET"]}}],"collection":[{"href":"https:\/\/cidadecult.com.br\/index.php?rest_route=\/wp\/v2\/posts"}],"about":[{"href":"https:\/\/cidadecult.com.br\/index.php?rest_route=\/wp\/v2\/types\/post"}],"author":[{"embeddable":true,"href":"https:\/\/cidadecult.com.br\/index.php?rest_route=\/wp\/v2\/users\/1441"}],"replies":[{"embeddable":true,"href":"https:\/\/cidadecult.com.br\/index.php?rest_route=%2Fwp%2Fv2%2Fcomments&post=7950"}],"version-history":[{"count":1,"href":"https:\/\/cidadecult.com.br\/index.php?rest_route=\/wp\/v2\/posts\/7950\/revisions"}],"predecessor-version":[{"id":7952,"href":"https:\/\/cidadecult.com.br\/index.php?rest_route=\/wp\/v2\/posts\/7950\/revisions\/7952"}],"wp:featuredmedia":[{"embeddable":true,"href":"https:\/\/cidadecult.com.br\/index.php?rest_route=\/wp\/v2\/media\/7951"}],"wp:attachment":[{"href":"https:\/\/cidadecult.com.br\/index.php?rest_route=%2Fwp%2Fv2%2Fmedia&parent=7950"}],"wp:term":[{"taxonomy":"category","embeddable":true,"href":"https:\/\/cidadecult.com.br\/index.php?rest_route=%2Fwp%2Fv2%2Fcategories&post=7950"},{"taxonomy":"post_tag","embeddable":true,"href":"https:\/\/cidadecult.com.br\/index.php?rest_route=%2Fwp%2Fv2%2Ftags&post=7950"}],"curies":[{"name":"wp","href":"https:\/\/api.w.org\/{rel}","templated":true}]}}