{"id":7938,"date":"2024-09-27T12:05:06","date_gmt":"2024-09-27T15:05:06","guid":{"rendered":"https:\/\/cidadecult.com.br\/?p=7938"},"modified":"2024-09-27T12:11:45","modified_gmt":"2024-09-27T15:11:45","slug":"dia-mundial-do-turismo-explore-o-afroturismo-em-brasilia","status":"publish","type":"post","link":"https:\/\/cidadecult.com.br\/?p=7938","title":{"rendered":"Dia Mundial do Turismo: explore o afroturismo em Bras\u00edlia!"},"content":{"rendered":"\n<p><em>Foto: Daniel Noble<\/em><\/p>\n\n\n\n<p><strong>Amanh\u00e3, s\u00e1bado, dia 28 de setembro, a ag\u00eancia &#8220;Me leva Cerrado&#8221; convida voc\u00ea a celebrar o Dia Mundial do Turismo com uma experi\u00eancia \u00fanica no Tour Bras\u00edlia Negra!<\/strong>. <strong>Esta edi\u00e7\u00e3o especial do roteiro destaca a rica hist\u00f3ria afro-brasileira da nossa capital, revelando a contribui\u00e7\u00e3o inestim\u00e1vel da popula\u00e7\u00e3o negra na forma\u00e7\u00e3o de Bras\u00edlia.<\/strong><\/p>\n\n\n\n<h4 class=\"wp-block-heading\">In\u00edcio do passeio: 9h<\/h4>\n\n\n\n<p>O tour come\u00e7a na <strong>Pra\u00e7a Zumbi dos Palmares<\/strong> e, sob a condu\u00e7\u00e3o da guia de turismo <strong>Bianca D\u2019Aya<\/strong>, os participantes ir\u00e3o visitar locais emblem\u00e1ticos como:<\/p>\n\n\n\n<ul class=\"wp-block-list\">\n<li><strong>Museu Vivo da Mem\u00f3ria Candanga<\/strong><\/li>\n\n\n\n<li><strong>Galeria dos Estados<\/strong><\/li>\n\n\n\n<li><strong>Pra\u00e7a dos Orix\u00e1s<\/strong><\/li>\n\n\n\n<li><strong>Baob\u00e1<\/strong>, a \u00e1rvore sagrada de origem africana<\/li>\n<\/ul>\n\n\n\n<p><strong>Esta imers\u00e3o cultural trar\u00e1 \u00e0 luz narrativas afro-brasileiras muitas vezes esquecidas, celebrando personalidades negras, cultura e religiosidade afro-brasileira.<\/strong><\/p>\n\n\n\n<h4 class=\"wp-block-heading\">Evento especial<\/h4>\n\n\n\n<p>O passeio ocorre durante a <strong>51\u00aa ABAV Expo<\/strong>, que re\u00fane os principais players do mercado tur\u00edstico em Bras\u00edlia, entre os dias 26 e 28 de setembro. Ao final da experi\u00eancia, os participantes poder\u00e3o optar por serem deixados no <strong>Conic (SDS)<\/strong> ou na pr\u00f3pria <strong>ABAV Expo<\/strong>.<\/p>\n\n\n\n<h4 class=\"wp-block-heading\">Reserve j\u00e1!<\/h4>\n\n\n\n<p>O <strong>Tour Bras\u00edlia Negra <\/strong>\u00e9 uma parceria da &#8220;Me leva Cerrado&#8221; com a plataforma de <strong>afroturismo<\/strong> <strong>Guia Negro<\/strong>, refor\u00e7ando o compromisso de resgatar hist\u00f3rias que n\u00e3o est\u00e3o nos livros e oferecer uma nova perspectiva sobre nossa capital.<\/p>\n\n\n\n<p><strong>Servi\u00e7o:<\/strong><\/p>\n\n\n\n<ul class=\"wp-block-list\">\n<li><strong>Data:<\/strong> 28 de setembro<\/li>\n\n\n\n<li><strong>Hor\u00e1rio:<\/strong> 09h<\/li>\n\n\n\n<li><strong>Ponto de Encontro:<\/strong> Pra\u00e7a Zumbi dos Palmares, SDS &#8211; Asa Sul<\/li>\n\n\n\n<li><strong>Valor:<\/strong> R$ 130,00 mediante reserva no Sympla<\/li>\n<\/ul>\n\n\n\n<p><strong>Para mais informa\u00e7\u00f5es:<\/strong><br>\ud83d\udcf1 @melevacerrado<br>\ud83d\udcde (61) 99644-4383<\/p>\n\n\n\n<p><strong>N\u00e3o perca essa oportunidade de mergulhar na rica cultura afro-brasileira de Bras\u00edlia! Fa\u00e7a sua reserva e venha celebrar conosco!<\/strong> <\/p>\n","protected":false},"excerpt":{"rendered":"<p>Foto: Daniel Noble Amanh\u00e3, s\u00e1bado, dia 28 de setembro, a ag\u00eancia &#8220;Me leva Cerrado&#8221; convida voc\u00ea a celebrar o Dia Mundial do Turismo com uma experi\u00eancia \u00fanica no Tour Bras\u00edlia Negra!. Esta edi\u00e7\u00e3o especial do roteiro destaca a rica hist\u00f3ria afro-brasileira da nossa capital, revelando a contribui\u00e7\u00e3o inestim\u00e1vel da popula\u00e7\u00e3o negra na forma\u00e7\u00e3o de Bras\u00edlia. [&hellip;]<\/p>\n","protected":false},"author":1441,"featured_media":7939,"comment_status":"open","ping_status":"open","sticky":false,"template":"","format":"standard","meta":{"_monsterinsights_skip_tracking":false,"_monsterinsights_sitenote_active":false,"_monsterinsights_sitenote_note":"","_monsterinsights_sitenote_category":0,"footnotes":""},"categories":[41,17],"tags":[419,2862,2864],"class_list":["post-7938","post","type-post","status-publish","format-standard","has-post-thumbnail","hentry","category-agenda","category-bsb","tag-brasiliadf-2","tag-diamundialdoturismo","tag-sonacidadedcult"],"_links":{"self":[{"href":"https:\/\/cidadecult.com.br\/index.php?rest_route=\/wp\/v2\/posts\/7938","targetHints":{"allow":["GET"]}}],"collection":[{"href":"https:\/\/cidadecult.com.br\/index.php?rest_route=\/wp\/v2\/posts"}],"about":[{"href":"https:\/\/cidadecult.com.br\/index.php?rest_route=\/wp\/v2\/types\/post"}],"author":[{"embeddable":true,"href":"https:\/\/cidadecult.com.br\/index.php?rest_route=\/wp\/v2\/users\/1441"}],"replies":[{"embeddable":true,"href":"https:\/\/cidadecult.com.br\/index.php?rest_route=%2Fwp%2Fv2%2Fcomments&post=7938"}],"version-history":[{"count":1,"href":"https:\/\/cidadecult.com.br\/index.php?rest_route=\/wp\/v2\/posts\/7938\/revisions"}],"predecessor-version":[{"id":7940,"href":"https:\/\/cidadecult.com.br\/index.php?rest_route=\/wp\/v2\/posts\/7938\/revisions\/7940"}],"wp:featuredmedia":[{"embeddable":true,"href":"https:\/\/cidadecult.com.br\/index.php?rest_route=\/wp\/v2\/media\/7939"}],"wp:attachment":[{"href":"https:\/\/cidadecult.com.br\/index.php?rest_route=%2Fwp%2Fv2%2Fmedia&parent=7938"}],"wp:term":[{"taxonomy":"category","embeddable":true,"href":"https:\/\/cidadecult.com.br\/index.php?rest_route=%2Fwp%2Fv2%2Fcategories&post=7938"},{"taxonomy":"post_tag","embeddable":true,"href":"https:\/\/cidadecult.com.br\/index.php?rest_route=%2Fwp%2Fv2%2Ftags&post=7938"}],"curies":[{"name":"wp","href":"https:\/\/api.w.org\/{rel}","templated":true}]}}