{"id":7889,"date":"2024-09-25T11:45:07","date_gmt":"2024-09-25T14:45:07","guid":{"rendered":"https:\/\/cidadecult.com.br\/?p=7889"},"modified":"2024-09-25T11:48:17","modified_gmt":"2024-09-25T14:48:17","slug":"maktub-o-destino-da-moda-e-voce-2","status":"publish","type":"post","link":"https:\/\/cidadecult.com.br\/?p=7889","title":{"rendered":"Maktub: o destino da moda \u00e9 voc\u00ea !"},"content":{"rendered":"\n<p><em>Foto\/divulga\u00e7\u00e3o<\/em><\/p>\n\n\n\n<p>Prepare-se para uma explos\u00e3o de criatividade e cultura!. No dia <strong>26 de setembro<\/strong>, a Pra\u00e7a da B\u00edblia em Ceil\u00e2ndia se transforma em um verdadeiro palco da moda com o desfile da cole\u00e7\u00e3o &#8220;Maktub&#8221;, criada pela talentosa Rosangela Buerger. Este evento faz parte do <strong>Festival de M\u00fasica Negra<\/strong> e traz uma proposta \u00fanica que une arte, moda e consci\u00eancia social!<\/p>\n\n\n\n<p><strong>A ess\u00eancia da cole\u00e7\u00e3o<\/strong><\/p>\n\n\n\n<p>&#8220;Maktub&#8221; n\u00e3o \u00e9 apenas uma cole\u00e7\u00e3o de roupas; \u00e9 uma experi\u00eancia que reflete a fus\u00e3o entre o contempor\u00e2neo e o cl\u00e1ssico. Rosangela, com mais de 42 anos de trajet\u00f3ria na moda, destaca a import\u00e2ncia da <strong>sustentabilidade<\/strong> e da <strong>inclus\u00e3o social<\/strong> em suas pe\u00e7as. Usando t\u00e9cnicas de customiza\u00e7\u00e3o e tecidos nobres como linho e renda, a cole\u00e7\u00e3o promete looks exclusivos que falam sobre a responsabilidade no consumo e na produ\u00e7\u00e3o.<\/p>\n\n\n\n<p><strong>Graffiti e estilo<\/strong><\/p>\n\n\n\n<p>Com a interven\u00e7\u00e3o do artista Rivas, cada pe\u00e7a se transforma em uma obra de arte! As roupas trazem cores vibrantes e mensagens que dialogam com o cotidiano urbano, promovendo uma reflex\u00e3o sobre paz e esperan\u00e7a. &#8220;Maktub&#8221; \u00e9 uma ode \u00e0 criatividade, \u00e0 cultura e \u00e0 capacidade da moda de transformar realidades.<\/p>\n\n\n\n<p><strong>Workshops para todos!<\/strong><\/p>\n\n\n\n<p>E n\u00e3o para por a\u00ed! Nos dias <strong>24 e 25 de setembro<\/strong>, voc\u00ea tamb\u00e9m pode participar de workshops de customiza\u00e7\u00e3o. Aprenda a transformar roupas antigas em novas pe\u00e7as incr\u00edveis, com dicas valiosas de Rosangela e Rivas. Esses encontros s\u00e3o especialmente voltados para mulheres da comunidade, promovendo o empreendedorismo e a autoconfian\u00e7a.<\/p>\n\n\n\n<p><strong>N\u00e3o perca a programa\u00e7\u00e3o:<\/strong><\/p>\n\n\n\n<ul class=\"wp-block-list\">\n<li><strong>24\/09, \u00e0s 17h<\/strong>: Workshop de customiza\u00e7\u00e3o com Rosangela Buerger<\/li>\n\n\n\n<li><strong>25\/09, \u00e0s 17h<\/strong>: Workshop de graffiti nas roupas com Rivas<\/li>\n\n\n\n<li><strong>26\/09, \u00e0s 18h<\/strong>: Desfile da cole\u00e7\u00e3o Maktub, seguido de um pocket show com Rivas e Ravel, e DJ T\u00e2nia<\/li>\n<\/ul>\n\n\n\n<p><strong>A entrada \u00e9 gr\u00e1tis!<\/strong><\/p>\n\n\n\n<p>Venha celebrar a moda que transforma e inspira! &#8220;Maktub: O destino da moda \u00e9 voc\u00ea&#8221; \u00e9 um convite para todos se envolverem em uma jornada de estilo e consci\u00eancia. Esperamos por voc\u00ea!<\/p>\n\n\n\n<p><strong>Fique ligado e descubra mais sobre a cole\u00e7\u00e3o acessando o cat\u00e1logo eletr\u00f4nico!<\/strong>.<\/p>\n","protected":false},"excerpt":{"rendered":"<p>Foto\/divulga\u00e7\u00e3o Prepare-se para uma explos\u00e3o de criatividade e cultura!. No dia 26 de setembro, a Pra\u00e7a da B\u00edblia em Ceil\u00e2ndia se transforma em um verdadeiro palco da moda com o desfile da cole\u00e7\u00e3o &#8220;Maktub&#8221;, criada pela talentosa Rosangela Buerger. Este evento faz parte do Festival de M\u00fasica Negra e traz uma proposta \u00fanica que une [&hellip;]<\/p>\n","protected":false},"author":1441,"featured_media":7890,"comment_status":"open","ping_status":"open","sticky":false,"template":"","format":"standard","meta":{"_monsterinsights_skip_tracking":false,"_monsterinsights_sitenote_active":false,"_monsterinsights_sitenote_note":"","_monsterinsights_sitenote_category":0,"footnotes":""},"categories":[17,36,9],"tags":[2838,423,2837,441],"class_list":["post-7889","post","type-post","status-publish","format-standard","has-post-thumbnail","hentry","category-bsb","category-technology","category-fashion","tag-cidadecultnamoda","tag-cidadecultpordentro-2","tag-maktub","tag-sonacidadecult-2"],"_links":{"self":[{"href":"https:\/\/cidadecult.com.br\/index.php?rest_route=\/wp\/v2\/posts\/7889","targetHints":{"allow":["GET"]}}],"collection":[{"href":"https:\/\/cidadecult.com.br\/index.php?rest_route=\/wp\/v2\/posts"}],"about":[{"href":"https:\/\/cidadecult.com.br\/index.php?rest_route=\/wp\/v2\/types\/post"}],"author":[{"embeddable":true,"href":"https:\/\/cidadecult.com.br\/index.php?rest_route=\/wp\/v2\/users\/1441"}],"replies":[{"embeddable":true,"href":"https:\/\/cidadecult.com.br\/index.php?rest_route=%2Fwp%2Fv2%2Fcomments&post=7889"}],"version-history":[{"count":1,"href":"https:\/\/cidadecult.com.br\/index.php?rest_route=\/wp\/v2\/posts\/7889\/revisions"}],"predecessor-version":[{"id":7891,"href":"https:\/\/cidadecult.com.br\/index.php?rest_route=\/wp\/v2\/posts\/7889\/revisions\/7891"}],"wp:featuredmedia":[{"embeddable":true,"href":"https:\/\/cidadecult.com.br\/index.php?rest_route=\/wp\/v2\/media\/7890"}],"wp:attachment":[{"href":"https:\/\/cidadecult.com.br\/index.php?rest_route=%2Fwp%2Fv2%2Fmedia&parent=7889"}],"wp:term":[{"taxonomy":"category","embeddable":true,"href":"https:\/\/cidadecult.com.br\/index.php?rest_route=%2Fwp%2Fv2%2Fcategories&post=7889"},{"taxonomy":"post_tag","embeddable":true,"href":"https:\/\/cidadecult.com.br\/index.php?rest_route=%2Fwp%2Fv2%2Ftags&post=7889"}],"curies":[{"name":"wp","href":"https:\/\/api.w.org\/{rel}","templated":true}]}}