{"id":787,"date":"2023-03-29T17:53:49","date_gmt":"2023-03-29T20:53:49","guid":{"rendered":"https:\/\/cidadecult.com.br\/novo\/chorando-baixinho-lanca-ep-para-onde-vao-as-lagrimas\/"},"modified":"2023-03-29T17:53:49","modified_gmt":"2023-03-29T20:53:49","slug":"chorando-baixinho-lanca-ep-para-onde-vao-as-lagrimas","status":"publish","type":"post","link":"https:\/\/cidadecult.com.br\/?p=787","title":{"rendered":"Chorando Baixinho lan\u00e7a EP \u201cPara onde v\u00e3o as l\u00e1grimas\u201d"},"content":{"rendered":"<div>\n<div>\n<table border=\"0\" cellspacing=\"0\" cellpadding=\"0\" align=\"center\">\n<tbody>\n<tr>\n<td>\n<div>\n<table border=\"0\" width=\"100%\" cellspacing=\"0\" cellpadding=\"0\">\n<tbody>\n<tr>\n<td>\u00a0<\/td>\n<\/tr>\n<\/tbody>\n<\/table>\n<\/div>\n<\/td>\n<\/tr>\n<\/tbody>\n<\/table>\n<\/div>\n<\/div>\n<div>\n<div>\n<table border=\"0\" cellspacing=\"0\" cellpadding=\"0\" align=\"center\">\n<tbody>\n<tr>\n<td>\n<div>\n<table border=\"0\" width=\"100%\" cellspacing=\"0\" cellpadding=\"0\">\n<tbody>\n<tr>\n<td>\n<table border=\"0\" width=\"100%\" cellspacing=\"0\" cellpadding=\"0\">\n<tbody>\n<tr>\n<td align=\"left\">\n<div>\n<p>Apresenta\u00e7\u00f5es gratuitas do grupo regional de choro passar\u00e3o por pra\u00e7as p\u00fablicas do Guar\u00e1, Estrutural e da Torre de TV<\/p>\n<\/div>\n<\/td>\n<\/tr>\n<\/tbody>\n<\/table>\n<\/td>\n<\/tr>\n<\/tbody>\n<\/table>\n<\/div>\n<\/td>\n<\/tr>\n<\/tbody>\n<\/table>\n<\/div>\n<\/div>\n<div>\n<div>\n<table border=\"0\" cellspacing=\"0\" cellpadding=\"0\" align=\"center\">\n<tbody>\n<tr>\n<td>\n<div>\n<table border=\"0\" width=\"100%\" cellspacing=\"0\" cellpadding=\"0\">\n<tbody>\n<tr>\n<td>\n<table border=\"0\" width=\"100%\" cellspacing=\"0\" cellpadding=\"0\">\n<tbody>\n<tr>\n<td align=\"center\">\n<table border=\"0\" cellspacing=\"0\" cellpadding=\"0\">\n<tbody>\n<tr>\n<td><img decoding=\"async\" tabindex=\"0\" title=\"\" src=\"https:\/\/ci6.googleusercontent.com\/proxy\/XIJPpGrdzFrEFHLV9yazGeQ8CdiCWdDyKWaRI_qYq6MQ2f-fFDlbobuKCdX2ZamDppDeWfQdshN3TRoVsegGv2a5dUpNbhr2YZYfJ3lBKgOKJg87WAtAJd8RFryIwHcfhw_ACETelryAYAsAMXyGlPvbNbHZi0LYsfBxpMz2rLUlq11kdUejQZSos4la2Gm9_HXglXqs=s0-d-e1-ft#https:\/\/cseprs3.s3.amazonaws.com\/email-editor-files\/a549f5d7-1cae-4630-8596-08da39087ee7\/7e26723b-8dda-4923-8037-841465b6681e.jpeg\" alt=\"\" width=\"544\" height=\"auto\" data-bit=\"iit\" \/><\/td>\n<\/tr>\n<\/tbody>\n<\/table>\n<\/td>\n<\/tr>\n<\/tbody>\n<\/table>\n<\/td>\n<\/tr>\n<\/tbody>\n<\/table>\n<\/div>\n<\/td>\n<\/tr>\n<\/tbody>\n<\/table>\n<\/div>\n<\/div>\n<div style=\"color: #222222; font-family: Arial, Helvetica, sans-serif; font-size: small; background-image: initial; background-position: initial; background-size: initial; background-repeat: initial; background-attachment: initial; background-origin: initial; background-clip: initial; border: none; margin: 0px auto; border-radius: 0px; max-width: 600px;\">\n<div style=\"line-height: 0; font-size: 0px;\">\n<table style=\"background-image: initial; background-position: initial; background-size: initial; background-repeat: initial; background-attachment: initial; background-origin: initial; background-clip: initial; width: 600px; border-radius: 0px;\" border=\"0\" cellspacing=\"0\" cellpadding=\"0\" align=\"center\">\n<tbody>\n<tr>\n<td style=\"margin: 0px; direction: ltr; font-size: 0px; padding: 4px; text-align: center;\">\n<div style=\"text-align: left; direction: ltr; display: inline-block; vertical-align: top; width: 592px;\">\n<table border=\"0\" width=\"100%\" cellspacing=\"0\" cellpadding=\"0\">\n<tbody>\n<tr>\n<td style=\"margin: 0px; background-color: transparent; border: none; border-radius: 0px; vertical-align: top; padding: 4px;\">\n<table border=\"0\" width=\"100%\" cellspacing=\"0\" cellpadding=\"0\">\n<tbody>\n<tr>\n<td style=\"margin: 0px; font-size: 0px; padding: 0px 25px; word-break: break-word;\" align=\"left\">\n<div style=\"font-family: Arial, Helvetica, sans-serif; font-size: 12px; line-height: 20px; color: #000000;\">\n<p style=\"margin: 0px; text-align: justify;\">O grupo Chorando Baixinho d\u00e1 in\u00edcio, no s\u00e1bado (01\/04), \u00e0 divulga\u00e7\u00e3o do novo EP \u201cPara onde v\u00e3o as L\u00e1grimas\u201d. O disco traz seis faixas, sendo quatro de autoria pr\u00f3pria, e duas de renomados artistas da cena musical como Jacob do Bandolim e da banda brasiliense Natiruts. O primeiro evento ser\u00e1 realizado na Pra\u00e7a da Torre de TV, a partir das 16h.<\/p>\n<p style=\"margin: 0px; text-align: justify;\">\u00a0<\/p>\n<p style=\"margin: 0px; text-align: justify;\">O EP \u00e9 patrocinado e produzido por Alexandre Carlo, vocalista da Natiruts, e pela equipe t\u00e9cnica da banda. \u201cNos conhecemos casualmente e Alexandre ficou muito impressionado com o talento do grupo, que come\u00e7ou quando ainda \u00e9ramos adolescentes\u201d, conta Arthur Rodrigues dos Reis, mais conhecido como Caju 7 Cordas, violonista, produtor e diretor, que est\u00e1 fazendo a coordena\u00e7\u00e3o geral do projeto de divulga\u00e7\u00e3o do EP. Lu\u00eds Velozo (bandolim), de 22 anos, e Victor Cort\u00eaz (Cavaquinho), de 21 anos, completam a forma\u00e7\u00e3o do trio Chorando Baixinho.<\/p>\n<p style=\"margin: 0px; text-align: justify;\">\u00a0<\/p>\n<p style=\"margin: 0px; text-align: justify;\">Os shows circular\u00e3o por tr\u00eas regi\u00f5es administrativas do Distrito Federal e trar\u00e3o o repert\u00f3rio instrumental do disco mesclado a outros choros, que receber\u00e3o participa\u00e7\u00e3o especial da cantora Dani Ribeiro. Na sexta-feira (07\/04), a apresenta\u00e7\u00e3o ser\u00e1 na Pra\u00e7a da Bandeira, na QI 07 do Guar\u00e1, a partir das 16h. No dia 8 de abril, \u00e9 a vez da Estrutural receber o lan\u00e7amento do EP, tamb\u00e9m \u00e0s 16h, na pra\u00e7a em frente \u00e0 Administra\u00e7\u00e3o Regional da cidade.<\/p>\n<p style=\"margin: 0px; text-align: justify;\">\u00a0<\/p>\n<p style=\"margin: 0px; text-align: justify;\">\u201cQueremos despertar os mais jovens para a m\u00fasica e, especialmente, agregar novos p\u00fablicos admiradores do choro, que \u00e9 um estilo bem brasileiro e de profunda riqueza musical\u201d, destaca Caju 7 Cordas.<\/p>\n<p style=\"margin: 0px; text-align: justify;\">\u00a0<\/p>\n<p style=\"margin: 0px; text-align: justify;\">As apresenta\u00e7\u00f5es contar\u00e3o com reserva de espa\u00e7os para pessoas com mobilidade reduzida, idosos e portadores de defici\u00eancia. Recursos de libras e legendagem tamb\u00e9m far\u00e3o a acessibilidade para pessoas com defici\u00eancia auditiva.<\/p>\n<p style=\"margin: 0px; text-align: justify;\">\u00a0<\/p>\n<p style=\"margin: 0px; text-align: justify;\">Pela primeira vez, o grupo Chorando Baixinho recebe recursos do Fundo de Apoio \u00e0 Cultura e faz a divulga\u00e7\u00e3o do EP \u201cPara onde v\u00e3o as l\u00e1grimas\u201d com apoio da Secretaria de Cultura e Economia Criativa do DF.<\/p>\n<p style=\"margin: 0px; text-align: justify;\">\u00a0<\/p>\n<p style=\"margin: 0px; text-align: justify;\"><strong>HIST\u00d3RIA \u2013<\/strong>\u00a0Amigos de inf\u00e2ncia, Arthur Rodrigues dos Reis, Lu\u00eds Velozo e Victor Cort\u00eas montaram o Chorando Baixinho em 2016, quando tinham entre 14 e 16 anos. Formados pela Escola de Choro de Bras\u00edlia, na qual foram alunos bolsistas, eles possuem uma carreira expressiva apesar da pouca idade. J\u00e1 dividiram o palco com renomados artistas como Toninho Horta, Armandinho Macedo, Luciana Rabello, Ferrugem, Hamilton de Holanda, Grupo Molejo, entre outros.<\/p>\n<p style=\"margin: 0px; text-align: justify;\">\u00a0<\/p>\n<p style=\"margin: 0px; text-align: justify;\">Como integrantes da Orquestra de Cavaquinhos de Bras\u00edlia, tamb\u00e9m foram convidados para representar o Brasil no Dia Internacional do Choro, para uma turn\u00ea em tr\u00eas cidades da Alemanha. N\u00e3o puderam atender o convite por falta de recursos. Entretanto, foram selecionados para tocar para 48 embaixadores no evento do Brics, realizado no Brasil, e participaram de dezenas de apresenta\u00e7\u00f5es no Clube do Choro com casa cheia.<\/p>\n<p style=\"margin: 0px; text-align: justify;\">\u00a0<\/p>\n<p style=\"margin: 0px;\"><strong><u>SERVI\u00c7O<\/u><\/strong><\/p>\n<p style=\"margin: 0px;\"><em>Chorando Baixinho &#8211; Lan\u00e7amento do EP \u201c<\/em><strong><em>Para onde v\u00e3o as L\u00e1grimas<\/em><\/strong><em>\u201d<\/em><\/p>\n<p style=\"margin: 0px;\">Shows gratuitos, com acessibilidade para pessoas de mobilidade reduzida<\/p>\n<p style=\"margin: 0px;\">Quando: de 01 a 8 de abril. Confira a programa\u00e7\u00e3o:<\/p>\n<p style=\"margin: 0px;\">\u00a0<\/p>\n<p style=\"margin: 0px;\"><em>S\u00e1bado &#8211; 01\/04\/2023<\/em><\/p>\n<p style=\"margin: 0px;\">Local: Pra\u00e7a Central da Torre de TV<\/p>\n<p style=\"margin: 0px;\">Hor\u00e1rio: 16h<\/p>\n<p style=\"margin: 0px;\">\u00a0<\/p>\n<p style=\"margin: 0px;\"><em>Sexta-feira \u2013 07\/04\/2023<\/em><\/p>\n<p style=\"margin: 0px;\">Local: Pra\u00e7a da Bandeira &#8211; QI 07 do Guar\u00e1<\/p>\n<p style=\"margin: 0px;\">Hor\u00e1rio: 16h<\/p>\n<p style=\"margin: 0px;\">\u00a0<\/p>\n<p style=\"margin: 0px;\"><em>S\u00e1bado &#8211; 08\/04\/2023<\/em><\/p>\n<p style=\"margin: 0px;\">Local: Pra\u00e7a em frente \u00e0 administra\u00e7\u00e3o regional da Estrutural<\/p>\n<p style=\"margin: 0px;\">Hor\u00e1rio: 16h<\/p>\n<\/div>\n<\/td>\n<\/tr>\n<\/tbody>\n<\/table>\n<\/td>\n<\/tr>\n<\/tbody>\n<\/table>\n<\/div>\n<\/td>\n<\/tr>\n<\/tbody>\n<\/table>\n<\/div>\n<\/div>\n","protected":false},"excerpt":{"rendered":"<div>\n<div>\n<table border=\"0\" cellspacing=\"0\" cellpadding=\"0\" align=\"center\">\n<tbody>\n<tr>\n<td>\n<div>\n<table border=\"0\" width=\"100%\" cellspacing=\"0\" cellpadding=\"0\">\n<tbody>\n<tr>\n<td>\u00a0<\/td>\n<\/tr>\n<\/tbody>\n<\/table>\n<\/div>\n<\/td>\n<\/tr>\n<\/tbody>\n<\/table>\n<\/div>\n<\/div>\n<div>\n<div>\n<table border=\"0\" cellspacing=\"0\" cellpadding=\"0\" align=\"center\">\n<tbody>\n<tr>\n<td>\n<div>\n<table border=\"0\" width=\"100%\" cellspacing=\"0\" cellpadding=\"0\">\n<tbody>\n<tr>\n<td>\n<table border=\"0\" width=\"100%\" cellspacing=\"0\" cellpadding=\"0\">\n<tbody>\n<tr>\n<td align=\"left\">\n<div>\n<p>Apresenta\u00e7\u00f5es gratuitas do grupo regional de choro passar\u00e3o por pra\u00e7as p\u00fablicas do Guar\u00e1, Estrutural e da Torre de TV<\/p>\n<\/div>\n<\/td>\n<\/tr>\n<\/tbody>\n<\/table>\n<\/td>\n<\/tr>\n<\/tbody>\n<\/table>\n<\/div>\n<\/td>\n<\/tr>\n<\/tbody>\n<\/table>\n","protected":false},"author":3,"featured_media":0,"comment_status":"open","ping_status":"open","sticky":false,"template":"","format":"standard","meta":{"_monsterinsights_skip_tracking":false,"_monsterinsights_sitenote_active":false,"_monsterinsights_sitenote_note":"","_monsterinsights_sitenote_category":0,"footnotes":""},"categories":[34],"tags":[],"class_list":["post-787","post","type-post","status-publish","format-standard","hentry","category-destaque"],"_links":{"self":[{"href":"https:\/\/cidadecult.com.br\/index.php?rest_route=\/wp\/v2\/posts\/787","targetHints":{"allow":["GET"]}}],"collection":[{"href":"https:\/\/cidadecult.com.br\/index.php?rest_route=\/wp\/v2\/posts"}],"about":[{"href":"https:\/\/cidadecult.com.br\/index.php?rest_route=\/wp\/v2\/types\/post"}],"author":[{"embeddable":true,"href":"https:\/\/cidadecult.com.br\/index.php?rest_route=\/wp\/v2\/users\/3"}],"replies":[{"embeddable":true,"href":"https:\/\/cidadecult.com.br\/index.php?rest_route=%2Fwp%2Fv2%2Fcomments&post=787"}],"version-history":[{"count":0,"href":"https:\/\/cidadecult.com.br\/index.php?rest_route=\/wp\/v2\/posts\/787\/revisions"}],"wp:attachment":[{"href":"https:\/\/cidadecult.com.br\/index.php?rest_route=%2Fwp%2Fv2%2Fmedia&parent=787"}],"wp:term":[{"taxonomy":"category","embeddable":true,"href":"https:\/\/cidadecult.com.br\/index.php?rest_route=%2Fwp%2Fv2%2Fcategories&post=787"},{"taxonomy":"post_tag","embeddable":true,"href":"https:\/\/cidadecult.com.br\/index.php?rest_route=%2Fwp%2Fv2%2Ftags&post=787"}],"curies":[{"name":"wp","href":"https:\/\/api.w.org\/{rel}","templated":true}]}}