{"id":7842,"date":"2024-09-24T10:55:35","date_gmt":"2024-09-24T13:55:35","guid":{"rendered":"https:\/\/cidadecult.com.br\/?p=7842"},"modified":"2024-09-24T10:56:53","modified_gmt":"2024-09-24T13:56:53","slug":"lo-borges-e-beto-guedes-um-encontro-historico-em-brasilia","status":"publish","type":"post","link":"https:\/\/cidadecult.com.br\/?p=7842","title":{"rendered":"L\u00f4 Borges e Beto Guedes: um encontro hist\u00f3rico em Bras\u00edlia !"},"content":{"rendered":"\n<p><em>Foto\/divulga\u00e7\u00e3o<\/em><\/p>\n\n\n\n<p>Prepare-se para uma noite de pura magia e emo\u00e7\u00e3o!. No dia <strong>28 de setembro<\/strong>, os \u00edcones da m\u00fasica mineira, <strong>L\u00f4 Borges<\/strong> e <strong>Beto Guedes<\/strong>, chegam a Bras\u00edlia para celebrar <strong>50 anos de m\u00fasica<\/strong>, relembrando os cl\u00e1ssicos do lend\u00e1rio <strong>Clube da esquina<\/strong>. Vai ser uma oportunidade \u00fanica de reviver essa \u00e9poca de ouro que marcou a hist\u00f3ria da MPB e continua emocionando gera\u00e7\u00f5es.<\/p>\n\n\n\n<p><strong>O que esperar do show?<\/strong><br>Imagine uma noite em que as mem\u00f3rias e can\u00e7\u00f5es como <em>&#8220;Feira Moderna&#8221;<\/em>, <em>&#8220;O Sal da Terra&#8221;<\/em> e <em>&#8220;Clube da Esquina n\u00ba 2&#8221;<\/em> ecoam pelo <strong>Centro de Conven\u00e7\u00f5es Ulysses<\/strong>. Cada um desses mestres da m\u00fasica brasileira far\u00e1 sua apresenta\u00e7\u00e3o solo, mas o ponto alto da noite ser\u00e1 quando ambos subirem ao palco juntos, criando um momento que, sem d\u00favida, ficar\u00e1 na mem\u00f3ria de todos presentes. Um verdadeiro presente para os f\u00e3s de MPB!<\/p>\n\n\n\n<p><strong>Por que voc\u00ea n\u00e3o pode perder?<\/strong><br>O <strong>Clube da Esquina<\/strong> foi mais que um movimento musical, foi um marco cultural. E, 50 anos depois, essa hist\u00f3ria ser\u00e1 celebrada com todo o carinho e maestria de L\u00f4 Borges e Beto Guedes, que, al\u00e9m de grandes m\u00fasicos, s\u00e3o parte dessa revolu\u00e7\u00e3o sonora que colocou Minas Gerais no mapa da m\u00fasica mundial.<\/p>\n\n\n\n<p><strong>Garanta seu lugar nesse encontro!<\/strong><br>Os ingressos est\u00e3o dispon\u00edveis e voc\u00ea n\u00e3o vai querer ficar de fora dessa experi\u00eancia \u00fanica. Acesse a <strong>Bilheteria Digital<\/strong> e escolha seu assento. Os valores variam entre R$ 90,00 e R$ 1.400,00. N\u00e3o deixe para depois!<\/p>\n\n\n\n<p><strong>Servi\u00e7o<\/strong><br>\ud83d\uddd3 <strong>Data<\/strong>: 28 de setembro (s\u00e1bado)<br>\u23f0 <strong>Hor\u00e1rio<\/strong>: 21h30<br>\ud83d\udccd <strong>Local<\/strong>: Centro de Conven\u00e7\u00f5es Ulysses \u2013 Audit\u00f3rio M\u00e1ster<br>\ud83c\udf9f <strong>Ingressos<\/strong>: <a href=\"https:\/\/www.bilheteriadigital.com\/ohartes\">Bilheteria Digital<\/a><br>\ud83d\udd1e <strong>Classifica\u00e7\u00e3o<\/strong>: 14 anos<\/p>\n","protected":false},"excerpt":{"rendered":"<p>Foto\/divulga\u00e7\u00e3o Prepare-se para uma noite de pura magia e emo\u00e7\u00e3o!. No dia 28 de setembro, os \u00edcones da m\u00fasica mineira, L\u00f4 Borges e Beto Guedes, chegam a Bras\u00edlia para celebrar 50 anos de m\u00fasica, relembrando os cl\u00e1ssicos do lend\u00e1rio Clube da esquina. Vai ser uma oportunidade \u00fanica de reviver essa \u00e9poca de ouro que marcou [&hellip;]<\/p>\n","protected":false},"author":1441,"featured_media":7843,"comment_status":"open","ping_status":"open","sticky":false,"template":"","format":"standard","meta":{"_monsterinsights_skip_tracking":false,"_monsterinsights_sitenote_active":false,"_monsterinsights_sitenote_note":"","_monsterinsights_sitenote_category":0,"footnotes":""},"categories":[17,35],"tags":[596,2410,419,2418,777,2409,441],"class_list":["post-7842","post","type-post","status-publish","format-standard","has-post-thumbnail","hentry","category-bsb","category-business-news365","tag-agenda","tag-betoguedes","tag-brasiliadf-2","tag-cidadecultpordentro-6","tag-evento","tag-loborges","tag-sonacidadecult-2"],"_links":{"self":[{"href":"https:\/\/cidadecult.com.br\/index.php?rest_route=\/wp\/v2\/posts\/7842","targetHints":{"allow":["GET"]}}],"collection":[{"href":"https:\/\/cidadecult.com.br\/index.php?rest_route=\/wp\/v2\/posts"}],"about":[{"href":"https:\/\/cidadecult.com.br\/index.php?rest_route=\/wp\/v2\/types\/post"}],"author":[{"embeddable":true,"href":"https:\/\/cidadecult.com.br\/index.php?rest_route=\/wp\/v2\/users\/1441"}],"replies":[{"embeddable":true,"href":"https:\/\/cidadecult.com.br\/index.php?rest_route=%2Fwp%2Fv2%2Fcomments&post=7842"}],"version-history":[{"count":1,"href":"https:\/\/cidadecult.com.br\/index.php?rest_route=\/wp\/v2\/posts\/7842\/revisions"}],"predecessor-version":[{"id":7844,"href":"https:\/\/cidadecult.com.br\/index.php?rest_route=\/wp\/v2\/posts\/7842\/revisions\/7844"}],"wp:featuredmedia":[{"embeddable":true,"href":"https:\/\/cidadecult.com.br\/index.php?rest_route=\/wp\/v2\/media\/7843"}],"wp:attachment":[{"href":"https:\/\/cidadecult.com.br\/index.php?rest_route=%2Fwp%2Fv2%2Fmedia&parent=7842"}],"wp:term":[{"taxonomy":"category","embeddable":true,"href":"https:\/\/cidadecult.com.br\/index.php?rest_route=%2Fwp%2Fv2%2Fcategories&post=7842"},{"taxonomy":"post_tag","embeddable":true,"href":"https:\/\/cidadecult.com.br\/index.php?rest_route=%2Fwp%2Fv2%2Ftags&post=7842"}],"curies":[{"name":"wp","href":"https:\/\/api.w.org\/{rel}","templated":true}]}}