{"id":780,"date":"2023-03-29T11:51:38","date_gmt":"2023-03-29T14:51:38","guid":{"rendered":"https:\/\/cidadecult.com.br\/novo\/oficinas-de-musica-resgatam-cidadania-de-pessoas-com-problemas-mentais\/"},"modified":"2023-03-29T11:51:38","modified_gmt":"2023-03-29T14:51:38","slug":"oficinas-de-musica-resgatam-cidadania-de-pessoas-com-problemas-mentais","status":"publish","type":"post","link":"https:\/\/cidadecult.com.br\/?p=780","title":{"rendered":"Oficinas de m\u00fasica resgatam cidadania de pessoas com problemas mentais"},"content":{"rendered":"<header style=\"box-sizing: border-box; margin: 0px auto 3em; padding: 0px; border-width: 0px 0px 2px; border-image: initial; font-variant-numeric: inherit; font-variant-east-asian: inherit; font-variant-alternates: inherit; font-stretch: inherit; font-size: 18px; line-height: inherit; font-optical-sizing: inherit; font-kerning: inherit; font-feature-settings: inherit; font-variation-settings: inherit; vertical-align: baseline; font-family: Regular, sans-serif; max-width: 980px; color: #000000; border-color: initial initial #999999 initial; border-style: initial initial solid initial;\">\n<h1>Artesanato, bazar, e companhia de teatro completam as atividades oferecidas aos pacientes do Caps do Parano\u00e1<\/h1>\n<p>Ag\u00eancia Bras\u00edlia* | Edi\u00e7\u00e3o: Chico Neto<\/p>\n<div class=\"row\" style=\"box-sizing: border-box; margin: 2em 0px; padding: 0px; border: 0px; font-style: inherit; font-variant: inherit; font-weight: inherit; font-stretch: inherit; font-size: inherit; line-height: inherit; font-optical-sizing: inherit; font-kerning: inherit; font-feature-settings: inherit; font-variation-settings: inherit; vertical-align: baseline;\">\n<div class=\"col\" style=\"box-sizing: border-box; margin: 0px; padding: 0px; border: 0px; font-style: inherit; font-variant: inherit; font-weight: inherit; font-stretch: inherit; font-size: inherit; line-height: inherit; font-optical-sizing: inherit; font-kerning: inherit; font-feature-settings: inherit; font-variation-settings: inherit; vertical-align: baseline; float: left; width: 637px;\">\n<ul class=\"cats\" style=\"box-sizing: border-box; margin: 0px; padding: 0px; border: 0px; font-style: inherit; font-variant: inherit; font-weight: inherit; font-stretch: inherit; font-size: inherit; line-height: inherit; font-optical-sizing: inherit; font-kerning: inherit; font-feature-settings: inherit; font-variation-settings: inherit; vertical-align: baseline; list-style: none;\">\n<li style=\"box-sizing: border-box; margin: 0px 0px 0.2em; padding: 0px; border: 0px; font-style: inherit; font-variant: inherit; font-weight: inherit; font-stretch: inherit; font-size: inherit; line-height: inherit; font-optical-sizing: inherit; font-kerning: inherit; font-feature-settings: inherit; font-variation-settings: inherit; vertical-align: middle; display: inline-block;\"><a style=\"box-sizing: border-box; margin: 0px; padding: 0.4em 0.6em; border: 1px solid #006bb5; font-style: inherit; font-variant: inherit; font-weight: inherit; font-stretch: inherit; font-size: 0.8em; line-height: inherit; font-optical-sizing: inherit; font-kerning: inherit; font-feature-settings: inherit; font-variation-settings: inherit; vertical-align: baseline; transition: all 0.1s ease-in-out 0s; display: block; color: #006bb5; text-transform: uppercase;\" href=\"https:\/\/www.agenciabrasilia.df.gov.br\/categoria\/app\">APP<\/a><\/li>\n<p>\u00a0<\/p>\n<li style=\"box-sizing: border-box; margin: 0px 0px 0.2em; padding: 0px; border: 0px; font-style: inherit; font-variant: inherit; font-weight: inherit; font-stretch: inherit; font-size: inherit; line-height: inherit; font-optical-sizing: inherit; font-kerning: inherit; font-feature-settings: inherit; font-variation-settings: inherit; vertical-align: middle; display: inline-block;\"><a style=\"box-sizing: border-box; margin: 0px; padding: 0.4em 0.6em; border: 1px solid #006bb5; font-style: inherit; font-variant: inherit; font-weight: inherit; font-stretch: inherit; font-size: 0.8em; line-height: inherit; font-optical-sizing: inherit; font-kerning: inherit; font-feature-settings: inherit; font-variation-settings: inherit; vertical-align: baseline; transition: all 0.1s ease-in-out 0s; display: block; color: #006bb5; text-transform: uppercase;\" href=\"https:\/\/www.agenciabrasilia.df.gov.br\/categoria\/gdf\">GDF<\/a><\/li>\n<p>\u00a0<\/p>\n<li style=\"box-sizing: border-box; margin: 0px 0px 0.2em; padding: 0px; border: 0px; font-style: inherit; font-variant: inherit; font-weight: inherit; font-stretch: inherit; font-size: inherit; line-height: inherit; font-optical-sizing: inherit; font-kerning: inherit; font-feature-settings: inherit; font-variation-settings: inherit; vertical-align: middle; display: inline-block;\"><a style=\"box-sizing: border-box; margin: 0px; padding: 0.4em 0.6em; border: 1px solid #006bb5; font-style: inherit; font-variant: inherit; font-weight: inherit; font-stretch: inherit; font-size: 0.8em; line-height: inherit; font-optical-sizing: inherit; font-kerning: inherit; font-feature-settings: inherit; font-variation-settings: inherit; vertical-align: baseline; transition: all 0.1s ease-in-out 0s; display: block; color: #006bb5; text-transform: uppercase;\" href=\"https:\/\/www.agenciabrasilia.df.gov.br\/categoria\/saude\">SA\u00daDE<\/a><\/li>\n<\/ul>\n<\/div>\n<div class=\"col -social social-share\" style=\"box-sizing: border-box; margin: 0px; padding: 0px; border: 0px; font-style: inherit; font-variant: inherit; font-weight: inherit; font-stretch: inherit; font-size: 0.9em; line-height: inherit; font-optical-sizing: inherit; font-kerning: inherit; font-feature-settings: inherit; font-variation-settings: inherit; vertical-align: baseline; display: inline-block; text-align: right; float: right; width: 343px;\"><a class=\"-facebook\" style=\"box-sizing: border-box; margin: 0px 0.4em 0px 0px; padding: 0.5em 0.4em 0.4em; border: 0px; font-style: inherit; font-variant: inherit; font-weight: inherit; font-stretch: inherit; font-size: inherit; line-height: inherit; font-optical-sizing: inherit; font-kerning: inherit; font-feature-settings: inherit; font-variation-settings: inherit; vertical-align: middle; transition: all 0.1s ease-in-out 0s; display: inline-block; border-radius: 4px; color: #3b5998;\" href=\"http:\/\/www.facebook.com\/sharer.php?u=https:\/\/www.agenciabrasilia.df.gov.br\/2023\/02\/05\/oficinas-de-musica-resgatam-cidadania-de-pessoas-com-problemas-mentais\/\" target=\"_blank\" rel=\"noopener noreferrer\">\u00a0Facebook<\/a><a class=\"-whatsapp\" style=\"box-sizing: border-box; margin: 0px 0.4em 0px 0px; padding: 0.5em 0.4em 0.4em; border: 0px; font-style: inherit; font-variant: inherit; font-weight: inherit; font-stretch: inherit; font-size: inherit; line-height: inherit; font-optical-sizing: inherit; font-kerning: inherit; font-feature-settings: inherit; font-variation-settings: inherit; vertical-align: middle; transition: all 0.1s ease-in-out 0s; display: inline-block; border-radius: 4px; color: #43d854;\" href=\"https:\/\/api.whatsapp.com\/send?text=https:\/\/www.agenciabrasilia.df.gov.br\/2023\/02\/05\/oficinas-de-musica-resgatam-cidadania-de-pessoas-com-problemas-mentais\/\" target=\"_blank\" rel=\"noopener noreferrer\">\u00a0Encaminhar<\/a><\/div>\n<\/div>\n<\/header>\n<article class=\"post\" style=\"box-sizing: border-box; margin: 0px auto; padding: 0px; border: 0px; font-variant-numeric: inherit; font-variant-east-asian: inherit; font-variant-alternates: inherit; font-stretch: inherit; font-size: 18px; line-height: inherit; font-optical-sizing: inherit; font-kerning: inherit; font-feature-settings: inherit; font-variation-settings: inherit; vertical-align: baseline; font-family: Regular, sans-serif; width: 660px; color: #000000;\">\n<p style=\"box-sizing: border-box; margin: 0px 0px 1.1em; padding: 0px; border: 0px; font-style: inherit; font-variant: inherit; font-stretch: inherit; line-height: 2; font-optical-sizing: inherit; font-kerning: inherit; font-feature-settings: inherit; font-variation-settings: inherit; vertical-align: baseline;\"><span style=\"box-sizing: border-box; margin: 0px; padding: 0px; border: 0px; font-style: inherit; font-variant: inherit; font-stretch: inherit; font-size: inherit; line-height: inherit; font-optical-sizing: inherit; font-kerning: inherit; font-feature-settings: inherit; font-variation-settings: inherit; vertical-align: baseline;\">Eles chegam \u00e0s portas do Centro de Aten\u00e7\u00e3o Psicossocial (Caps) de diferentes formas e carregando um mundo. H\u00e1 quem relate ter ido sozinho, com familiares ou indicado por um profissional de sa\u00fade. Os motivos tamb\u00e9m s\u00e3o diversos. O Caps se divide em unidades que oferecem servi\u00e7os comunit\u00e1rios voltados ao atendimento de pessoas com sofrimento ps\u00edquico ou transtorno mental. Em 2022, 178.988 pessoas foram atendidas nas institui\u00e7\u00f5es.<\/span><\/p>\n<figure id=\"attachment_472079\" class=\"wp-caption alignnone\" style=\"box-sizing: border-box; margin: 0px 0px 1.6em; padding: 0px; border: 0px; font-style: inherit; font-variant: inherit; font-weight: inherit; font-stretch: inherit; font-size: inherit; line-height: inherit; font-optical-sizing: inherit; font-kerning: inherit; font-feature-settings: inherit; font-variation-settings: inherit; vertical-align: baseline; width: 1920px; max-width: 100%;\"><img loading=\"lazy\" decoding=\"async\" class=\"size-full wp-image-472079\" style=\"box-sizing: border-box; height: auto; max-width: 100%; margin: 0px 0px 0.3em; padding: 0px; border: 0px; font-style: inherit; font-variant: inherit; font-weight: inherit; font-stretch: inherit; font-size: inherit; line-height: inherit; font-optical-sizing: inherit; font-kerning: inherit; font-feature-settings: inherit; font-variation-settings: inherit; vertical-align: baseline;\" src=\"http:\/\/agenciabrasilia.df.gov.br\/wp-conteudo\/uploads\/2023\/02\/2.2.-Caps-Paranoa.-Foto-Divulgacao-Agencia-Saude-Darlly-Ferreira9.jpg\" sizes=\"auto, (max-width: 1920px) 100vw, 1920px\" srcset=\"https:\/\/www.agenciabrasilia.df.gov.br\/wp-conteudo\/uploads\/2023\/02\/2.2.-Caps-Paranoa.-Foto-Divulgacao-Agencia-Saude-Darlly-Ferreira9.jpg 1920w, https:\/\/www.agenciabrasilia.df.gov.br\/wp-conteudo\/uploads\/2023\/02\/2.2.-Caps-Paranoa.-Foto-Divulgacao-Agencia-Saude-Darlly-Ferreira9-300x195.jpg 300w, https:\/\/www.agenciabrasilia.df.gov.br\/wp-conteudo\/uploads\/2023\/02\/2.2.-Caps-Paranoa.-Foto-Divulgacao-Agencia-Saude-Darlly-Ferreira9-1024x667.jpg 1024w, https:\/\/www.agenciabrasilia.df.gov.br\/wp-conteudo\/uploads\/2023\/02\/2.2.-Caps-Paranoa.-Foto-Divulgacao-Agencia-Saude-Darlly-Ferreira9-768x500.jpg 768w, https:\/\/www.agenciabrasilia.df.gov.br\/wp-conteudo\/uploads\/2023\/02\/2.2.-Caps-Paranoa.-Foto-Divulgacao-Agencia-Saude-Darlly-Ferreira9-1536x1000.jpg 1536w\" alt=\"\" width=\"1920\" height=\"1250\" \/><figcaption id=\"caption-attachment-472079\" class=\"wp-caption-text\" style=\"box-sizing: border-box; margin: 5px 0px 0px; padding: 0px; border: 0px; font-style: inherit; font-variant: inherit; font-weight: inherit; font-stretch: inherit; font-size: 0.9em; line-height: 1.2; font-optical-sizing: inherit; font-kerning: inherit; font-feature-settings: inherit; font-variation-settings: inherit; vertical-align: baseline; color: #666666;\">Maria do Ros\u00e1rio dos Santos participa da oficina de percuss\u00e3o: \u201cQuando cheguei, n\u00e3o andava de \u00f4nibus, tinha medo de tudo\u201d | Fotos: Ag\u00eancia Sa\u00fade<\/figcaption><\/figure>\n<p style=\"box-sizing: border-box; margin: 0px 0px 1.1em; padding: 0px; border: 0px; font-style: inherit; font-variant: inherit; font-stretch: inherit; line-height: 2; font-optical-sizing: inherit; font-kerning: inherit; font-feature-settings: inherit; font-variation-settings: inherit; vertical-align: baseline;\"><span style=\"box-sizing: border-box; margin: 0px; padding: 0px; border: 0px; font-style: inherit; font-variant: inherit; font-stretch: inherit; font-size: inherit; line-height: inherit; font-optical-sizing: inherit; font-kerning: inherit; font-feature-settings: inherit; font-variation-settings: inherit; vertical-align: baseline;\">As oficinas desenvolvidas nesses ambientes s\u00e3o essenciais. \u201cS\u00e3o o resgate da cidadania, da autoestima e da independ\u00eancia e o que mais contribui para a resposta ao tratamento\u201d, afirma a diretora de Sa\u00fade Mental da Secretaria de Sa\u00fade (SES), Vanessa Soublin. Por esta raz\u00e3o, as equipes multiprofissionais apostam em diversas formas de acolhimento e de desenvolvimento com os usu\u00e1rios.<\/span><\/p>\n<p style=\"box-sizing: border-box; margin: 0px 0px 1.1em; padding: 0px; border: 0px; font-style: inherit; font-variant: inherit; font-stretch: inherit; line-height: 2; font-optical-sizing: inherit; font-kerning: inherit; font-feature-settings: inherit; font-variation-settings: inherit; vertical-align: baseline;\"><span style=\"box-sizing: border-box; margin: 0px; padding: 0px; border: 0px; font-style: inherit; font-variant: inherit; font-stretch: inherit; font-size: inherit; line-height: inherit; font-optical-sizing: inherit; font-kerning: inherit; font-feature-settings: inherit; font-variation-settings: inherit; vertical-align: baseline;\">O Caps II Dra. Juliana Garcia Pacheco, no Parano\u00e1, oferece grupos e oficinas de teatro, m\u00fasica, artesanato e bazar. As atividades t\u00eam o objetivo de promover a autonomia dos cidad\u00e3os atendidos \u2013 em 2022, foram 12.202.\u00a0<\/span><span style=\"box-sizing: border-box; margin: 0px; padding: 0px; border: 0px; font-style: inherit; font-variant: inherit; font-stretch: inherit; font-size: inherit; line-height: inherit; font-optical-sizing: inherit; font-kerning: inherit; font-feature-settings: inherit; font-variation-settings: inherit; vertical-align: baseline;\">A Ag\u00eancia Sa\u00fade conversou com pessoas que apresentam hist\u00f3rico de depress\u00e3o, esquizofrenia, tentativa de suic\u00eddio, ansiedade, bipolaridade entre outros. Para preservar a identidade dos pacientes e compromisso m\u00e9dico, n\u00e3o ser\u00e3o identificados os motivos que cada uma teve para buscar o apoio do Caps.<\/span><\/p>\n<figure id=\"attachment_472077\" class=\"wp-caption alignleft\" style=\"box-sizing: border-box; margin: 0px 0px 1.6em; padding: 0px; border: 0px; font-style: inherit; font-variant: inherit; font-weight: inherit; font-stretch: inherit; font-size: inherit; line-height: inherit; font-optical-sizing: inherit; font-kerning: inherit; font-feature-settings: inherit; font-variation-settings: inherit; vertical-align: baseline; width: 487px; float: left; max-width: 100%;\"><img loading=\"lazy\" decoding=\"async\" class=\"wp-image-472077\" style=\"box-sizing: border-box; height: auto; max-width: 100%; margin: 0px 0px 0.3em; padding: 0px; border: 0px; font-style: inherit; font-variant: inherit; font-weight: inherit; font-stretch: inherit; font-size: inherit; line-height: inherit; font-optical-sizing: inherit; font-kerning: inherit; font-feature-settings: inherit; font-variation-settings: inherit; vertical-align: baseline;\" src=\"http:\/\/agenciabrasilia.df.gov.br\/wp-conteudo\/uploads\/2023\/02\/2.2.-Oficinas-do-Caps.-MARTA-SOUSA-.jpg\" sizes=\"auto, (max-width: 487px) 100vw, 487px\" srcset=\"https:\/\/www.agenciabrasilia.df.gov.br\/wp-conteudo\/uploads\/2023\/02\/2.2.-Oficinas-do-Caps.-MARTA-SOUSA-.jpg 1895w, https:\/\/www.agenciabrasilia.df.gov.br\/wp-conteudo\/uploads\/2023\/02\/2.2.-Oficinas-do-Caps.-MARTA-SOUSA--300x203.jpg 300w, https:\/\/www.agenciabrasilia.df.gov.br\/wp-conteudo\/uploads\/2023\/02\/2.2.-Oficinas-do-Caps.-MARTA-SOUSA--1024x692.jpg 1024w, https:\/\/www.agenciabrasilia.df.gov.br\/wp-conteudo\/uploads\/2023\/02\/2.2.-Oficinas-do-Caps.-MARTA-SOUSA--768x519.jpg 768w, https:\/\/www.agenciabrasilia.df.gov.br\/wp-conteudo\/uploads\/2023\/02\/2.2.-Oficinas-do-Caps.-MARTA-SOUSA--1536x1038.jpg 1536w\" alt=\"\" width=\"487\" height=\"329\" \/><figcaption id=\"caption-attachment-472077\" class=\"wp-caption-text\" style=\"box-sizing: border-box; margin: 5px 0px 0px; padding: 0px; border: 0px; font-style: inherit; font-variant: inherit; font-weight: inherit; font-stretch: inherit; font-size: 0.9em; line-height: 1.2; font-optical-sizing: inherit; font-kerning: inherit; font-feature-settings: inherit; font-variation-settings: inherit; vertical-align: baseline; color: #666666;\">Marta Sousa, familiarizada\u00a0 com agulhas e linhas h\u00e1 quatro d\u00e9cadas: \u201cFa\u00e7o isso de olhos fechados\u201d<\/figcaption><\/figure>\n<p style=\"box-sizing: border-box; margin: 0px 0px 1.1em; padding: 0px; border: 0px; font-style: inherit; font-variant: inherit; font-stretch: inherit; line-height: 2; font-optical-sizing: inherit; font-kerning: inherit; font-feature-settings: inherit; font-variation-settings: inherit; vertical-align: baseline;\"><span style=\"box-sizing: border-box; margin: 0px; padding: 0px; border: 0px; font-style: inherit; font-variant: inherit; font-weight: bold; font-stretch: inherit; font-size: inherit; line-height: inherit; font-optical-sizing: inherit; font-kerning: inherit; font-feature-settings: inherit; font-variation-settings: inherit; vertical-align: baseline;\">Artesanato<\/span><\/p>\n<p style=\"box-sizing: border-box; margin: 0px 0px 1.1em; padding: 0px; border: 0px; font-style: inherit; font-variant: inherit; font-stretch: inherit; line-height: 2; font-optical-sizing: inherit; font-kerning: inherit; font-feature-settings: inherit; font-variation-settings: inherit; vertical-align: baseline;\">A linha e a agulha parecem dan\u00e7ar nos dedos de Marta Sousa, 47 anos. H\u00e1 pelo menos 40 anos ela costura. \u201cFa\u00e7o isso de olhos fechados\u201d, conta. \u201cEu fiz um dos vestidos da Via Sacra e at\u00e9 roupa de noiva\u201d. O conhecimento para trabalhar com as pe\u00e7as veio muito antes de qualquer diagn\u00f3stico.<\/p>\n<p style=\"box-sizing: border-box; margin: 0px 0px 1.1em; padding: 0px; border: 0px; font-style: inherit; font-variant: inherit; font-stretch: inherit; line-height: 2; font-optical-sizing: inherit; font-kerning: inherit; font-feature-settings: inherit; font-variation-settings: inherit; vertical-align: baseline;\"><span style=\"box-sizing: border-box; margin: 0px; padding: 0px; border: 0px; font-style: inherit; font-variant: inherit; font-stretch: inherit; font-size: inherit; line-height: inherit; font-optical-sizing: inherit; font-kerning: inherit; font-feature-settings: inherit; font-variation-settings: inherit; vertical-align: baseline;\">Marta revela que trabalhou para grifes brasilienses, mas atualmente fica em casa durante a maior parte dos dias. A oficina da qual ela participa com assiduidade ocorre \u00e0s ter\u00e7as-feiras no per\u00edodo vespertino. \u201cEu gosto de ficar aqui conversando; nem sempre a fam\u00edlia tem tempo para a gente\u201d, comenta. O objetivo do grupo \u00e9 estimular a paci\u00eancia e a socializa\u00e7\u00e3o.<\/span><\/p>\n<p style=\"box-sizing: border-box; margin: 0px 0px 1.1em; padding: 0px; border: 0px; font-style: inherit; font-variant: inherit; font-stretch: inherit; line-height: 2; font-optical-sizing: inherit; font-kerning: inherit; font-feature-settings: inherit; font-variation-settings: inherit; vertical-align: baseline;\"><span style=\"box-sizing: border-box; margin: 0px; padding: 0px; border: 0px; font-style: inherit; font-variant: inherit; font-stretch: inherit; font-size: inherit; line-height: inherit; font-optical-sizing: inherit; font-kerning: inherit; font-feature-settings: inherit; font-variation-settings: inherit; vertical-align: baseline;\">\u201cA prioridade aqui \u00e9 ser feliz\u201d, explica a assistente social Nadja Coe, que \u00e9 a coordenadora do projeto. \u00c9 um espa\u00e7o em que a pessoa se concentra na pe\u00e7a que est\u00e1 costurando e vai conversando com os outros. A profissional explica que as pe\u00e7as a longo prazo poder\u00e3o ser vendidas para gerar renda aos artes\u00e3os, mas no momento n\u00e3o \u00e9 esse o objetivo do grupo. Interessados em ajudar podem doar linhas, agulhas, tecidos.<\/span><\/p>\n<p style=\"box-sizing: border-box; margin: 0px 0px 1.1em; padding: 0px; border: 0px; font-style: inherit; font-variant: inherit; font-stretch: inherit; line-height: 2; font-optical-sizing: inherit; font-kerning: inherit; font-feature-settings: inherit; font-variation-settings: inherit; vertical-align: baseline;\"><span style=\"box-sizing: border-box; margin: 0px; padding: 0px; border: 0px; font-style: inherit; font-variant: inherit; font-stretch: inherit; font-size: inherit; line-height: inherit; font-optical-sizing: inherit; font-kerning: inherit; font-feature-settings: inherit; font-variation-settings: inherit; vertical-align: baseline;\">\u201c\u00c0s vezes a pessoa se empolga para come\u00e7ar a costurar, compra um monte de coisas e depois n\u00e3o sabe o que fazer com o material\u201d. Outra forma de doa\u00e7\u00e3o pode ser com o tempo, ensinando t\u00e9cnicas de artesanato. Quem tiver interesse deve entrar em contato com o Caps pelo telefone (61) 99103-7790.<\/span><\/p>\n<p style=\"box-sizing: border-box; margin: 0px 0px 1.1em; padding: 0px; border: 0px; font-style: inherit; font-variant: inherit; font-stretch: inherit; line-height: 2; font-optical-sizing: inherit; font-kerning: inherit; font-feature-settings: inherit; font-variation-settings: inherit; vertical-align: baseline;\"><span style=\"box-sizing: border-box; margin: 0px; padding: 0px; border: 0px; font-style: inherit; font-variant: inherit; font-weight: bold; font-stretch: inherit; font-size: inherit; line-height: inherit; font-optical-sizing: inherit; font-kerning: inherit; font-feature-settings: inherit; font-variation-settings: inherit; vertical-align: baseline;\">Bazar<\/span><\/p>\n<figure id=\"attachment_472078\" class=\"wp-caption alignright\" style=\"box-sizing: border-box; margin: 0px 0px 1.6em; padding: 0px; border: 0px; font-style: inherit; font-variant: inherit; font-weight: inherit; font-stretch: inherit; font-size: inherit; line-height: inherit; font-optical-sizing: inherit; font-kerning: inherit; font-feature-settings: inherit; font-variation-settings: inherit; vertical-align: baseline; width: 516px; float: right; max-width: 100%;\"><img loading=\"lazy\" decoding=\"async\" class=\" wp-image-472078\" style=\"box-sizing: border-box; height: auto; max-width: 100%; margin: 0px 0px 0.3em; padding: 0px; border: 0px; font-style: inherit; font-variant: inherit; font-weight: inherit; font-stretch: inherit; font-size: inherit; line-height: inherit; font-optical-sizing: inherit; font-kerning: inherit; font-feature-settings: inherit; font-variation-settings: inherit; vertical-align: baseline;\" src=\"http:\/\/agenciabrasilia.df.gov.br\/wp-conteudo\/uploads\/2023\/02\/2.2.-Caps-Paranoa.-Foto-Divulgacao-Agencia-SaudeRejane-Ramos.jpg\" sizes=\"auto, (max-width: 516px) 100vw, 516px\" srcset=\"https:\/\/www.agenciabrasilia.df.gov.br\/wp-conteudo\/uploads\/2023\/02\/2.2.-Caps-Paranoa.-Foto-Divulgacao-Agencia-SaudeRejane-Ramos.jpg 1867w, https:\/\/www.agenciabrasilia.df.gov.br\/wp-conteudo\/uploads\/2023\/02\/2.2.-Caps-Paranoa.-Foto-Divulgacao-Agencia-SaudeRejane-Ramos-300x206.jpg 300w, https:\/\/www.agenciabrasilia.df.gov.br\/wp-conteudo\/uploads\/2023\/02\/2.2.-Caps-Paranoa.-Foto-Divulgacao-Agencia-SaudeRejane-Ramos-1024x702.jpg 1024w, https:\/\/www.agenciabrasilia.df.gov.br\/wp-conteudo\/uploads\/2023\/02\/2.2.-Caps-Paranoa.-Foto-Divulgacao-Agencia-SaudeRejane-Ramos-768x527.jpg 768w, https:\/\/www.agenciabrasilia.df.gov.br\/wp-conteudo\/uploads\/2023\/02\/2.2.-Caps-Paranoa.-Foto-Divulgacao-Agencia-SaudeRejane-Ramos-1536x1053.jpg 1536w\" alt=\"\" width=\"516\" height=\"354\" \/><figcaption id=\"caption-attachment-472078\" class=\"wp-caption-text\" style=\"box-sizing: border-box; margin: 5px 0px 0px; padding: 0px; border: 0px; font-style: inherit; font-variant: inherit; font-weight: inherit; font-stretch: inherit; font-size: 0.9em; line-height: 1.2; font-optical-sizing: inherit; font-kerning: inherit; font-feature-settings: inherit; font-variation-settings: inherit; vertical-align: baseline; color: #666666;\">Rejane Ramos: \u201cEu sei, s\u00f3 de olhar a pessoa, qual \u00e9 a numera\u00e7\u00e3o que veste\u201d<\/figcaption><\/figure>\n<p style=\"box-sizing: border-box; margin: 0px 0px 1.1em; padding: 0px; border: 0px; font-style: inherit; font-variant: inherit; font-stretch: inherit; line-height: 2; font-optical-sizing: inherit; font-kerning: inherit; font-feature-settings: inherit; font-variation-settings: inherit; vertical-align: baseline;\"><span style=\"box-sizing: border-box; margin: 0px; padding: 0px; border: 0px; font-style: inherit; font-variant: inherit; font-stretch: inherit; font-size: inherit; line-height: inherit; font-optical-sizing: inherit; font-kerning: inherit; font-feature-settings: inherit; font-variation-settings: inherit; vertical-align: baseline;\">Saias, cal\u00e7as, vestidos, sapatos, acess\u00f3rios est\u00e3o expostos em araras dentro do Caps do Parano\u00e1. As pe\u00e7as comp\u00f5em o cen\u00e1rio das 8h \u00e0s 16h, de segunda a sexta. Entre as roupas, Rejane Ramos, 48, apresenta o mostru\u00e1rio e garimpa os estilos. \u201cEu sei, s\u00f3 de olhar a pessoa, qual \u00e9 a numera\u00e7\u00e3o que veste\u201d, vangloria-se.<\/span><\/p>\n<p style=\"box-sizing: border-box; margin: 0px 0px 1.1em; padding: 0px; border: 0px; font-style: inherit; font-variant: inherit; font-stretch: inherit; line-height: 2; font-optical-sizing: inherit; font-kerning: inherit; font-feature-settings: inherit; font-variation-settings: inherit; vertical-align: baseline;\"><span style=\"box-sizing: border-box; margin: 0px; padding: 0px; border: 0px; font-style: inherit; font-variant: inherit; font-stretch: inherit; font-size: inherit; line-height: inherit; font-optical-sizing: inherit; font-kerning: inherit; font-feature-settings: inherit; font-variation-settings: inherit; vertical-align: baseline;\">Ela \u00e9 uma das nove frequentadoras do Caps que trabalham no Bazar da Juh. O nome \u00e9 em homenagem \u00e0 psic\u00f3loga Juliana Pacheco, que faleceu em 2020. \u201cChega uma roupa de doa\u00e7\u00e3o, a gente passa, prega um bot\u00e3o, organiza e vende\u201d, explica. A equipe tamb\u00e9m participa de feiras e eventos com a venda do mostru\u00e1rio. Do total arrecadado, 90% \u00e9 dividido igualmente entre as usu\u00e1rias. O restante \u00e9 reinvestido no bazar em compra de tecidos, apoio em eventos, alimenta\u00e7\u00e3o, transporte e outras atividades.\u00a0<\/span><\/p>\n<p style=\"box-sizing: border-box; margin: 0px 0px 1.1em; padding: 0px; border: 0px; font-style: inherit; font-variant: inherit; font-stretch: inherit; line-height: 2; font-optical-sizing: inherit; font-kerning: inherit; font-feature-settings: inherit; font-variation-settings: inherit; vertical-align: baseline;\"><span style=\"box-sizing: border-box; margin: 0px; padding: 0px; border: 0px; font-style: inherit; font-variant: inherit; font-stretch: inherit; font-size: inherit; line-height: inherit; font-optical-sizing: inherit; font-kerning: inherit; font-feature-settings: inherit; font-variation-settings: inherit; vertical-align: baseline;\">O espa\u00e7o permite aos pacientes do Caps uma escala de trabalho mais flex\u00edvel, em que cada um vai apenas um dia na semana. \u201cAlguns usu\u00e1rios n\u00e3o est\u00e3o aptos a trabalhar com uma escala r\u00edgida, mas no bazar t\u00eam a chance de exercer uma atividade e ter um complemento de renda\u201d, afirma o profissional respons\u00e1vel pela atividade, o assistente social Get\u00falio Alves.<\/span><\/p>\n<p style=\"box-sizing: border-box; margin: 0px 0px 1.1em; padding: 0px; border: 0px; font-style: inherit; font-variant: inherit; font-stretch: inherit; line-height: 2; font-optical-sizing: inherit; font-kerning: inherit; font-feature-settings: inherit; font-variation-settings: inherit; vertical-align: baseline;\"><span style=\"box-sizing: border-box; margin: 0px; padding: 0px; border: 0px; font-style: inherit; font-variant: inherit; font-stretch: inherit; font-size: inherit; line-height: inherit; font-optical-sizing: inherit; font-kerning: inherit; font-feature-settings: inherit; font-variation-settings: inherit; vertical-align: baseline;\">\u00c9 poss\u00edvel ver as pe\u00e7as em exposi\u00e7\u00e3o pelo perfil no instagram\u00a0<a style=\"box-sizing: border-box; margin: 0px; padding: 0px; border: 0px; font-style: inherit; font-variant: inherit; font-weight: inherit; font-stretch: inherit; font-size: inherit; line-height: inherit; font-optical-sizing: inherit; font-kerning: inherit; font-feature-settings: inherit; font-variation-settings: inherit; vertical-align: baseline; transition: all 0.1s ease-in-out 0s; color: #006bb5;\" href=\"http:\/\/bazardajuh.paranoa\/\" target=\"_blank\" rel=\"noopener noreferrer\">@bazardajuh.paranoa<\/a>. A equipe n\u00e3o faz entregas, mas os interessados podem reservar algum produto para buscar no local. Doa\u00e7\u00f5es tamb\u00e9m s\u00e3o bem-vindas.<\/span><\/p>\n<figure id=\"attachment_472085\" class=\"wp-caption alignleft\" style=\"box-sizing: border-box; margin: 0px 0px 1.6em; padding: 0px; border: 0px; font-style: inherit; font-variant: inherit; font-weight: inherit; font-stretch: inherit; font-size: inherit; line-height: inherit; font-optical-sizing: inherit; font-kerning: inherit; font-feature-settings: inherit; font-variation-settings: inherit; vertical-align: baseline; width: 531px; float: left; max-width: 100%;\"><img loading=\"lazy\" decoding=\"async\" class=\" wp-image-472085\" style=\"box-sizing: border-box; height: auto; max-width: 100%; margin: 0px 0px 0.3em; padding: 0px; border: 0px; font-style: inherit; font-variant: inherit; font-weight: inherit; font-stretch: inherit; font-size: inherit; line-height: inherit; font-optical-sizing: inherit; font-kerning: inherit; font-feature-settings: inherit; font-variation-settings: inherit; vertical-align: baseline;\" src=\"http:\/\/agenciabrasilia.df.gov.br\/wp-conteudo\/uploads\/2023\/02\/2.2.-Caps-Paranoa.-Foto-Divulgacao-Agencia-Saude-Darlly-Ferreira.jpg\" sizes=\"auto, (max-width: 531px) 100vw, 531px\" srcset=\"https:\/\/www.agenciabrasilia.df.gov.br\/wp-conteudo\/uploads\/2023\/02\/2.2.-Caps-Paranoa.-Foto-Divulgacao-Agencia-Saude-Darlly-Ferreira.jpg 1920w, https:\/\/www.agenciabrasilia.df.gov.br\/wp-conteudo\/uploads\/2023\/02\/2.2.-Caps-Paranoa.-Foto-Divulgacao-Agencia-Saude-Darlly-Ferreira-300x190.jpg 300w, https:\/\/www.agenciabrasilia.df.gov.br\/wp-conteudo\/uploads\/2023\/02\/2.2.-Caps-Paranoa.-Foto-Divulgacao-Agencia-Saude-Darlly-Ferreira-1024x647.jpg 1024w, https:\/\/www.agenciabrasilia.df.gov.br\/wp-conteudo\/uploads\/2023\/02\/2.2.-Caps-Paranoa.-Foto-Divulgacao-Agencia-Saude-Darlly-Ferreira-768x485.jpg 768w, https:\/\/www.agenciabrasilia.df.gov.br\/wp-conteudo\/uploads\/2023\/02\/2.2.-Caps-Paranoa.-Foto-Divulgacao-Agencia-Saude-Darlly-Ferreira-1536x970.jpg 1536w\" alt=\"\" width=\"531\" height=\"335\" \/><figcaption id=\"caption-attachment-472085\" class=\"wp-caption-text\" style=\"box-sizing: border-box; margin: 5px 0px 0px; padding: 0px; border: 0px; font-style: inherit; font-variant: inherit; font-weight: inherit; font-stretch: inherit; font-size: 0.9em; line-height: 1.2; font-optical-sizing: inherit; font-kerning: inherit; font-feature-settings: inherit; font-variation-settings: inherit; vertical-align: baseline; color: #666666;\">Darlly Ferreira se encontrou na oficina de m\u00fasica: \u201cFui fazendo coisas para me inserir na sociedade\u201d<\/figcaption><\/figure>\n<p style=\"box-sizing: border-box; margin: 0px 0px 1.1em; padding: 0px; border: 0px; font-style: inherit; font-variant: inherit; font-stretch: inherit; line-height: 2; font-optical-sizing: inherit; font-kerning: inherit; font-feature-settings: inherit; font-variation-settings: inherit; vertical-align: baseline;\"><span style=\"box-sizing: border-box; margin: 0px; padding: 0px; border: 0px; font-style: inherit; font-variant: inherit; font-weight: bold; font-stretch: inherit; font-size: inherit; line-height: inherit; font-optical-sizing: inherit; font-kerning: inherit; font-feature-settings: inherit; font-variation-settings: inherit; vertical-align: baseline;\">M\u00fasica<\/span><\/p>\n<p style=\"box-sizing: border-box; margin: 0px 0px 1.1em; padding: 0px; border: 0px; font-style: inherit; font-variant: inherit; font-stretch: inherit; line-height: 2; font-optical-sizing: inherit; font-kerning: inherit; font-feature-settings: inherit; font-variation-settings: inherit; vertical-align: baseline;\"><span style=\"box-sizing: border-box; margin: 0px; padding: 0px; border: 0px; font-style: inherit; font-variant: inherit; font-stretch: inherit; font-size: inherit; line-height: inherit; font-optical-sizing: inherit; font-kerning: inherit; font-feature-settings: inherit; font-variation-settings: inherit; vertical-align: baseline;\">A m\u00e3o bate no tambor, o corpo dan\u00e7a, a voz vibra e a pele arrepia. Maria do Ros\u00e1rio dos Santos, 60, canta um samba. Ela est\u00e1 se preparando para a apresenta\u00e7\u00e3o no Carnaval com a banda Maluco Voador, no bloco do Rivotrio. Quem v\u00ea sua espontaneidade no palco nem imagina que o primeiro surto de Ros\u00e1rio ocorreu quando ela tinha 8 anos. \u201cNaquela \u00e9poca n\u00e3o se falava sobre sa\u00fade mental, tudo era frescura\u201d, lembra.<\/span><\/p>\n<p style=\"box-sizing: border-box; margin: 0px 0px 1.1em; padding: 0px; border: 0px; font-style: inherit; font-variant: inherit; font-stretch: inherit; line-height: 2; font-optical-sizing: inherit; font-kerning: inherit; font-feature-settings: inherit; font-variation-settings: inherit; vertical-align: baseline;\"><span style=\"box-sizing: border-box; margin: 0px; padding: 0px; border: 0px; font-style: inherit; font-variant: inherit; font-stretch: inherit; font-size: inherit; line-height: inherit; font-optical-sizing: inherit; font-kerning: inherit; font-feature-settings: inherit; font-variation-settings: inherit; vertical-align: baseline;\">De todas as iniciativas para acompanhamento em 52 anos, Ros\u00e1rio conclui\u00a0 que o Caps \u00e9 a melhor. Desde o in\u00edcio do grupo musical, em 2012, ela participa assiduamente. \u201cQuando cheguei, n\u00e3o andava de \u00f4nibus, tinha medo de tudo, e em 2016 fui representar o grupo em Cuiab\u00e1 [MT] para ganhar um pr\u00eamio\u201d. Na ocasi\u00e3o, o projeto foi o vencedor nacional na categoria Educa\u00e7\u00e3o Popular e Sa\u00fade.<\/span><\/p>\n<p style=\"box-sizing: border-box; margin: 0px 0px 1.1em; padding: 0px; border: 0px; font-style: inherit; font-variant: inherit; font-stretch: inherit; line-height: 2; font-optical-sizing: inherit; font-kerning: inherit; font-feature-settings: inherit; font-variation-settings: inherit; vertical-align: baseline;\"><span style=\"box-sizing: border-box; margin: 0px; padding: 0px; border: 0px; font-style: inherit; font-variant: inherit; font-stretch: inherit; font-size: inherit; line-height: inherit; font-optical-sizing: inherit; font-kerning: inherit; font-feature-settings: inherit; font-variation-settings: inherit; vertical-align: baseline;\">Assim como Ros\u00e1rio, Darlly Ferreira, 37, \u00e9 vocalista da banda. Ela se empolga com o forr\u00f3 e conta que o pai \u00e9 m\u00fasico. Participar da oficina, revela, foi uma das atividades que a ajudaram a se socializar com as pessoas. \u201cFui fazendo coisas para me inserir na sociedade\u201d, aponta. Com o grupo, Darlly j\u00e1 se apresentou em centros de conven\u00e7\u00f5es, teatro e festas, entre outros eventos. \u201cUma vez cantei numa festa aqui no Parano\u00e1, toda minha fam\u00edlia foi e ficavam gritando \u2018gostosa!\u2019\u201d, diverte-se.<\/span><\/p>\n<div class=\"relacionadas text-uppercase  direita\" style=\"box-sizing: border-box; margin: 0px -70px 20px 30px; padding: 0px; border: 0px; font-style: inherit; font-variant: inherit; font-weight: inherit; font-stretch: inherit; font-size: inherit; line-height: inherit; font-optical-sizing: inherit; font-kerning: inherit; font-feature-settings: inherit; font-variation-settings: inherit; vertical-align: baseline; float: right; width: 330px; background-image: initial; background-position: initial; background-size: initial; background-repeat: initial; background-attachment: initial; background-origin: initial; background-clip: initial; position: relative;\">\n<p style=\"box-sizing: border-box; margin: 0px; padding: 0.2em 0.3em 0.1em; border: 0px; font-style: inherit; font-variant: inherit; font-stretch: inherit; font-size: 13px; line-height: 2; font-optical-sizing: inherit; font-kerning: inherit; font-feature-settings: inherit; font-variation-settings: inherit; vertical-align: baseline; font-family: 'Titillium Web', sans-serif; color: #1dbab4; background-color: #006bb5 !important; display: inline-block !important;\"><span style=\"box-sizing: border-box; margin: 0px; padding: 0px; border: 0px; font-style: inherit; font-variant: inherit; font-weight: inherit; font-stretch: inherit; font-size: inherit; line-height: inherit; font-optical-sizing: inherit; font-kerning: inherit; font-feature-settings: inherit; font-variation-settings: inherit; vertical-align: baseline; font-family: Regular, sans-serif;\">Leia tamb\u00e9m<\/span><\/p>\n<div class=\"relacionadas__post-leia-tambem bold clearfix\" style=\"box-sizing: border-box; margin: 0px; padding: 8px; border-width: 1px 0px; border-image: initial; font-style: inherit; font-variant: inherit; font-weight: inherit; font-stretch: inherit; font-size: inherit; line-height: inherit; font-optical-sizing: inherit; font-kerning: inherit; font-feature-settings: inherit; font-variation-settings: inherit; vertical-align: baseline; display: table; width: 330px; border-color: #c1c2c4 initial #c1c2c4 initial; border-style: solid initial solid initial;\">\n<div class=\"relacionadas__thumb\" style=\"box-sizing: border-box; margin: 0px; padding: 0px; border: 0px; font-style: inherit; font-variant: inherit; font-weight: inherit; font-stretch: inherit; font-size: inherit; line-height: inherit; font-optical-sizing: inherit; font-kerning: inherit; font-feature-settings: inherit; font-variation-settings: inherit; vertical-align: baseline;\"><img loading=\"lazy\" decoding=\"async\" class=\"attachment-thumbnail size-thumbnail wp-post-image\" style=\"box-sizing: border-box; margin: 11px 10px 0px 0px; padding: 0px; border: 0px; font-style: inherit; font-variant: inherit; font-weight: inherit; font-stretch: inherit; font-size: inherit; line-height: inherit; font-optical-sizing: inherit; font-kerning: inherit; font-feature-settings: inherit; font-variation-settings: inherit; vertical-align: baseline; max-width: 100%; height: auto; width: auto; float: left;\" src=\"https:\/\/www.agenciabrasilia.df.gov.br\/wp-conteudo\/uploads\/2023\/01\/CAPS-Foto-Geovana-Albuquerque-Arquivo-Agencia-Saude-1-1-150x150.jpg\" alt=\"\" width=\"150\" height=\"150\" \/><\/div>\n<div class=\"clearfix relacionadas__texto\" style=\"box-sizing: border-box; margin: 0px; padding: 0px; border: 0px; font-style: inherit; font-variant: inherit; font-weight: inherit; font-stretch: inherit; font-size: inherit; line-height: inherit; font-optical-sizing: inherit; font-kerning: inherit; font-feature-settings: inherit; font-variation-settings: inherit; vertical-align: middle; display: table-cell;\">\n<p style=\"box-sizing: border-box; margin: 0px 0px 1.1em; padding: 0px; border: 0px; font-style: inherit; font-variant: inherit; font-stretch: inherit; line-height: 2; font-optical-sizing: inherit; font-kerning: inherit; font-feature-settings: inherit; font-variation-settings: inherit; vertical-align: baseline; font-family: 'Titillium Web', sans-serif; display: inline; color: #387abc;\"><span style=\"box-sizing: border-box; margin: 0px; padding: 0px; border: 0px; font-style: inherit; font-variant: inherit; font-weight: inherit; font-stretch: inherit; font-size: inherit; line-height: inherit; font-optical-sizing: inherit; font-kerning: inherit; font-feature-settings: inherit; font-variation-settings: inherit; vertical-align: baseline; font-family: Regular, sans-serif;\">Servi\u00e7os de sa\u00fade mental superam 355 mil atendimentos em dois anos<\/span><\/p>\n<\/div>\n<\/div>\n<div class=\"relacionadas__post-leia-tambem bold clearfix\" style=\"box-sizing: border-box; margin: 0px; padding: 8px; border-width: 0px 0px 1px; border-image: initial; font-style: inherit; font-variant: inherit; font-weight: inherit; font-stretch: inherit; font-size: inherit; line-height: inherit; font-optical-sizing: inherit; font-kerning: inherit; font-feature-settings: inherit; font-variation-settings: inherit; vertical-align: baseline; display: table; width: 330px; border-color: initial initial #c1c2c4 initial; border-style: initial initial solid initial;\">\n<div class=\"relacionadas__thumb\" style=\"box-sizing: border-box; margin: 0px; padding: 0px; border: 0px; font-style: inherit; font-variant: inherit; font-weight: inherit; font-stretch: inherit; font-size: inherit; line-height: inherit; font-optical-sizing: inherit; font-kerning: inherit; font-feature-settings: inherit; font-variation-settings: inherit; vertical-align: baseline;\"><img loading=\"lazy\" decoding=\"async\" class=\"attachment-thumbnail size-thumbnail wp-post-image\" style=\"box-sizing: border-box; margin: 11px 10px 0px 0px; padding: 0px; border: 0px; font-style: inherit; font-variant: inherit; font-weight: inherit; font-stretch: inherit; font-size: inherit; line-height: inherit; font-optical-sizing: inherit; font-kerning: inherit; font-feature-settings: inherit; font-variation-settings: inherit; vertical-align: baseline; max-width: 100%; height: auto; width: auto; float: left;\" src=\"https:\/\/www.agenciabrasilia.df.gov.br\/wp-conteudo\/uploads\/2022\/12\/Capa-18-150x150.jpg\" alt=\"\" width=\"150\" height=\"150\" \/><\/div>\n<div class=\"clearfix relacionadas__texto\" style=\"box-sizing: border-box; margin: 0px; padding: 0px; border: 0px; font-style: inherit; font-variant: inherit; font-weight: inherit; font-stretch: inherit; font-size: inherit; line-height: inherit; font-optical-sizing: inherit; font-kerning: inherit; font-feature-settings: inherit; font-variation-settings: inherit; vertical-align: middle; display: table-cell;\">\n<p style=\"box-sizing: border-box; margin: 0px 0px 1.1em; padding: 0px; border: 0px; font-style: inherit; font-variant: inherit; font-stretch: inherit; line-height: 2; font-optical-sizing: inherit; font-kerning: inherit; font-feature-settings: inherit; font-variation-settings: inherit; vertical-align: baseline; font-family: 'Titillium Web', sans-serif; display: inline; color: #387abc;\"><span style=\"box-sizing: border-box; margin: 0px; padding: 0px; border: 0px; font-style: inherit; font-variant: inherit; font-weight: inherit; font-stretch: inherit; font-size: inherit; line-height: inherit; font-optical-sizing: inherit; font-kerning: inherit; font-feature-settings: inherit; font-variation-settings: inherit; vertical-align: baseline; font-family: Regular, sans-serif;\">Mais 4 hospitais, 16 Cras e 5 restaurantes comunit\u00e1rios no segundo mandato<\/span><\/p>\n<\/div>\n<\/div>\n<\/div>\n<p style=\"box-sizing: border-box; margin: 0px 0px 1.1em; padding: 0px; border: 0px; font-style: inherit; font-variant: inherit; font-stretch: inherit; line-height: 2; font-optical-sizing: inherit; font-kerning: inherit; font-feature-settings: inherit; font-variation-settings: inherit; vertical-align: baseline;\"><span style=\"box-sizing: border-box; margin: 0px; padding: 0px; border: 0px; font-style: inherit; font-variant: inherit; font-stretch: inherit; font-size: inherit; line-height: inherit; font-optical-sizing: inherit; font-kerning: inherit; font-feature-settings: inherit; font-variation-settings: inherit; vertical-align: baseline;\">A atividade foi idealizada pelo psic\u00f3logo Filipe Willadino Braga, quando ainda era estagi\u00e1rio no Caps do Parano\u00e1. Atualmente ele segue \u00e0 frente do projeto e tamb\u00e9m \u00e9 tutor do Programa de Sa\u00fade Mental do Adulto da Escola Superior de Ci\u00eancias da Sa\u00fade (Escs). \u201cA gente trabalha a m\u00fasica como ferramenta de educa\u00e7\u00e3o popular\u201d, explica o profissional.<\/span><\/p>\n<p style=\"box-sizing: border-box; margin: 0px 0px 1.1em; padding: 0px; border: 0px; font-style: inherit; font-variant: inherit; font-stretch: inherit; line-height: 2; font-optical-sizing: inherit; font-kerning: inherit; font-feature-settings: inherit; font-variation-settings: inherit; vertical-align: baseline;\"><span style=\"box-sizing: border-box; margin: 0px; padding: 0px; border: 0px; font-style: inherit; font-variant: inherit; font-stretch: inherit; font-size: inherit; line-height: inherit; font-optical-sizing: inherit; font-kerning: inherit; font-feature-settings: inherit; font-variation-settings: inherit; vertical-align: baseline;\">Ele lembra que h\u00e1 troca de saberes entre os integrantes. \u201cAt\u00e9 ter uma crise, a pessoa \u00e9 considerada \u2018normal\u2019\u201d, ilustra. Braga conta que muitas vezes esse \u00e9 o \u00fanico momento de distra\u00e7\u00e3o de muitos. O grupo musical \u00e9 aberto ao p\u00fablico em geral. \u00c9 poss\u00edvel acompanhar as novidades pelo instagram\u00a0\u00a0<a style=\"box-sizing: border-box; margin: 0px; padding: 0px; border: 0px; font-style: inherit; font-variant: inherit; font-weight: inherit; font-stretch: inherit; font-size: inherit; line-height: inherit; font-optical-sizing: inherit; font-kerning: inherit; font-feature-settings: inherit; font-variation-settings: inherit; vertical-align: baseline; transition: all 0.1s ease-in-out 0s; color: #006bb5;\" href=\"http:\/\/omalucovoador.\/\" target=\"_blank\" rel=\"noopener noreferrer\">@omalucovoador.\u00a0<\/a><\/span><\/p>\n<figure id=\"attachment_472080\" class=\"wp-caption alignleft\" style=\"box-sizing: border-box; margin: 0px 0px 1.6em; padding: 0px; border: 0px; font-style: inherit; font-variant: inherit; font-weight: inherit; font-stretch: inherit; font-size: inherit; line-height: inherit; font-optical-sizing: inherit; font-kerning: inherit; font-feature-settings: inherit; font-variation-settings: inherit; vertical-align: baseline; width: 512px; float: left; max-width: 100%;\"><img loading=\"lazy\" decoding=\"async\" class=\" wp-image-472080\" style=\"box-sizing: border-box; height: auto; max-width: 100%; margin: 0px 0px 0.3em; padding: 0px; border: 0px; font-style: inherit; font-variant: inherit; font-weight: inherit; font-stretch: inherit; font-size: inherit; line-height: inherit; font-optical-sizing: inherit; font-kerning: inherit; font-feature-settings: inherit; font-variation-settings: inherit; vertical-align: baseline;\" src=\"http:\/\/agenciabrasilia.df.gov.br\/wp-conteudo\/uploads\/2023\/02\/2.2.-Caps-Paranoa.-Foto-Divulgacao-Agencia-Saude4-1.jpg\" sizes=\"auto, (max-width: 512px) 100vw, 512px\" srcset=\"https:\/\/www.agenciabrasilia.df.gov.br\/wp-conteudo\/uploads\/2023\/02\/2.2.-Caps-Paranoa.-Foto-Divulgacao-Agencia-Saude4-1.jpg 1920w, https:\/\/www.agenciabrasilia.df.gov.br\/wp-conteudo\/uploads\/2023\/02\/2.2.-Caps-Paranoa.-Foto-Divulgacao-Agencia-Saude4-1-300x200.jpg 300w, https:\/\/www.agenciabrasilia.df.gov.br\/wp-conteudo\/uploads\/2023\/02\/2.2.-Caps-Paranoa.-Foto-Divulgacao-Agencia-Saude4-1-1024x683.jpg 1024w, https:\/\/www.agenciabrasilia.df.gov.br\/wp-conteudo\/uploads\/2023\/02\/2.2.-Caps-Paranoa.-Foto-Divulgacao-Agencia-Saude4-1-768x512.jpg 768w, https:\/\/www.agenciabrasilia.df.gov.br\/wp-conteudo\/uploads\/2023\/02\/2.2.-Caps-Paranoa.-Foto-Divulgacao-Agencia-Saude4-1-1536x1024.jpg 1536w\" alt=\"\" width=\"512\" height=\"341\" \/><figcaption id=\"caption-attachment-472080\" class=\"wp-caption-text\" style=\"box-sizing: border-box; margin: 5px 0px 0px; padding: 0px; border: 0px; font-style: inherit; font-variant: inherit; font-weight: inherit; font-stretch: inherit; font-size: 0.9em; line-height: 1.2; font-optical-sizing: inherit; font-kerning: inherit; font-feature-settings: inherit; font-variation-settings: inherit; vertical-align: baseline; color: #666666;\">Oficinas teatrais tamb\u00e9m s\u00e3o ofertadas na unidade de atendimento<\/figcaption><\/figure>\n<p style=\"box-sizing: border-box; margin: 0px 0px 1.1em; padding: 0px; border: 0px; font-style: inherit; font-variant: inherit; font-stretch: inherit; line-height: 2; font-optical-sizing: inherit; font-kerning: inherit; font-feature-settings: inherit; font-variation-settings: inherit; vertical-align: baseline;\"><span style=\"box-sizing: border-box; margin: 0px; padding: 0px; border: 0px; font-style: inherit; font-variant: inherit; font-weight: bold; font-stretch: inherit; font-size: inherit; line-height: inherit; font-optical-sizing: inherit; font-kerning: inherit; font-feature-settings: inherit; font-variation-settings: inherit; vertical-align: baseline;\">Teatro<\/span><\/p>\n<p style=\"box-sizing: border-box; margin: 0px 0px 1.1em; padding: 0px; border: 0px; font-style: inherit; font-variant: inherit; font-stretch: inherit; line-height: 2; font-optical-sizing: inherit; font-kerning: inherit; font-feature-settings: inherit; font-variation-settings: inherit; vertical-align: baseline;\"><span style=\"box-sizing: border-box; margin: 0px; padding: 0px; border: 0px; font-style: inherit; font-variant: inherit; font-stretch: inherit; font-size: inherit; line-height: inherit; font-optical-sizing: inherit; font-kerning: inherit; font-feature-settings: inherit; font-variation-settings: inherit; vertical-align: baseline;\">\u00c0s sextas-feiras, Paulo C\u00e9sar Oliveira, 57, sai da rotina dos outros dias da semana. \u00c0s 14h, ele n\u00e3o est\u00e1 em casa como de costume, mas na oficina de teatro no Caps. A atividade para ele \u00e9 uma terapia e uma forma de manter contato com palco e atra\u00e7\u00f5es art\u00edsticas. \u201cA arte \u00e9 importante porque nela todo mundo sofre e as pessoas se distraem do sofrimento\u201d, resume. Paulo relata que, quando jovem, foi montador de palco de shows de rock de bandas como Legi\u00e3o Urbana.<\/span><\/p>\n<p style=\"box-sizing: border-box; margin: 0px 0px 1.1em; padding: 0px; border: 0px; font-style: inherit; font-variant: inherit; font-stretch: inherit; line-height: 2; font-optical-sizing: inherit; font-kerning: inherit; font-feature-settings: inherit; font-variation-settings: inherit; vertical-align: baseline;\"><span style=\"box-sizing: border-box; margin: 0px; padding: 0px; border: 0px; font-style: inherit; font-variant: inherit; font-stretch: inherit; font-size: inherit; line-height: inherit; font-optical-sizing: inherit; font-kerning: inherit; font-feature-settings: inherit; font-variation-settings: inherit; vertical-align: baseline;\">Na companhia de teatro Atravessa a Porta, Paulo j\u00e1 atuou e apresentou textos autorais. As oficinas t\u00eam feito a diferen\u00e7a para a vida do homem, que mora com a tia. \u201cVoc\u00ea se considera muito normal e de repente descobre alguma coisa; n\u00e3o caiu a ficha, sabe, nunca cai a ficha\u201d, diz. Frequentador, ator e montador de palcos, ele tamb\u00e9m ajuda a elaborar roteiros.<\/span><\/p>\n<p style=\"box-sizing: border-box; margin: 0px 0px 1.1em; padding: 0px; border: 0px; font-style: inherit; font-variant: inherit; font-stretch: inherit; line-height: 2; font-optical-sizing: inherit; font-kerning: inherit; font-feature-settings: inherit; font-variation-settings: inherit; vertical-align: baseline;\"><span style=\"box-sizing: border-box; margin: 0px; padding: 0px; border: 0px; font-style: inherit; font-variant: inherit; font-stretch: inherit; font-size: inherit; line-height: inherit; font-optical-sizing: inherit; font-kerning: inherit; font-feature-settings: inherit; font-variation-settings: inherit; vertical-align: baseline;\">\u201cA gente tem uma preocupa\u00e7\u00e3o de que as coisas n\u00e3o sejam infantilizantes\u201d, afirma a coordenadora do projeto, a psic\u00f3loga Amanda Oliveira. Construir roteiros e produ\u00e7\u00f5es em que sejam os participantes os protagonistas \u00e9 uma das formas de incluir uma vis\u00e3o e experi\u00eancia \u00fanicas sobre os temas abordados. A companhia existe desde 2012 e atualmente trabalha com a edi\u00e7\u00e3o do longa\u00a0<\/span><i style=\"box-sizing: border-box; margin: 0px; padding: 0px; border: 0px; font-variant: inherit; font-stretch: inherit; font-size: inherit; line-height: inherit; font-optical-sizing: inherit; font-kerning: inherit; font-feature-settings: inherit; font-variation-settings: inherit; vertical-align: baseline;\">Capsianes<\/i><span style=\"box-sizing: border-box; margin: 0px; padding: 0px; border: 0px; font-style: inherit; font-variant: inherit; font-stretch: inherit; font-size: inherit; line-height: inherit; font-optical-sizing: inherit; font-kerning: inherit; font-feature-settings: inherit; font-variation-settings: inherit; vertical-align: baseline;\">. O objetivo \u00e9 fortalecer o cuidado em sa\u00fade mental.<\/span><\/p>\n<p style=\"box-sizing: border-box; margin: 0px 0px 1.1em; padding: 0px; border: 0px; font-style: inherit; font-variant: inherit; font-stretch: inherit; line-height: 2; font-optical-sizing: inherit; font-kerning: inherit; font-feature-settings: inherit; font-variation-settings: inherit; vertical-align: baseline;\"><span style=\"box-sizing: border-box; margin: 0px; padding: 0px; border: 0px; font-style: inherit; font-variant: inherit; font-stretch: inherit; font-size: inherit; line-height: inherit; font-optical-sizing: inherit; font-kerning: inherit; font-feature-settings: inherit; font-variation-settings: inherit; vertical-align: baseline;\">Conhe\u00e7a\u00a0<a style=\"box-sizing: border-box; margin: 0px; padding: 0px; border: 0px; font-style: inherit; font-variant: inherit; font-weight: inherit; font-stretch: inherit; font-size: inherit; line-height: inherit; font-optical-sizing: inherit; font-kerning: inherit; font-feature-settings: inherit; font-variation-settings: inherit; vertical-align: baseline; transition: all 0.1s ease-in-out 0s; color: #006bb5;\" href=\"https:\/\/atravessaaporta.com\/\" target=\"_blank\" rel=\"noopener noreferrer\">o site do grupo<\/a>.\u00a0<\/span>\u00a0<span style=\"box-sizing: border-box; margin: 0px; padding: 0px; border: 0px; font-style: inherit; font-variant: inherit; font-stretch: inherit; font-size: inherit; line-height: inherit; font-optical-sizing: inherit; font-kerning: inherit; font-feature-settings: inherit; font-variation-settings: inherit; vertical-align: baseline;\">Tamb\u00e9m \u00e9 poss\u00edvel acompanhar as novidades da companhia pelo instagram \u00a0<a style=\"box-sizing: border-box; margin: 0px; padding: 0px; border: 0px; font-style: inherit; font-variant: inherit; font-weight: inherit; font-stretch: inherit; font-size: inherit; line-height: inherit; font-optical-sizing: inherit; font-kerning: inherit; font-feature-settings: inherit; font-variation-settings: inherit; vertical-align: baseline; transition: all 0.1s ease-in-out 0s; color: #006bb5;\" href=\"http:\/\/atravessaaporta\/\" target=\"_blank\" rel=\"noopener noreferrer\">@atravessaaporta<\/a>.\u00a0<\/span><\/p>\n<p style=\"box-sizing: border-box; margin: 0px 0px 1.1em; padding: 0px; border: 0px; font-style: inherit; font-variant: inherit; font-stretch: inherit; line-height: 2; font-optical-sizing: inherit; font-kerning: inherit; font-feature-settings: inherit; font-variation-settings: inherit; vertical-align: baseline;\"><span style=\"box-sizing: border-box; margin: 0px; padding: 0px; border: 0px; font-style: inherit; font-variant: inherit; font-stretch: inherit; font-size: inherit; line-height: inherit; font-optical-sizing: inherit; font-kerning: inherit; font-feature-settings: inherit; font-variation-settings: inherit; vertical-align: baseline;\">As unidades do Caps s\u00e3o abertas e atendem pessoas com sofrimento mental grave. Isso significa que a assist\u00eancia ocorre por demanda espont\u00e2nea ou via encaminhamento de outros setores da rede de sa\u00fade ou da rede intersetorial.<\/span><span style=\"box-sizing: border-box; margin: 0px; padding: 0px; border: 0px; font-style: inherit; font-variant: inherit; font-stretch: inherit; font-size: inherit; line-height: inherit; font-optical-sizing: inherit; font-kerning: inherit; font-feature-settings: inherit; font-variation-settings: inherit; vertical-align: baseline;\"><br style=\"box-sizing: border-box;\" \/><\/span><span style=\"box-sizing: border-box; margin: 0px; padding: 0px; border: 0px; font-style: inherit; font-variant: inherit; font-stretch: inherit; font-size: inherit; line-height: inherit; font-optical-sizing: inherit; font-kerning: inherit; font-feature-settings: inherit; font-variation-settings: inherit; vertical-align: baseline;\"><br style=\"box-sizing: border-box;\" \/><\/span><span style=\"box-sizing: border-box; margin: 0px; padding: 0px; border: 0px; font-style: inherit; font-variant: inherit; font-stretch: inherit; font-size: inherit; line-height: inherit; font-optical-sizing: inherit; font-kerning: inherit; font-feature-settings: inherit; font-variation-settings: inherit; vertical-align: baseline;\">Para ser atendido, o cidad\u00e3o pode ir por conta pr\u00f3pria a alguma das 18 unidades da rede portando documento oficial de identifica\u00e7\u00e3o com foto, cart\u00e3o do SUS e, se poss\u00edvel, comprovante de resid\u00eancia. Pessoas em situa\u00e7\u00e3o de rua n\u00e3o precisam apresentar nenhum tipo de documenta\u00e7\u00e3o.<\/span><\/p>\n<p style=\"box-sizing: border-box; margin: 0px 0px 1.1em; padding: 0px; border: 0px; font-style: inherit; font-variant: inherit; font-stretch: inherit; line-height: 2; font-optical-sizing: inherit; font-kerning: inherit; font-feature-settings: inherit; font-variation-settings: inherit; vertical-align: baseline;\">*<em style=\"box-sizing: border-box; margin: 0px; padding: 0px; border: 0px; font-variant: inherit; font-stretch: inherit; font-size: inherit; line-height: inherit; font-optical-sizing: inherit; font-kerning: inherit; font-feature-settings: inherit; font-variation-settings: inherit; vertical-align: baseline;\">Com informa\u00e7\u00f5es da Secretaria de Sa\u00fade<\/em><\/p>\n<\/article>\n","protected":false},"excerpt":{"rendered":"<header style=\"box-sizing: border-box; margin: 0px auto 3em; padding: 0px; border-width: 0px 0px 2px; border-image: initial; font-variant-numeric: inherit; font-variant-east-asian: inherit; font-variant-alternates: inherit; font-stretch: inherit; font-size: 18px; line-height: inherit; font-optical-sizing: inherit; font-kerning: inherit; font-feature-settings: inherit; font-variation-settings: inherit; vertical-align: baseline; font-family: Regular, sans-serif; max-width: 980px; color: #000000; border-color: initial initial #999999 initial; border-style: initial initial solid initial;\">\n<h1>Artesanato, bazar, e companhia de teatro completam as atividades oferecidas aos pacientes do Caps do Parano\u00e1<\/h1>\n<p>Ag\u00eancia Bras\u00edlia* | Edi\u00e7\u00e3o: Chico Neto<\/p>\n","protected":false},"author":3,"featured_media":0,"comment_status":"open","ping_status":"open","sticky":false,"template":"","format":"standard","meta":{"_monsterinsights_skip_tracking":false,"_monsterinsights_sitenote_active":false,"_monsterinsights_sitenote_note":"","_monsterinsights_sitenote_category":0,"footnotes":""},"categories":[34],"tags":[],"class_list":["post-780","post","type-post","status-publish","format-standard","hentry","category-destaque"],"_links":{"self":[{"href":"https:\/\/cidadecult.com.br\/index.php?rest_route=\/wp\/v2\/posts\/780","targetHints":{"allow":["GET"]}}],"collection":[{"href":"https:\/\/cidadecult.com.br\/index.php?rest_route=\/wp\/v2\/posts"}],"about":[{"href":"https:\/\/cidadecult.com.br\/index.php?rest_route=\/wp\/v2\/types\/post"}],"author":[{"embeddable":true,"href":"https:\/\/cidadecult.com.br\/index.php?rest_route=\/wp\/v2\/users\/3"}],"replies":[{"embeddable":true,"href":"https:\/\/cidadecult.com.br\/index.php?rest_route=%2Fwp%2Fv2%2Fcomments&post=780"}],"version-history":[{"count":0,"href":"https:\/\/cidadecult.com.br\/index.php?rest_route=\/wp\/v2\/posts\/780\/revisions"}],"wp:attachment":[{"href":"https:\/\/cidadecult.com.br\/index.php?rest_route=%2Fwp%2Fv2%2Fmedia&parent=780"}],"wp:term":[{"taxonomy":"category","embeddable":true,"href":"https:\/\/cidadecult.com.br\/index.php?rest_route=%2Fwp%2Fv2%2Fcategories&post=780"},{"taxonomy":"post_tag","embeddable":true,"href":"https:\/\/cidadecult.com.br\/index.php?rest_route=%2Fwp%2Fv2%2Ftags&post=780"}],"curies":[{"name":"wp","href":"https:\/\/api.w.org\/{rel}","templated":true}]}}